{"id":853,"date":"2026-09-05T19:45:48","date_gmt":"2026-09-05T17:45:48","guid":{"rendered":"https:\/\/www.nowa.swrodzina.org\/?p=853"},"modified":"2026-09-05T19:45:48","modified_gmt":"2026-09-05T17:45:48","slug":"ogloszenia-parafialne-23-niedziela-zwykla-2","status":"publish","type":"post","link":"https:\/\/www.nowa.swrodzina.org\/index.php\/2026\/09\/05\/ogloszenia-parafialne-23-niedziela-zwykla-2\/","title":{"rendered":"Og\u0142oszenia Parafialne 23. Niedziela zwyk\u0142a"},"content":{"rendered":"<ol class=\"wp-block-list\"><li>Dzisiaj celebrujemy 23. niedziel\u0119 zwyk\u0142\u0105 i pierwsz\u0105 niedziel\u0119 miesi\u0105ca wrze\u015bnia.<\/li>\n\n<li>W naszej wsp\u00f3lnocie parafialnej go\u015bcimy dzi\u015b bp. Jacka Jezierskiego kt\u00f3ry przeprowadza wizytacj\u0119 kanoniczn\u0105 w naszej parafii.<\/li><\/ol><ol start=\"3\" class=\"wp-block-list\"><li>Serdecznie dzi\u0119kujemy za ofiary sk\u0142adane na utrzymanie i funkcjonowanie Wy\u017cszego Seminarium Duchownego Diecezji Elbl\u0105skiej. W niedziel\u0119 tydzie\u0144 temu z\u0142o\u017cono na ten cel 2 395 z\u0142.<\/li>\n\n<li>Od dzisiaj, po okresie wakacyjnym, powraca niedzielna Msza \u015bwi\u0119ta o godzinie 18.00. i wznawiamy wydawanie biuletynu parafialnego<\/li>\n\n<li>W zakrystii mo\u017cna pobra\u0107 karty zg\u0142oszeniowe dla dzieci, kt\u00f3re w roku 2027 przyst\u0105pi\u0105 do pierwszej Spowiedzi i Komunii \u015awi\u0119tej. Wype\u0142nione karty prosimy odda\u0107 do kancelarii parafialnej lub zakrystii do ko\u0144ca wrze\u015bnia. W naszej parafii uroczysto\u015b\u0107 I Komunii \u015awi\u0119tej odb\u0119dzie si\u0119 w dniu 8 maja 2027 (sobota).<\/li>\n\n<li>W tym tygodniu wspominamy: we wtorek \u015awi\u0119to Narodzenia Naj\u015bwi\u0119tszej Maryi Panny.<\/li>\n\n<li>W niedziel\u0119, 13 wrze\u015bnia, wspominamy kolejne objawienie si\u0119 Maryi w Fatimie. Zapraszamy do udzia\u0142u w wieczornej Mszy \u015bw. o godz. 18.00. Po Mszy \u015bw. odb\u0119dzie si\u0119 R\u00f3\u017caniec i procesja z figur\u0105 NMP z Fatimy wok\u00f3\u0142 ko\u015bcio\u0142a.<\/li>\n\n<li>Kancelaria parafialna czynna jest we wtorki i czwartki od 15.30 do 17.30.<\/li>\n\n<li>Zapisy kandydat\u00f3w do bierzmowania z klasy \u00f3smej szko\u0142y podstawowej i starszych w zakrystii do ko\u0144ca wrze\u015bnia. Pierwsze spotkanie odb\u0119dzie si\u0119 w pa\u017adzierniku.<\/li>\n\n<li>Spotkanie dla m\u0142odzie\u017cy przygotowuj\u0105cej si\u0119 do bierzmowania rok II we czwartek, 10.09. o 18.45 w ko\u015bciele.<\/li>\n\n<li>Wsp\u00f3lnota Odnowy w Duchu \u015awi\u0119tym <em>Nazaret<\/em> zaprasza jutro na wieczorn\u0105 Msz\u0119 \u015bw. o godz. 18.00 i na godzinn\u0105 adoracj\u0119 Naj\u015bwi\u0119tszego Sakramentu po Mszy \u015bw. w ko\u015bciele. <\/li>\n\n<li>Za tydzie\u0144, w niedziel\u0119, 13 wrze\u015bnia, ofiary sk\u0142adane w czasie Mszy \u015bw. b\u0119d\u0105 przeznaczone na prace remontowe.<\/li>\n\n<li>Zapraszamy Was do wzi\u0119cia udzia\u0142u w pielgrzymce do Sanktuari\u00f3w Francji w terminie 03.06-09.06.2027 r. m.in. La Salette, Ars, Paray Le Monial, Nevers, Tours, Lisieux, Pary\u017c. Plan i koszt pielgrzymki jest wywieszony w gablocie przed ko\u015bcio\u0142em. Pierwsze spotkanie organizacyjne odb\u0119dzie si\u0119 w niedziele 20 wrze\u015bnia o 17.00 w ko\u015bciele.<\/li>\n\n<li>Parafia \u015bwi\u0119tego Rafa\u0142a Kalinowskiego w dniu 13 wrze\u015bnia organizuje pielgrzymk\u0119 autokarow\u0105 na Opust do Gietrzwa\u0142du. Wyjazd w niedziel\u0119 o godz. 7.30 spod Ko\u015bcio\u0142a. Koszt 55z\u0142. Zapisy w parafii \u015bw. Rafa\u0142a, lub telefonicznie (telefon kontaktowy 55 6485020).<\/li>\n\n<li>Zbi\u00f3rka dla ministrant\u00f3w w sobot\u0119, 12 wrze\u015bnia, o 10.00 w ko\u015bciele. Zapraszamy r\u00f3wnie\u017c nowych ch\u0142opc\u00f3w, kt\u00f3rzy by chcieli r\u00f3wnie\u017c s\u0142u\u017cy\u0107 przy o\u0142tarzu.<\/li>\n\n<li>Przypominamy, \u017ce trwa rekrutacja do seminarium duchownego w Elbl\u0105gu, a tak\u017ce na studia<br>z teologii i nauk o rodzinie. Wi\u0119cej informacji na plakacie wywieszonym w gablocie przed ko\u015bcio\u0142em.<\/li>\n\n<li>Dzi\u015b, podczas Mszy \u015bwi\u0119tej o 12.00 zostan\u0105 pob\u0142ogos\u0142awione przybory szkolne dla pierwszoklasist\u00f3w.<\/li><\/ol>","protected":false},"excerpt":{"rendered":"<p>Dzisiaj celebrujemy 23. niedziel\u0119 zwyk\u0142\u0105<\/p>\n","protected":false},"author":1,"featured_media":851,"comment_status":"closed","ping_status":"closed","sticky":false,"template":"","format":"standard","meta":{"footnotes":""},"categories":[17],"tags":[],"class_list":["post-853","post","type-post","status-publish","format-standard","has-post-thumbnail","hentry","category-ogloszenia-i-intencje"],"_links":{"self":[{"href":"https:\/\/www.nowa.swrodzina.org\/index.php\/wp-json\/wp\/v2\/posts\/853","targetHints":{"allow":["GET"]}}],"collection":[{"href":"https:\/\/www.nowa.swrodzina.org\/index.php\/wp-json\/wp\/v2\/posts"}],"about":[{"href":"https:\/\/www.nowa.swrodzina.org\/index.php\/wp-json\/wp\/v2\/types\/post"}],"author":[{"embeddable":true,"href":"https:\/\/www.nowa.swrodzina.org\/index.php\/wp-json\/wp\/v2\/users\/1"}],"replies":[{"embeddable":true,"href":"https:\/\/www.nowa.swrodzina.org\/index.php\/wp-json\/wp\/v2\/comments?post=853"}],"version-history":[{"count":1,"href":"https:\/\/www.nowa.swrodzina.org\/index.php\/wp-json\/wp\/v2\/posts\/853\/revisions"}],"predecessor-version":[{"id":854,"href":"https:\/\/www.nowa.swrodzina.org\/index.php\/wp-json\/wp\/v2\/posts\/853\/revisions\/854"}],"wp:featuredmedia":[{"embeddable":true,"href":"https:\/\/www.nowa.swrodzina.org\/index.php\/wp-json\/wp\/v2\/media\/851"}],"wp:attachment":[{"href":"https:\/\/www.nowa.swrodzina.org\/index.php\/wp-json\/wp\/v2\/media?parent=853"}],"wp:term":[{"taxonomy":"category","embeddable":true,"href":"https:\/\/www.nowa.swrodzina.org\/index.php\/wp-json\/wp\/v2\/categories?post=853"},{"taxonomy":"post_tag","embeddable":true,"href":"https:\/\/www.nowa.swrodzina.org\/index.php\/wp-json\/wp\/v2\/tags?post=853"}],"curies":[{"name":"wp","href":"https:\/\/api.w.org\/{rel}","templated":true}]}}