{"id":850,"date":"2026-09-05T19:45:07","date_gmt":"2026-09-05T17:45:07","guid":{"rendered":"https:\/\/www.nowa.swrodzina.org\/?p=850"},"modified":"2026-09-05T19:45:08","modified_gmt":"2026-09-05T17:45:08","slug":"intencje-mszalne-23-niedziela-zwykla-2","status":"publish","type":"post","link":"https:\/\/www.nowa.swrodzina.org\/index.php\/2026\/09\/05\/intencje-mszalne-23-niedziela-zwykla-2\/","title":{"rendered":"Intencje Mszalne 23. Niedziela zwyk\u0142a"},"content":{"rendered":"<figure class=\"wp-block-table\"><table><tbody><tr><td class=\"has-text-align-center\" data-align=\"center\" colspan=\"7\"><strong>Poniedzia\u0142ek,<\/strong> 7 wrze\u015bnia 2026<\/td><\/tr><tr><td class=\"has-text-align-center\" data-align=\"center\" rowspan=\"3\"><strong>\u0141k 6, 6-11<\/strong> <br>Uzdrowienie w szabat<\/td><td>12.00<\/td><td colspan=\"2\">1.<\/td><td colspan=\"3\">\u015bp. Irena KALNIUK (gr. 7)<\/td><\/tr><tr><td class=\"has-text-align-center\" data-align=\"center\" rowspan=\"2\">18.00<\/td><td colspan=\"2\">1.<\/td><td colspan=\"3\">Dzi\u0119kczynno-b\u0142agalna o Bo\u017ce b\u0142. i obfite \u0142aski, charyzmaty, dary Ducha \u015awi\u0119tego dla Ks. Andrzeja, cz\u0142onk\u00f3w wsp\u00f3lnoty \u201eNAZARET\u201d i ich rodzin<\/td><\/tr><tr><td class=\"has-text-align-center\" data-align=\"center\" colspan=\"2\">2.<\/td><td colspan=\"3\">\u015bp. Bronis\u0142awa (k) (z okazji imienin), Piotr oraz zmarli z rodziny WAWRYSZUK, MARCHALEWSKICH, KORZENIEWSKICH i NESTOROWICZ<\/td><\/tr><tr><td class=\"has-text-align-center\" data-align=\"center\" colspan=\"7\"><strong>Wtorek<\/strong>, 8 wrze\u015bnia 2026<\/td><\/tr><tr><td class=\"has-text-align-center\" data-align=\"center\" rowspan=\"3\"><strong>Mt 1, 1-16. 18-23<\/strong> <br>Maryja pocz\u0119\u0142a Jezusa za spraw\u0105 Ducha \u015awi\u0119tego <br><strong><u>\u015awi\u0119to Narodzenia Naj\u015bwi\u0119tszej Maryi Panny<\/u><\/strong><\/td><td>12.00<\/td><td colspan=\"3\">1.<\/td><td colspan=\"2\">\u015bp. Irena KALNIUK (gr. 8)<\/td><\/tr><tr><td class=\"has-text-align-center\" data-align=\"center\" rowspan=\"2\">18.00<\/td><td colspan=\"3\">1.<\/td><td colspan=\"2\">\u015bp. W\u0142adys\u0142aw i Janina MAKOWSCY<\/td><\/tr><tr><td class=\"has-text-align-center\" data-align=\"center\" colspan=\"3\">2.<\/td><td colspan=\"2\">\u015bp. Alina JUSZKIEWICZ (w 30. dzie\u0144 po pogrzebie)<\/td><\/tr><tr><td class=\"has-text-align-center\" data-align=\"center\" colspan=\"7\"><strong>\u015aroda<\/strong>, 9 wrze\u015bnia 2026<\/td><\/tr><tr><td class=\"has-text-align-center\" data-align=\"center\" rowspan=\"2\"><strong>\u0141k 6, 27-38<\/strong> <br>Przykazanie mi\u0142o\u015bci nieprzyjaci\u00f3\u0142<\/td><td>12.00<\/td><td colspan=\"3\">1.<\/td><td colspan=\"2\">\u015bp. Irena KALNIUK (gr. 9)<\/td><\/tr><tr><td class=\"has-text-align-center\" data-align=\"center\">18.00<\/td><td colspan=\"3\">1.<\/td><td colspan=\"2\">\u015bp. Jerzy DYAS (8. rocz. \u015bmierci)<\/td><\/tr><tr><td class=\"has-text-align-center\" data-align=\"center\" colspan=\"7\"><strong>Czwartek<\/strong>, 10 wrze\u015bnia 2026<\/td><\/tr><tr><td class=\"has-text-align-center\" data-align=\"center\" rowspan=\"2\"><strong>\u0141k 5, 1-11<\/strong> <br>Cudowny po\u0142\u00f3w ryb i powo\u0142anie aposto\u0142\u00f3w<\/td><td>12.00<\/td><td colspan=\"3\">1.<\/td><td colspan=\"2\">\u015bp. Irena KALNIUK (gr. 10)<\/td><\/tr><tr><td class=\"has-text-align-center\" data-align=\"center\">18.00<\/td><td colspan=\"3\">1.<\/td><td colspan=\"2\">\u015bp. Maria OGRODNIK (1. rocz. \u015bmierci) oraz zmarli z rodziny<\/td><\/tr><tr><td class=\"has-text-align-center\" data-align=\"center\" colspan=\"7\"><strong>Pi\u0105tek<\/strong>, 11&nbsp; wrze\u015bnia 2026<\/td><\/tr><tr><td class=\"has-text-align-center\" data-align=\"center\" rowspan=\"3\"><strong>\u0141k 6, 39-42<\/strong> <br>Czy mo\u017ce niewidomy prowadzi\u0107 niewidomego?<\/td><td colspan=\"2\" rowspan=\"2\">12.00<\/td><td colspan=\"2\">1.<\/td><td colspan=\"2\">Za czcicieli Mi\u0142osierdzia Bo\u017cego<\/td><\/tr><tr><td class=\"has-text-align-center\" data-align=\"center\" colspan=\"2\">2<\/td><td colspan=\"2\">\u015bp. Irena KALNIUK (gr. 11)<\/td><\/tr><tr><td class=\"has-text-align-center\" data-align=\"center\" colspan=\"2\">18.00<\/td><td colspan=\"2\">1.<\/td><td colspan=\"2\">Za czcicieli Mi\u0142osierdzia Bo\u017cego<\/td><\/tr><tr><td class=\"has-text-align-center\" data-align=\"center\" colspan=\"7\"><strong>Sobota<\/strong>, 12&nbsp; wrze\u015bnia 2026<\/td><\/tr><tr><td class=\"has-text-align-center\" data-align=\"center\" rowspan=\"3\"><strong>\u0141k 6, 43-49<\/strong> <br>Dobre i z\u0142e drzewo. Dobra i z\u0142a budowa<\/td><td>12.00<\/td><td colspan=\"4\">1.<\/td><td>\u015bp. Irena KALNIUK (gr. 12)<\/td><\/tr><tr><td class=\"has-text-align-center\" data-align=\"center\" rowspan=\"2\">18.00<\/td><td colspan=\"4\">1.<\/td><td>\u015bp. Antoni i Marianna (k) MADEJSCY<\/td><\/tr><tr><td class=\"has-text-align-center\" data-align=\"center\" colspan=\"4\">2.<\/td><td>\u015bp. Henryk JANKOWSKI<\/td><\/tr><tr><td class=\"has-text-align-center\" data-align=\"center\" colspan=\"7\"><strong>Niedziela, 13 wrze\u015bnia 2026<\/strong><\/td><\/tr><tr><td class=\"has-text-align-center\" data-align=\"center\" rowspan=\"6\"><strong>Mt 18, 21-35<\/strong><br>Przebaczenie Boga uwarunkowane przebaczeniem drugiemu cz\u0142owiekowi <br><strong>24 niedziela zwyk\u0142a<\/strong><\/td><td>07.30<\/td><td colspan=\"5\">\u015bp. Irena KALNIUK (gr. 13)<\/td><\/tr><tr><td class=\"has-text-align-center\" data-align=\"center\">09.00<\/td><td colspan=\"5\">\u015bp. Antoni PIESTA (12. rocz. \u015bmierci)<\/td><\/tr><tr><td class=\"has-text-align-center\" data-align=\"center\">10.30<\/td><td colspan=\"5\">O Bo\u017ce b\u0142ogos\u0142awie\u0144stwo, dary Ducha \u015awi\u0119tego, opiek\u0119 \u015bw. Rodziny dla Oliwera z okazji 20. urodzin<\/td><\/tr><tr><td class=\"has-text-align-center\" data-align=\"center\">12.00<\/td><td colspan=\"5\">Dzi\u0119kczynna za 70 lat \u017cycia Andrzeja z pro\u015bb\u0105 o Bo\u017ce b\u0142ogos\u0142awie\u0144stwo i potrzebne \u0142aski<\/td><\/tr><tr><td class=\"has-text-align-center\" data-align=\"center\">18.00<\/td><td colspan=\"5\">O Bo\u017ce b\u0142ogos\u0142awie\u0144stwo, dary Ducha \u015awi\u0119tego, dla Joanny i Dawida Karcz z okazji 10. rocznicy zawarcia &nbsp;sakramentu ma\u0142\u017ce\u0144stwa<\/td><\/tr><tr><td class=\"has-text-align-center\" data-align=\"center\">20.00<\/td><td colspan=\"5\">\u015bp. Leon DYCZKOWSKI (intencja od Edwina z rodzin\u0105)<\/td><\/tr><\/tbody><\/table><\/figure>","protected":false},"excerpt":{"rendered":"<p>Intencje mszalne 07.09. &#8211; 13.09.2026<\/p>\n","protected":false},"author":1,"featured_media":851,"comment_status":"closed","ping_status":"closed","sticky":false,"template":"","format":"standard","meta":{"footnotes":""},"categories":[17],"tags":[],"class_list":["post-850","post","type-post","status-publish","format-standard","has-post-thumbnail","hentry","category-ogloszenia-i-intencje"],"_links":{"self":[{"href":"https:\/\/www.nowa.swrodzina.org\/index.php\/wp-json\/wp\/v2\/posts\/850","targetHints":{"allow":["GET"]}}],"collection":[{"href":"https:\/\/www.nowa.swrodzina.org\/index.php\/wp-json\/wp\/v2\/posts"}],"about":[{"href":"https:\/\/www.nowa.swrodzina.org\/index.php\/wp-json\/wp\/v2\/types\/post"}],"author":[{"embeddable":true,"href":"https:\/\/www.nowa.swrodzina.org\/index.php\/wp-json\/wp\/v2\/users\/1"}],"replies":[{"embeddable":true,"href":"https:\/\/www.nowa.swrodzina.org\/index.php\/wp-json\/wp\/v2\/comments?post=850"}],"version-history":[{"count":1,"href":"https:\/\/www.nowa.swrodzina.org\/index.php\/wp-json\/wp\/v2\/posts\/850\/revisions"}],"predecessor-version":[{"id":852,"href":"https:\/\/www.nowa.swrodzina.org\/index.php\/wp-json\/wp\/v2\/posts\/850\/revisions\/852"}],"wp:featuredmedia":[{"embeddable":true,"href":"https:\/\/www.nowa.swrodzina.org\/index.php\/wp-json\/wp\/v2\/media\/851"}],"wp:attachment":[{"href":"https:\/\/www.nowa.swrodzina.org\/index.php\/wp-json\/wp\/v2\/media?parent=850"}],"wp:term":[{"taxonomy":"category","embeddable":true,"href":"https:\/\/www.nowa.swrodzina.org\/index.php\/wp-json\/wp\/v2\/categories?post=850"},{"taxonomy":"post_tag","embeddable":true,"href":"https:\/\/www.nowa.swrodzina.org\/index.php\/wp-json\/wp\/v2\/tags?post=850"}],"curies":[{"name":"wp","href":"https:\/\/api.w.org\/{rel}","templated":true}]}}