{"id":716,"date":"2026-04-04T18:00:00","date_gmt":"2026-04-04T16:00:00","guid":{"rendered":"https:\/\/www.nowa.swrodzina.org\/?p=716"},"modified":"2026-04-03T21:10:56","modified_gmt":"2026-04-03T19:10:56","slug":"intencje-mszalne-niedziela-zmartwychwstania-panskiego-2","status":"publish","type":"post","link":"https:\/\/www.nowa.swrodzina.org\/index.php\/2026\/04\/04\/intencje-mszalne-niedziela-zmartwychwstania-panskiego-2\/","title":{"rendered":"Intencje Mszalne\u00a0Niedziela Zmartwychwstania Pa\u0144skiego"},"content":{"rendered":"<figure class=\"wp-block-table\"><table><tbody><tr><td class=\"has-text-align-center\" data-align=\"center\" rowspan=\"5\"><strong>6 kwietnia, <\/strong>poniedzia\u0142ek <br><strong>Mt 28, 8-15<\/strong> <br>Chrystus zmartwychwsta\u0142y ukazuje si\u0119 niewiastom <br><strong><u>Poniedzia\u0142ek w oktawie Wielkanocy<\/u><\/strong><\/td><td>7.30<\/td><td>Z podzi\u0119kowaniem dla \u017cony Haliny za jej mi\u0142o\u015b\u0107 i po\u015bwi\u0119cenie oraz zdrowie dla m\u0119\u017ca Jerzego<\/td><\/tr><tr><td class=\"has-text-align-center\" data-align=\"center\">9.00<\/td><td>O zdrowie i Bo\u017ce b\u0142ogos\u0142awie\u0144stwo dla wnuka<br>Dawida<\/td><\/tr><tr><td class=\"has-text-align-center\" data-align=\"center\">10.30<\/td><td>Dzi\u0119kczynna za 50 lat ma\u0142\u017ce\u0144stwa Barbary i Janusza MARCHLEWSKICH<\/td><\/tr><tr><td class=\"has-text-align-center\" data-align=\"center\">12.00<\/td><td>\u015bp. Henryk Kami\u0144ski<\/td><\/tr><tr><td class=\"has-text-align-center\" data-align=\"center\">18.00<\/td><td>Dzi\u0119kczynna za 60 lat ma\u0142\u017ce\u0144stwa brata Stanis\u0142awa i Janiny z pro\u015bb\u0105 o przyj\u0119cie i powierzenie si\u0119 Panu Bogu na nast\u0119pne lata \u017cycia.&nbsp;&nbsp;<\/td><\/tr><tr><td class=\"has-text-align-center\" data-align=\"center\" rowspan=\"3\"><strong>7 kwietnia, <\/strong>wtorek <br><strong>J 20, 11-18<\/strong> <br>Ukazanie si\u0119 Zmartwychwsta\u0142ego Marii Magdalenie<\/td><td>12.00<\/td><td>\u015bp. J\u00f3zef PANEK intencja od Grzegorza Panka z Rodzin\u0105<\/td><\/tr><tr><td class=\"has-text-align-center\" data-align=\"center\">18.00<\/td><td>O Bo\u017ce b\u0142ogos\u0142awie\u0144stwo i opiek\u0119 dla Wandy ZAB\u0141OCKIEJ<\/td><\/tr><tr><td class=\"has-text-align-center\" data-align=\"center\">18.00<\/td><td>\u015bp. Siostra Monika SZREPFER (Pasterka)<\/td><\/tr><tr><td class=\"has-text-align-center\" data-align=\"center\" rowspan=\"3\"><strong>8 kwietnia, \u015broda<\/strong> <br><strong>\u0141k 24, 13-35<\/strong> <br>Poznali Chrystusa przy \u0142amaniu chleba<\/td><td>12.00<\/td><td>sp. Bogdan SACHA w 2 rocz. \u015bmierci<\/td><\/tr><tr><td class=\"has-text-align-center\" data-align=\"center\">12.00<\/td><td>\u015bp. Tadeusz ZAB\u0141OCKI<\/td><\/tr><tr><td class=\"has-text-align-center\" data-align=\"center\">18.00<\/td><td>\u015bp. Aniela KACZY\u0143SKA, Anna Aldona KACZY\u0143SKA i zmarli z Rodziny<\/td><\/tr><tr><td class=\"has-text-align-center\" data-align=\"center\" rowspan=\"3\"><strong>9 kwietnia, czwartek<\/strong> <br><strong>J \u0141k 24, 35-48<\/strong> <br>Musia\u0142y si\u0119 wype\u0142ni\u0107 zapowiedzi Pisma<\/td><td>12.00<\/td><td>\u015bp. Wies\u0142aw i Marian w 7 rocz. \u015bmierci, Edyta, Genowefa, Edward, Eugeniusz<\/td><\/tr><tr><td class=\"has-text-align-center\" data-align=\"center\">18.00<\/td><td>Przeb\u0142aganie za pope\u0142nione grzechy z pro\u015bb\u0105 o Bo\u017ce mi\u0142osierdzie i \u0142ask\u0119 wytrwania w wierze<\/td><\/tr><tr><td class=\"has-text-align-center\" data-align=\"center\">18.00<\/td><td>\u015bp. Jerzy STYPU\u0141KOWSKI w 30 dniu po pogrzebie<\/td><\/tr><tr><td class=\"has-text-align-center\" data-align=\"center\" rowspan=\"4\"><strong>10 kwietnia, <\/strong>pi\u0105tek <br><strong>J 21, 1-14<\/strong> <br>Ukazanie si\u0119 Zmartwychwsta\u0142ego nad Jeziorem Tyberiadzkim<\/td><td>12.00<\/td><td>Czcicieli Bo\u017cego Mi\u0142osierdzia<\/td><\/tr><tr><td class=\"has-text-align-center\" data-align=\"center\">12.00<\/td><td>\u015bp. Tadeusz ZAB\u0141OCKI<\/td><\/tr><tr><td class=\"has-text-align-center\" data-align=\"center\">18.00<\/td><td>\u015bp. Maciej KRAKOWSKI<\/td><\/tr><tr><td class=\"has-text-align-center\" data-align=\"center\">18.00<\/td><td>Czcicieli Bo\u017cego Mi\u0142osierdzia<\/td><\/tr><tr><td class=\"has-text-align-center\" data-align=\"center\" rowspan=\"3\"><strong>11 kwietnia, <\/strong>sobota <br><strong>Mk 16, 9-15<\/strong> <br>Id\u017acie na ca\u0142y \u015bwiat i g\u0142o\u015bcie Ewangeli\u0119<\/td><td>12.00<\/td><td>\u015ap. El\u017cbieta \u0141API\u0143SKA<\/td><\/tr><tr><td class=\"has-text-align-center\" data-align=\"center\">18.00<\/td><td>\u015bp. Alicja MAZURKIEWICZ w 30 dniu po pogrzebie<\/td><\/tr><tr><td class=\"has-text-align-center\" data-align=\"center\">18.00<\/td><td>O Bo\u017ce b\u0142ogos\u0142awie\u0144stwo i opiek\u0119 Matki Bo\u017cej dla Darii, Piotra i Aleksandra z okazji urodzin<\/td><\/tr><tr><td class=\"has-text-align-center\" data-align=\"center\" rowspan=\"6\"><strong>12 kwietnia<\/strong>, niedziela <br><strong>J 20, 19-31<\/strong> <br>B\u0142ogos\u0142awieni, kt\u00f3rzy nie widzieli, a uwierzyli <br><strong>Druga Niedziela Wielkanocna czyli Mi\u0142osierdzia Bo\u017cego<\/strong><\/td><td>7.30<\/td><td>\u015bp. Henryk SOKO\u0141OWSKI w 8 rocz. \u015bmierci, Ma\u0142gorzata OSUCH, Barbara KONIECZNA<\/td><\/tr><tr><td class=\"has-text-align-center\" data-align=\"center\">9.00<\/td><td>\u015bp. Zmarli rodzice: Bronis\u0142awa w 5 rocz. \u015bmierci (k) i Franciszek<\/td><\/tr><tr><td class=\"has-text-align-center\" data-align=\"center\">10.30<\/td><td>\u015bp. El\u017cbieta ZAWISZA w 5 rocz. \u015bmierci, Bronis\u0142aw (M) BAREJA w 40 rocz. \u015bmierci<\/td><\/tr><tr><td class=\"has-text-align-center\" data-align=\"center\">12.00<\/td><td>Dzi\u0119kczynna za 17 lat Gabrysi<\/td><\/tr><tr><td class=\"has-text-align-center\" data-align=\"center\">18.00<\/td><td>O Bo\u017ce b\u0142ogos\u0142awie\u0144stwo i opiek\u0119 Matki Bo\u017cej dla Haliny z okazji 94 urodzin<\/td><\/tr><tr><td class=\"has-text-align-center\" data-align=\"center\">20.00<\/td><td>\u015bp. W\u0142adys\u0142awa (k), J\u00f3zef, Urszula, Jacek i Maciej<\/td><\/tr><\/tbody><\/table><\/figure>","protected":false},"excerpt":{"rendered":"<p>Intencje mszalne 06.04- 12.04.2025<\/p>\n","protected":false},"author":1,"featured_media":717,"comment_status":"closed","ping_status":"closed","sticky":false,"template":"","format":"standard","meta":{"footnotes":""},"categories":[17],"tags":[],"class_list":["post-716","post","type-post","status-publish","format-standard","has-post-thumbnail","hentry","category-ogloszenia-i-intencje"],"_links":{"self":[{"href":"https:\/\/www.nowa.swrodzina.org\/index.php\/wp-json\/wp\/v2\/posts\/716","targetHints":{"allow":["GET"]}}],"collection":[{"href":"https:\/\/www.nowa.swrodzina.org\/index.php\/wp-json\/wp\/v2\/posts"}],"about":[{"href":"https:\/\/www.nowa.swrodzina.org\/index.php\/wp-json\/wp\/v2\/types\/post"}],"author":[{"embeddable":true,"href":"https:\/\/www.nowa.swrodzina.org\/index.php\/wp-json\/wp\/v2\/users\/1"}],"replies":[{"embeddable":true,"href":"https:\/\/www.nowa.swrodzina.org\/index.php\/wp-json\/wp\/v2\/comments?post=716"}],"version-history":[{"count":1,"href":"https:\/\/www.nowa.swrodzina.org\/index.php\/wp-json\/wp\/v2\/posts\/716\/revisions"}],"predecessor-version":[{"id":718,"href":"https:\/\/www.nowa.swrodzina.org\/index.php\/wp-json\/wp\/v2\/posts\/716\/revisions\/718"}],"wp:featuredmedia":[{"embeddable":true,"href":"https:\/\/www.nowa.swrodzina.org\/index.php\/wp-json\/wp\/v2\/media\/717"}],"wp:attachment":[{"href":"https:\/\/www.nowa.swrodzina.org\/index.php\/wp-json\/wp\/v2\/media?parent=716"}],"wp:term":[{"taxonomy":"category","embeddable":true,"href":"https:\/\/www.nowa.swrodzina.org\/index.php\/wp-json\/wp\/v2\/categories?post=716"},{"taxonomy":"post_tag","embeddable":true,"href":"https:\/\/www.nowa.swrodzina.org\/index.php\/wp-json\/wp\/v2\/tags?post=716"}],"curies":[{"name":"wp","href":"https:\/\/api.w.org\/{rel}","templated":true}]}}