{"id":640,"date":"2026-01-03T21:14:26","date_gmt":"2026-01-03T19:14:26","guid":{"rendered":"https:\/\/www.nowa.swrodzina.org\/?p=640"},"modified":"2026-01-03T21:14:27","modified_gmt":"2026-01-03T19:14:27","slug":"intencje-mszalne-ii-niedziela-po-narodzeniu-panskim-2","status":"publish","type":"post","link":"https:\/\/www.nowa.swrodzina.org\/index.php\/2026\/01\/03\/intencje-mszalne-ii-niedziela-po-narodzeniu-panskim-2\/","title":{"rendered":"Intencje Mszalne II Niedziela po Narodzeniu Pa\u0144skim"},"content":{"rendered":"<figure class=\"wp-block-table\"><table><tbody><tr><td class=\"has-text-align-center\" data-align=\"center\" rowspan=\"2\"><strong>5 stycznia, <\/strong>poniedzia\u0142ek <br><strong>J 1, 43-51<\/strong> <br>Chrystus jest Synem Bo\u017cym<\/td><td>12.00<\/td><td>\u015bp. Daniela i Eugeniusz ZALEWSCY oraz zmarli z rodziny z obojga stron<\/td><\/tr><tr><td class=\"has-text-align-center\" data-align=\"center\">18.00<\/td><td>Dzi\u0119kczynno-b\u0142agalna o Bo\u017ce b\u0142., obfite \u0142aski, dary i charyzmaty i owoce Ducha \u015aw. dla ks. Mateusza oraz wsp\u00f3lnoty Nazaret<\/td><\/tr><tr><td class=\"has-text-align-center\" data-align=\"center\" rowspan=\"6\"><strong>6 stycznia, <\/strong>wtorek <br><strong>Mt 2, 1-12<\/strong> <br>Pok\u0142on m\u0119drc\u00f3w ze Wschodu <br><strong>Uroczysto\u015b\u0107 Objawienia Pa\u0144skiego<\/strong><\/td><td>7.30<\/td><td>\u015bp. Edward KRZY\u017bAN (16. rocz. \u015bmierci) i zmarli z obojga stron<\/td><\/tr><tr><td class=\"has-text-align-center\" data-align=\"center\">9.00<\/td><td>O Bo\u017ce b\u0142ogos\u0142awie\u0144stwo i opiek\u0119 Matki Bo\u017cej dla Anny z okazji 50 urodzin<\/td><\/tr><tr><td class=\"has-text-align-center\" data-align=\"center\">10.30<\/td><td>Dzi\u0119kczynna za 8 lat \u017cycia Dominiki<\/td><\/tr><tr><td class=\"has-text-align-center\" data-align=\"center\">12.00<\/td><td>\u015bp. Dominika \u015amigielska (15. rocz. ) i Ryszard \u015amigielski (27. rocz. \u015bmierci)<\/td><\/tr><tr><td class=\"has-text-align-center\" data-align=\"center\">18.00<\/td><td>\u015bp. Janina i Andrzej Kie\u0142basiewicz, Zofia i Jan Kaszuba<\/td><\/tr><tr><td class=\"has-text-align-center\" data-align=\"center\">20.00<\/td><td>O zdrowie dla Marka Chistowskiego w dniu 72. urodzin<\/td><\/tr><tr><td class=\"has-text-align-center\" data-align=\"center\" rowspan=\"2\"><strong>7 stycznia, \u015broda<\/strong> <br><strong>Mt 4, 12-17. 23-25<\/strong> <br>Bliskie jest kr\u00f3lestwo niebieskie<\/td><td>12.00<\/td><td>\u015bp. Tadeusz Grzelak<\/td><\/tr><tr><td class=\"has-text-align-center\" data-align=\"center\">18.00<\/td><td>\u015bp. Halina, Wac\u0142aw , Gra\u017cyna Marianna, Tomasz, Aniela i Adam<\/td><\/tr><tr><td class=\"has-text-align-center\" data-align=\"center\" rowspan=\"2\"><strong>8 stycznia, czwartek<\/strong> <br><strong>Mk 6, 34-44<\/strong> <br>Rozmna\u017caj\u0105c chleb, Jezus objawia swoj\u0105 moc<\/td><td>12.00<\/td><td>\u015bp. J\u00f3zef PANEK (intencja od Zbigniewa PANEK z rodzin\u0105)<\/td><\/tr><tr><td class=\"has-text-align-center\" data-align=\"center\">18.00<\/td><td>\u015bp. Franciszek Nasarzewski<\/td><\/tr><tr><td class=\"has-text-align-center\" data-align=\"center\" rowspan=\"2\"><strong>9 stycznia, <\/strong>pi\u0105tek <br><strong>Mk 6, 45-52<\/strong> <br>Jezus chodzi po wodzie<\/td><td>12.00<\/td><td>Za czcicieli Mi\u0142osierdzia Bo\u017cego<\/td><\/tr><tr><td class=\"has-text-align-center\" data-align=\"center\">18.00<\/td><td>Za czcicieli Mi\u0142osierdzia Bo\u017cego<\/td><\/tr><tr><td class=\"has-text-align-center\" data-align=\"center\" rowspan=\"2\"><strong>10 stycznia, <\/strong>sobota <br><strong>\u0141k 4, 14-22a<\/strong> <br>Jezus jest Mesjaszem zapowiedzianym przez prorok\u00f3w<\/td><td>12.00<\/td><td>O Bo\u017ce b\u0142ogos\u0142awie\u0144stwo, opiek\u0119 \u015bw. Rodziny dla Teresy z okazji 70. urodzin z pro\u015bb\u0105 o zdrowie i potrzebne \u0142aski<\/td><\/tr><tr><td class=\"has-text-align-center\" data-align=\"center\">18.00<\/td><td>\u015bp. Marianna Koz\u0142owska (6. rocz. \u015bmierci) i zmarli z rodziny Matuszak i Koz\u0142owskich<\/td><\/tr><tr><td class=\"has-text-align-center\" data-align=\"center\" rowspan=\"6\"><strong>11 stycznia<\/strong>, niedziela <br><strong>Mt 3, 13-17<\/strong> Chrzest Jezusa <br><strong>\u015awi\u0119to Chrztu Pa\u0144skiego<\/strong><\/td><td>7.30<\/td><td>O Bo\u017ce mi\u0142osierdzie i nawr\u00f3cenie dla Katarzyny, Julii, Tomasza i Jakuba<\/td><\/tr><tr><td class=\"has-text-align-center\" data-align=\"center\">9.00<\/td><td>O Bo\u017ce b\u0142ogos\u0142awie\u0144stwo i opiek\u0119 Maryi dla Juli z okazji 7. urodzin<\/td><\/tr><tr><td class=\"has-text-align-center\" data-align=\"center\">10.30<\/td><td>\u015bp. Zuzanna ZBYTNIEWSKA (1. rocz. \u015bmierci)<\/td><\/tr><tr><td class=\"has-text-align-center\" data-align=\"center\">12.00<\/td><td>\u015bp. zmarli rodzic\u00f3w: MIKOS\u00d3W, WAWER\u00d3W, zm. rodze\u0144stwo: Krystyna, Jarzy, Janina, Edward, Bronis\u0142awa, Helena, Zbigniew, Jolanta, Wies\u0142awa (k) i znajomych potrzebuj\u0105cych pomocy w modlitwie<\/td><\/tr><tr><td class=\"has-text-align-center\" data-align=\"center\">18.00<\/td><td>\u015bp. Jan RYBICKI<\/td><\/tr><tr><td class=\"has-text-align-center\" data-align=\"center\">20.00<\/td><td>Za Parafian<\/td><\/tr><\/tbody><\/table><\/figure>","protected":false},"excerpt":{"rendered":"<p>Intencje mszalne 05.01- 11.01.2026<\/p>\n","protected":false},"author":1,"featured_media":641,"comment_status":"closed","ping_status":"closed","sticky":false,"template":"","format":"standard","meta":{"footnotes":""},"categories":[17],"tags":[],"class_list":["post-640","post","type-post","status-publish","format-standard","has-post-thumbnail","hentry","category-ogloszenia-i-intencje"],"_links":{"self":[{"href":"https:\/\/www.nowa.swrodzina.org\/index.php\/wp-json\/wp\/v2\/posts\/640","targetHints":{"allow":["GET"]}}],"collection":[{"href":"https:\/\/www.nowa.swrodzina.org\/index.php\/wp-json\/wp\/v2\/posts"}],"about":[{"href":"https:\/\/www.nowa.swrodzina.org\/index.php\/wp-json\/wp\/v2\/types\/post"}],"author":[{"embeddable":true,"href":"https:\/\/www.nowa.swrodzina.org\/index.php\/wp-json\/wp\/v2\/users\/1"}],"replies":[{"embeddable":true,"href":"https:\/\/www.nowa.swrodzina.org\/index.php\/wp-json\/wp\/v2\/comments?post=640"}],"version-history":[{"count":1,"href":"https:\/\/www.nowa.swrodzina.org\/index.php\/wp-json\/wp\/v2\/posts\/640\/revisions"}],"predecessor-version":[{"id":642,"href":"https:\/\/www.nowa.swrodzina.org\/index.php\/wp-json\/wp\/v2\/posts\/640\/revisions\/642"}],"wp:featuredmedia":[{"embeddable":true,"href":"https:\/\/www.nowa.swrodzina.org\/index.php\/wp-json\/wp\/v2\/media\/641"}],"wp:attachment":[{"href":"https:\/\/www.nowa.swrodzina.org\/index.php\/wp-json\/wp\/v2\/media?parent=640"}],"wp:term":[{"taxonomy":"category","embeddable":true,"href":"https:\/\/www.nowa.swrodzina.org\/index.php\/wp-json\/wp\/v2\/categories?post=640"},{"taxonomy":"post_tag","embeddable":true,"href":"https:\/\/www.nowa.swrodzina.org\/index.php\/wp-json\/wp\/v2\/tags?post=640"}],"curies":[{"name":"wp","href":"https:\/\/api.w.org\/{rel}","templated":true}]}}