{"id":638,"date":"2025-12-28T17:38:32","date_gmt":"2025-12-28T15:38:32","guid":{"rendered":"https:\/\/www.nowa.swrodzina.org\/?p=638"},"modified":"2025-12-28T17:38:33","modified_gmt":"2025-12-28T15:38:33","slug":"ogloszenia-parafialne-swieto-swietej-rodziny-2","status":"publish","type":"post","link":"https:\/\/www.nowa.swrodzina.org\/index.php\/2025\/12\/28\/ogloszenia-parafialne-swieto-swietej-rodziny-2\/","title":{"rendered":"Og\u0142oszenia Parafialne \u015awi\u0119to \u015awi\u0119tej Rodziny"},"content":{"rendered":"<p>1.&nbsp;Dzisiaj obchodzimy \u015awi\u0119to \u015awi\u0119tej Rodziny: Jezusa, Maryi i J\u00f3zefa, nasz parafialny odpust. Kazania g\u0142osi ks. Piotr Kanarek, doktorant KUL, Mszy \u015bw. odpustowej o godz. 12.00 przewodniczy\u0107 b\u0119dzie i wyg\u0142osi kazanie ks. bp elbl\u0105ski Wojciech Skibicki.<\/p><p>2.&nbsp;Za tydzie\u0144 I Niedziela miesi\u0105ca i adoracja Naj\u015bwi\u0119tszego Sakramentu.<\/p><p>3.&nbsp;We \u015brod\u0119 zako\u0144czenie roku kalendarzowego. Zapraszamy na wieczorn\u0105 Msz\u0119 \u015bw, o godz. 18.00 i na Nabo\u017ce\u0144stwo na zako\u0144czenie Roku z wystawieniem Naj\u015bwi\u0119tszego Sakramentu.<\/p><p>4.&nbsp;We czwartek Uroczysto\u015b\u0107 Bo\u017cej Rodzicielki Maryi, \u015awiatowy Dzie\u0144 Pokoju. Msze \u015bw. o godz. 9.00, 10.30, 12.00 i 18.00. Nie b\u0119dzie Mszy \u015bw. o godz. 7.30 i 20.00. Msza \u015bw. za powo\u0142ania i powo\u0142anych o godz. 9.00. Mo\u017cliwo\u015b\u0107 Adoracji Naj\u015bwi\u0119tszego Sakramentu po Mszy o godz. 12.00 do Mszy wieczornej o godz. 18.00.<\/p><p>5.&nbsp;W I pi\u0105tek miesi\u0105ca prosimy o przyj\u0119cie Komunii wynagradzaj\u0105cej NSPJ. Msze \u015bw. o godz. 12.00 i 18.00. Odwiedziny chorych od godz. 8.30.<\/p><p>6.&nbsp;W I sobot\u0119 miesi\u0105ca b\u0119dzie mo\u017cliwo\u015b\u0107 wynagrodzenia za grzechy pope\u0142nione przeciwko Niepokalanemu Sercu Naj\u015bwi\u0119tszej Maryi Panny o godz. 12.00 Msza \u015bwi\u0119ta. Po Mszy \u015bw., rozwa\u017canie tajemnicy r\u00f3\u017ca\u0144cowej i R\u00f3\u017caniec. Po Nabo\u017ce\u0144stwie zmiana tajemnic \u017bywego R\u00f3\u017ca\u0144ca. Intencja \u017bywego R\u00f3\u017ca\u0144ca na miesi\u0105c stycze\u0144: O Bo\u017ce B\u0142ogos\u0142awie\u0144stwo dla nas wszystkich w Nowym Roku 2026.<\/p><p>7.&nbsp;W tym tygodniu w <strong>poniedzia\u0142ek, 29.12. od godz. 16.00 <\/strong>z\u0142o\u017cymy wizyty duszpasterskie naszym parafianom zamieszka\u0142ym przy: ul. Og\u00f3lnej 1M, Mazurskiej, \u017bytniej, Kwiatkowskiego, Al. Odrodzenia, P\u0142k. D\u0105bka i AL. Jana Paw\u0142a II 1; <strong>we wtorek 30.12 od godz. 16.00 <\/strong>\u2013 ul. Al. Jana Paw\u0142a II 3, 5 i 7.<\/p><p>8.&nbsp;W czasie trwania wizyt duszpasterskich (kol\u0119dy) kancelaria parafialna b\u0119dzie czynna po wieczornych Mszach \u015bw.<\/p><p>9.&nbsp;Przy wyj\u015bciu z ko\u015bcio\u0142a mo\u017cna naby\u0107 nowe numery prasy katolickiej (Go\u015b\u0107 Niedzielny, Niedziela).<\/p>","protected":false},"excerpt":{"rendered":"<p>Dzisiaj obchodzimy \u015awi\u0119to \u015awi\u0119tej Rodziny: Jezusa, Maryi i J\u00f3zefa<\/p>\n","protected":false},"author":1,"featured_media":310,"comment_status":"closed","ping_status":"closed","sticky":false,"template":"","format":"standard","meta":{"footnotes":""},"categories":[17],"tags":[],"class_list":["post-638","post","type-post","status-publish","format-standard","has-post-thumbnail","hentry","category-ogloszenia-i-intencje"],"_links":{"self":[{"href":"https:\/\/www.nowa.swrodzina.org\/index.php\/wp-json\/wp\/v2\/posts\/638","targetHints":{"allow":["GET"]}}],"collection":[{"href":"https:\/\/www.nowa.swrodzina.org\/index.php\/wp-json\/wp\/v2\/posts"}],"about":[{"href":"https:\/\/www.nowa.swrodzina.org\/index.php\/wp-json\/wp\/v2\/types\/post"}],"author":[{"embeddable":true,"href":"https:\/\/www.nowa.swrodzina.org\/index.php\/wp-json\/wp\/v2\/users\/1"}],"replies":[{"embeddable":true,"href":"https:\/\/www.nowa.swrodzina.org\/index.php\/wp-json\/wp\/v2\/comments?post=638"}],"version-history":[{"count":1,"href":"https:\/\/www.nowa.swrodzina.org\/index.php\/wp-json\/wp\/v2\/posts\/638\/revisions"}],"predecessor-version":[{"id":639,"href":"https:\/\/www.nowa.swrodzina.org\/index.php\/wp-json\/wp\/v2\/posts\/638\/revisions\/639"}],"wp:featuredmedia":[{"embeddable":true,"href":"https:\/\/www.nowa.swrodzina.org\/index.php\/wp-json\/wp\/v2\/media\/310"}],"wp:attachment":[{"href":"https:\/\/www.nowa.swrodzina.org\/index.php\/wp-json\/wp\/v2\/media?parent=638"}],"wp:term":[{"taxonomy":"category","embeddable":true,"href":"https:\/\/www.nowa.swrodzina.org\/index.php\/wp-json\/wp\/v2\/categories?post=638"},{"taxonomy":"post_tag","embeddable":true,"href":"https:\/\/www.nowa.swrodzina.org\/index.php\/wp-json\/wp\/v2\/tags?post=638"}],"curies":[{"name":"wp","href":"https:\/\/api.w.org\/{rel}","templated":true}]}}