{"id":636,"date":"2025-12-28T17:37:32","date_gmt":"2025-12-28T15:37:32","guid":{"rendered":"https:\/\/www.nowa.swrodzina.org\/?p=636"},"modified":"2025-12-28T17:37:33","modified_gmt":"2025-12-28T15:37:33","slug":"intencje-mszalne-swieto-swietej-rodziny-2","status":"publish","type":"post","link":"https:\/\/www.nowa.swrodzina.org\/index.php\/2025\/12\/28\/intencje-mszalne-swieto-swietej-rodziny-2\/","title":{"rendered":"Intencje Mszalne \u015awi\u0119to \u015awi\u0119tej Rodziny"},"content":{"rendered":"<figure class=\"wp-block-table\"><table><tbody><tr><td class=\"has-text-align-center\" data-align=\"center\" rowspan=\"3\"><strong>29 grudnia, <\/strong>poniedzia\u0142ek <br><strong>\u0141k 2, 22-35<\/strong> <br>Chrystus jest \u015bwiat\u0142em na o\u015bwiecenie pogan<\/td><td>12.00<\/td><td>&nbsp; \u015bp. W\u0142adys\u0142awa (K) i Antoni<\/td><\/tr><tr><td class=\"has-text-align-center\" data-align=\"center\">12.00<\/td><td>\u015bp. Halina Barbara RO\u015a 23 gr.<\/td><\/tr><tr><td class=\"has-text-align-center\" data-align=\"center\">18.00<\/td><td>\u015bp. Maria K\u0141OSI\u0143SKA w 25 r. \u015bmierci i zm. z Rodziny<\/td><\/tr><tr><td class=\"has-text-align-center\" data-align=\"center\" rowspan=\"3\"><strong>30 grudnia, <\/strong>wtorek <br><strong>\u0141k 2, 36-40<\/strong> <br>Anna m\u00f3wi\u0142a o Jezusie wszystkim, kt\u00f3rzy oczekiwali Mesjasza<\/td><td>12.00<\/td><td>\u015bp. Halina Barbara RO\u015a 23 gr.<\/td><\/tr><tr><td class=\"has-text-align-center\" data-align=\"center\">18.00<\/td><td>\u015bp. Zdzis\u0142aw BARA\u0143SKI w 15 r. \u015bmierci<\/td><\/tr><tr><td class=\"has-text-align-center\" data-align=\"center\">18.00<\/td><td>\u015bp. Teresa SZCZUCKA<\/td><\/tr><tr><td class=\"has-text-align-center\" data-align=\"center\" rowspan=\"2\"><strong>31 grudnia, \u015broda<\/strong> <br><strong>J 1, 1-18<\/strong> <br>S\u0142owo sta\u0142o si\u0119 cia\u0142em<\/td><td>12.00<\/td><td>&nbsp;W 46 rocznic\u0119 Sakramentu Ma\u0142\u017ce\u0144stwa Zbigniewa i Marii z pro\u015bb\u0105 o Bo\u017ce b\u0142ogos\u0142awie\u0144stwo i opiek\u0119 MB dla dzieci i wnuk\u00f3w<\/td><\/tr><tr><td class=\"has-text-align-center\" data-align=\"center\">18.00<\/td><td>&nbsp;\u015bp. Zmar\u0142ych z rodziny CIENKUSZ i \u015aMIGOWSKICH<\/td><\/tr><tr><td class=\"has-text-align-center\" data-align=\"center\" rowspan=\"4\"><strong>1 stycznia, czwartek<\/strong> <br><strong>\u0141k 2, 16-21<\/strong> <br>Nadano Mu imi\u0119 Jezus <br><strong>Uroczysto\u015b\u0107 \u015awi\u0119tej Bo\u017cej Rodzicielki Maryi<\/strong><\/td><td>9.00<\/td><td>O \u015bwi\u0119te i liczne powo\u0142ania kap\u0142a\u0144skie, zakonne i misyjne oraz wytrwa\u0142o\u015b\u0107 w powo\u0142aniu. Intencja od \u017bywego R\u00f3\u017ca\u0144ca<\/td><\/tr><tr><td class=\"has-text-align-center\" data-align=\"center\">10.30<\/td><td>O Bo\u017ce b\u0142ogos\u0142awie\u0144stwo. Dary Ducha \u015awi\u0119tego opiek\u0119 \u015aw. Rodziny, \u0142ask\u0119 zdrowia dla ksi\u0119dza Tomasza SZRAMOWSKIEGO int. od \u201eMargaretki\u201d.<\/td><\/tr><tr><td class=\"has-text-align-center\" data-align=\"center\">12.00<\/td><td>&nbsp;\u015bp. M\u0119\u017ca Stanis\u0142awa oraz \u015bp. Rodzic\u00f3w Stanis\u0142aw\u0119 i Stanis\u0142awa<\/td><\/tr><tr><td class=\"has-text-align-center\" data-align=\"center\">18.00<\/td><td>\u015bp. Mieczys\u0142aw (M) P\u00d3\u0141TORARCZYK<\/td><\/tr><tr><td class=\"has-text-align-center\" data-align=\"center\" rowspan=\"2\"><strong>2 stycznia, <\/strong>pi\u0105tek <br><strong>J 1, 19-28<\/strong><br> \u015awiadectwo Jana Chrzciciela o Chrystusie <br><strong>Wspomnienie \u015bw. Bazylego Wielkiego i Grzegorza z Nazjanzu, biskup\u00f3w i doktor\u00f3w Ko\u015bcio\u0142a<\/strong> <strong>\u015awi\u0119to \u015bw. Szczepana, pierwszego m\u0119czennika<\/strong><\/td><td>12.00<\/td><td>&nbsp;Czcicieli N.S.P.J<\/td><\/tr><tr><td class=\"has-text-align-center\" data-align=\"center\">18.00<\/td><td>&nbsp;Czcicieli N.S.P.J<\/td><\/tr><tr><td class=\"has-text-align-center\" data-align=\"center\" rowspan=\"2\"><strong>3 stycznia, <\/strong>sobota <br><strong>J 1, 29-34<\/strong> <br>Chrystus jest Barankiem, kt\u00f3ry g\u0142adzi grzech \u015bwiata<\/td><td>12.00<\/td><td>\u015bp. J\u00f3zef KWIATKOWSKI w 4 r. \u015bmierci<\/td><\/tr><tr><td class=\"has-text-align-center\" data-align=\"center\">18.00<\/td><td>W 23 r. \u015bmierci Tomasza STEMPLEWSKIEGO oraz \u015bp. W\u0142adys\u0142awa (M) STEMPLEWSKIEGO<\/td><\/tr><tr><td class=\"has-text-align-center\" data-align=\"center\" rowspan=\"6\"><strong>4 stycznia<\/strong>, niedziela <br><strong>J 1, 1-18<\/strong> <br>S\u0142owo sta\u0142o si\u0119 cia\u0142em i zamieszka\u0142o mi\u0119dzy nami <br><strong>Druga Niedziela po<\/strong> <strong>Narodzeniu Pa\u0144skim<\/strong><\/td><td>7.30<\/td><td>\u015bp. Mieczys\u0142awa (K), Stanis\u0142aw, Zofia i Stanis\u0142aw<\/td><\/tr><tr><td class=\"has-text-align-center\" data-align=\"center\">9.00<\/td><td>\u015bp. Marek BARCZAK w 24 r. \u015bmierci oraz zmarli Rodzice i Rodze\u0144stwo<\/td><\/tr><tr><td class=\"has-text-align-center\" data-align=\"center\">10.30<\/td><td>Za Parafian<\/td><\/tr><tr><td class=\"has-text-align-center\" data-align=\"center\">12.00<\/td><td>\u015bp. Roman ROZWADOWSKI<\/td><\/tr><tr><td class=\"has-text-align-center\" data-align=\"center\">18.00<\/td><td>\u015bp. Wojciech ROSI\u0143SKI w 10 r. \u015bmierci oraz Helena ROJEK i zmarli z Rodziny<\/td><\/tr><tr><td class=\"has-text-align-center\" data-align=\"center\">20.00<\/td><td>&nbsp;Zmiana tajemnic r\u00f3\u017ca\u0144cowych I R\u00f3\u017ca<\/td><\/tr><\/tbody><\/table><\/figure><p><\/p>","protected":false},"excerpt":{"rendered":"<p>Intencje mszalne 29.12.2025- 04.01.2026<\/p>\n","protected":false},"author":1,"featured_media":310,"comment_status":"closed","ping_status":"closed","sticky":false,"template":"","format":"standard","meta":{"footnotes":""},"categories":[17],"tags":[],"class_list":["post-636","post","type-post","status-publish","format-standard","has-post-thumbnail","hentry","category-ogloszenia-i-intencje"],"_links":{"self":[{"href":"https:\/\/www.nowa.swrodzina.org\/index.php\/wp-json\/wp\/v2\/posts\/636","targetHints":{"allow":["GET"]}}],"collection":[{"href":"https:\/\/www.nowa.swrodzina.org\/index.php\/wp-json\/wp\/v2\/posts"}],"about":[{"href":"https:\/\/www.nowa.swrodzina.org\/index.php\/wp-json\/wp\/v2\/types\/post"}],"author":[{"embeddable":true,"href":"https:\/\/www.nowa.swrodzina.org\/index.php\/wp-json\/wp\/v2\/users\/1"}],"replies":[{"embeddable":true,"href":"https:\/\/www.nowa.swrodzina.org\/index.php\/wp-json\/wp\/v2\/comments?post=636"}],"version-history":[{"count":1,"href":"https:\/\/www.nowa.swrodzina.org\/index.php\/wp-json\/wp\/v2\/posts\/636\/revisions"}],"predecessor-version":[{"id":637,"href":"https:\/\/www.nowa.swrodzina.org\/index.php\/wp-json\/wp\/v2\/posts\/636\/revisions\/637"}],"wp:featuredmedia":[{"embeddable":true,"href":"https:\/\/www.nowa.swrodzina.org\/index.php\/wp-json\/wp\/v2\/media\/310"}],"wp:attachment":[{"href":"https:\/\/www.nowa.swrodzina.org\/index.php\/wp-json\/wp\/v2\/media?parent=636"}],"wp:term":[{"taxonomy":"category","embeddable":true,"href":"https:\/\/www.nowa.swrodzina.org\/index.php\/wp-json\/wp\/v2\/categories?post=636"},{"taxonomy":"post_tag","embeddable":true,"href":"https:\/\/www.nowa.swrodzina.org\/index.php\/wp-json\/wp\/v2\/tags?post=636"}],"curies":[{"name":"wp","href":"https:\/\/api.w.org\/{rel}","templated":true}]}}