{"id":633,"date":"2025-12-20T20:49:32","date_gmt":"2025-12-20T18:49:32","guid":{"rendered":"https:\/\/www.nowa.swrodzina.org\/?p=633"},"modified":"2025-12-20T20:49:32","modified_gmt":"2025-12-20T18:49:32","slug":"ogloszenia-parafialne-iv-niedziela-adwentu-2","status":"publish","type":"post","link":"https:\/\/www.nowa.swrodzina.org\/index.php\/2025\/12\/20\/ogloszenia-parafialne-iv-niedziela-adwentu-2\/","title":{"rendered":"Og\u0142oszenia Parafialne IV Niedziela Adwentu"},"content":{"rendered":"<p>1.&nbsp;Dzisiaj obchodzimy 4. ostatni\u0105 niedziel\u0119 Adwentu.<\/p><p>2.&nbsp;Serdecznie dzi\u0119kujemy za ofiary sk\u0142adane na prace remontowe w naszym ko\u015bciele. W ubieg\u0142\u0105 niedziel\u0119 z\u0142o\u017cono wraz z wp\u0142atami na konto parafialne 6890 z\u0142 i 1 USD.<\/p><p>3.&nbsp;Bardzo dzi\u0119kujemy za Wasz udzia\u0142 w tegorocznych rekolekcjach adwentowych.<\/p><p>4.&nbsp;W Adwencie zapraszamy do uczestnictwa w Roratach w dni powszednie o godz. 06.00. Spowied\u017a w tym tygodniu, w niedziel\u0119 w czasie Mszy \u015bw., a w dni powszednie 20 min przed Msz\u0105 \u015bw. o godz. 12.00 i o godz. 18.00.<\/p><p>5.&nbsp;Op\u0142atki na st\u00f3\u0142 wigilijny mo\u017cna naby\u0107 za dobrowoln\u0105 ofiar\u0119 w kancelarii lub w zakrystii. Ofiary z\u0142o\u017cone przy tej okazji s\u0105 przeznaczone na zakup nowych ornat\u00f3w i naczy\u0144 liturgicznych.<\/p><p>6.&nbsp;Zapraszamy na Msz\u0119 \u015bw. pasterskie w noc Bo\u017cego Narodzenia o godz. 22.00 i 24.00.<\/p><p>7.&nbsp;We czwartek Uroczysto\u015b\u0107 Bo\u017cego Narodzenia. Msze \u015bw. b\u0119d\u0105 odprawiane o godz. 09.00, 10.30, 12.00 i o godz. 18.00. <strong>Nie b\u0119dzie odprawiana Msza \u015bw. o godz. 07.30 i o godz. 20.00.<\/strong><\/p><p>8.&nbsp;W pi\u0105tek 26.12. w \u015awi\u0119to \u015bw. Szczepana, pierwszego m\u0119czennika. Msze \u015bw. b\u0119d\u0105 odprawiane o godz. 07.30, 09.00, 10.30, 12.00, 18.00. <strong>Nie b\u0119dzie Mszy \u015bw. o godz.. 20.00.<\/strong><\/p><p>9.&nbsp;Za tydzie\u0144, w niedziel\u0119, 28.12. b\u0119dziemy obchodzi\u0107 \u015awi\u0119to \u015awi\u0119tej Rodziny, nasz parafialny odpust. Mszy \u015bw. Odpustowej o godz. 12.00 b\u0119dzie przewodniczy\u0142 ks. bp elbl\u0105ski Wojciech Skibicki. Kazania podczas ca\u0142ej niedzieli g\u0142osi\u0107 b\u0119dzie ks. doktorant Piotr Kanarek, student KUL.<\/p><p>10.&nbsp;Od 27.12. zaczniemy sk\u0142ada\u0107 wizyty duszpasterskie (kol\u0119d\u0119) naszym parafianom. Tegoroczn\u0105 kol\u0119d\u0119 b\u0119dziemy rozpoczyna\u0107 od najwy\u017cszego pi\u0119tra. W sobot\u0119, <strong>27.12. od godz. 15.00 <\/strong>b\u0119d\u0105 sk\u0142adne wizyty duszpasterskie parafianom zamieszka\u0142ym przy: ul. <strong>\u0141ubinowa, Pszeniczna, Rzepakowa i S\u0142onecznikowa<\/strong>; w poniedzia\u0142ek, <strong>29.12. od godz. 16.00: <\/strong>ul. <strong>Og\u00f3lnej 1M, Mazurskiej, \u017bytniej, Kwiatkowskiego, Al. Odrodzenia <\/strong>i <strong>P\u0142k. D\u0105bka, AL. Jana Paw\u0142a II 1; we wtorek 30.12 od godz. 16.00 <\/strong>\u2013 ul. <strong>Al. Jana Paw\u0142a II 3, 5 i 7<\/strong>.<\/p><p>11.&nbsp;W czasie trwania wizyt duszpasterskich (kol\u0119dy) kancelaria parafialna b\u0119dzie czynna po ka\u017cdej. Mszy \u015bw. wieczornej.<\/p><p>12.\u00a0Przy wyj\u015bciu z ko\u015bcio\u0142a mo\u017cna naby\u0107 nowe numery prasy katolickiej (<em>Go\u015b\u0107 Niedzielny<\/em>, <em>Niedziela, Go\u015b\u0107 Ekstra \u2013 Nowy Testament<\/em>) i \u015bwi\u0105teczne \u015bwiece Caritas na st\u00f3\u0142 wigilijny w cenie 14 z\u0142. Ka\u017cda \u015bwieca daje potrzebuj\u0105cym dzieciom wakacyjny wypoczynek, ciep\u0142y posi\u0142ek, zwi\u0119ksza ich szanse edukacyjne, pomaga w leczeniu i rehabilitacji.<\/p><p>13.&nbsp;Dzi\u0119kujemy za ofiary z\u0142o\u017cone do puszek po dzisiejszych Mszach \u015bw. na cele <em>Caritas <\/em>parafialnej.<\/p>","protected":false},"excerpt":{"rendered":"<p>Dzisiaj obchodzimy 4. ostatni\u0105 niedziel\u0119 Adwentu<\/p>\n","protected":false},"author":1,"featured_media":631,"comment_status":"closed","ping_status":"closed","sticky":false,"template":"","format":"standard","meta":{"footnotes":""},"categories":[17],"tags":[],"class_list":["post-633","post","type-post","status-publish","format-standard","has-post-thumbnail","hentry","category-ogloszenia-i-intencje"],"_links":{"self":[{"href":"https:\/\/www.nowa.swrodzina.org\/index.php\/wp-json\/wp\/v2\/posts\/633","targetHints":{"allow":["GET"]}}],"collection":[{"href":"https:\/\/www.nowa.swrodzina.org\/index.php\/wp-json\/wp\/v2\/posts"}],"about":[{"href":"https:\/\/www.nowa.swrodzina.org\/index.php\/wp-json\/wp\/v2\/types\/post"}],"author":[{"embeddable":true,"href":"https:\/\/www.nowa.swrodzina.org\/index.php\/wp-json\/wp\/v2\/users\/1"}],"replies":[{"embeddable":true,"href":"https:\/\/www.nowa.swrodzina.org\/index.php\/wp-json\/wp\/v2\/comments?post=633"}],"version-history":[{"count":1,"href":"https:\/\/www.nowa.swrodzina.org\/index.php\/wp-json\/wp\/v2\/posts\/633\/revisions"}],"predecessor-version":[{"id":634,"href":"https:\/\/www.nowa.swrodzina.org\/index.php\/wp-json\/wp\/v2\/posts\/633\/revisions\/634"}],"wp:featuredmedia":[{"embeddable":true,"href":"https:\/\/www.nowa.swrodzina.org\/index.php\/wp-json\/wp\/v2\/media\/631"}],"wp:attachment":[{"href":"https:\/\/www.nowa.swrodzina.org\/index.php\/wp-json\/wp\/v2\/media?parent=633"}],"wp:term":[{"taxonomy":"category","embeddable":true,"href":"https:\/\/www.nowa.swrodzina.org\/index.php\/wp-json\/wp\/v2\/categories?post=633"},{"taxonomy":"post_tag","embeddable":true,"href":"https:\/\/www.nowa.swrodzina.org\/index.php\/wp-json\/wp\/v2\/tags?post=633"}],"curies":[{"name":"wp","href":"https:\/\/api.w.org\/{rel}","templated":true}]}}