{"id":630,"date":"2025-12-20T20:47:47","date_gmt":"2025-12-20T18:47:47","guid":{"rendered":"https:\/\/www.nowa.swrodzina.org\/?p=630"},"modified":"2025-12-20T20:47:48","modified_gmt":"2025-12-20T18:47:48","slug":"intencje-mszalne-iv-niedziela-adwentu-2","status":"publish","type":"post","link":"https:\/\/www.nowa.swrodzina.org\/index.php\/2025\/12\/20\/intencje-mszalne-iv-niedziela-adwentu-2\/","title":{"rendered":"Intencje Mszalne IV Niedziela Adwentu"},"content":{"rendered":"<figure class=\"wp-block-table\"><table><tbody><tr><td class=\"has-text-align-center\" data-align=\"center\" rowspan=\"3\"><strong>22 grudnia, <\/strong>poniedzia\u0142ek <br><strong>\u0141k 1, 46-56<\/strong> <br>Maryja dzi\u0119kuje za wcielenie Syna Bo\u017cego<\/td><td>6.00<\/td><td>O liczne i \u015bwi\u0119te powo\u0142ania kap\u0142a\u0144skie, misyjne i zakonne<\/td><\/tr><tr><td class=\"has-text-align-center\" data-align=\"center\">12.00<\/td><td>\u015bp. Barbara Halina RO\u015a 22 gr.<\/td><\/tr><tr><td class=\"has-text-align-center\" data-align=\"center\">18.00<\/td><td>\u015bp. Tadeusz TURALSKI<\/td><\/tr><tr><td class=\"has-text-align-center\" data-align=\"center\" rowspan=\"4\"><strong>23 grudnia, <\/strong>wtorek <br><strong>\u0141k 1, 57-66<\/strong> <br>Narodzenie Jana Chrzciciela<\/td><td>6.00<\/td><td>Dusze w czy\u015b\u0107cu cierpi\u0105ce<\/td><\/tr><tr><td class=\"has-text-align-center\" data-align=\"center\">12.00<\/td><td>\u015bp. Halina Barbara RO\u015a 23 gr.<\/td><\/tr><tr><td class=\"has-text-align-center\" data-align=\"center\">12.00<\/td><td>\u015bp. Katarzyna RAKOCZY w 1 rocz. \u015bmierci<\/td><\/tr><tr><td class=\"has-text-align-center\" data-align=\"center\">18.00<\/td><td>\u015bp. Roman ROZWADOWSKI<\/td><\/tr><tr><td class=\"has-text-align-center\" data-align=\"center\" rowspan=\"6\"><strong>24 grudnia, \u015broda<\/strong> <br><strong>\u0141k 1, 67-79<\/strong> <br>Nawiedzi nas z wysoka Wschodz\u0105ce S\u0142o\u0144ce <br><strong>Wigilia Bo\u017cego Narodzenia<\/strong><\/td><td>6.00<\/td><td>\u015bp. Ma\u0142gorzata, Henryk, Jadwiga i Edmund<\/td><\/tr><tr><td class=\"has-text-align-center\" data-align=\"center\">6.00<\/td><td>Za dusze w czy\u015b\u0107cu cierpi\u0105ce<\/td><\/tr><tr><td class=\"has-text-align-center\" data-align=\"center\">6.00<\/td><td>\u015bp. Barbara Halina RO\u015a 24 gr.<\/td><\/tr><tr><td class=\"has-text-align-center\" data-align=\"center\">22.00<\/td><td>\u015bp. Antoni, Maria, Tadeusz, Emilia i Bronis\u0142aw MARCINKIEWICZ \u015bp. Zofia, J\u00f3zef BIE\u0143 i zm. z Rodziny<\/td><\/tr><tr><td class=\"has-text-align-center\" data-align=\"center\">24.00<\/td><td>Za Parafian<\/td><\/tr><tr><td class=\"has-text-align-center\" data-align=\"center\">24.00<\/td><td>O Bo\u017ce b\u0142ogos\u0142awie\u0144stwo dla Urszuli i Martina MARK oraz Zofii i Jerzego, Adama MALI\u0143SKICH<\/td><\/tr><tr><td class=\"has-text-align-center\" data-align=\"center\" rowspan=\"5\"><strong>25 grudnia, czwartek<\/strong> <br><strong>J 1, 1-18<\/strong> <br>S\u0142owo sta\u0142o si\u0119 cia\u0142em <br><strong>Uroczysto\u015b\u0107 Narodzenia Pa\u0144skiego<\/strong><\/td><td>9.00<\/td><td>\u015bp. Wies\u0142aw MNICH<\/td><\/tr><tr><td class=\"has-text-align-center\" data-align=\"center\">9.00<\/td><td>\u015bp. Barbara Halina RO\u015a 25 gr.<\/td><\/tr><tr><td class=\"has-text-align-center\" data-align=\"center\">10.30<\/td><td>\u015bp. Antoni, Maria, Tadeusz, Emilia i Bronis\u0142aw MARCINKIEWICZ \u015bp. Zofia, J\u00f3zef BIE\u0143 i zm. z Rodziny<\/td><\/tr><tr><td class=\"has-text-align-center\" data-align=\"center\">12.00<\/td><td>\u015bp. Ewa ZIEMKIEWICZ&nbsp; i Pawe\u0142 GROTH<\/td><\/tr><tr><td class=\"has-text-align-center\" data-align=\"center\">18.00<\/td><td>Za Parafian<\/td><\/tr><tr><td class=\"has-text-align-center\" data-align=\"center\" rowspan=\"5\"><strong>26 grudnia, <\/strong>pi\u0105tek <br><strong>Mt 10, 17-22<\/strong> Nie wy b\u0119dziecie m\u00f3wili, lecz Duch Ojca waszego b\u0119dzie m\u00f3wi\u0142 przez Was <br><strong>\u015awi\u0119to \u015bw. Szczepana, pierwszego m\u0119czennika<\/strong><\/td><td>7.30<\/td><td>Helena, Gerard, Grzegorz ROSTANKOWSCY<\/td><\/tr><tr><td class=\"has-text-align-center\" data-align=\"center\">9.00<\/td><td>Dzi\u0119kczynno-b\u0142agalna z okazji 47 rocznicy Sakramentu ma\u0142\u017ce\u0144stwa Doroty i Waldemara oraz opiek\u0119 \u015aw. Rodziny dla Jubilat\u00f3w&nbsp; i syn\u00f3w z rodzinami<\/td><\/tr><tr><td class=\"has-text-align-center\" data-align=\"center\">10.30<\/td><td>\u015bp. Stanis\u0142aw (m) w 5 r. \u015bmierci i Marianna w 18 r. \u015bmierci<\/td><\/tr><tr><td class=\"has-text-align-center\" data-align=\"center\">12.00<\/td><td>\u015bp. Barbara Halina RO\u015a 26 gr.<\/td><\/tr><tr><td class=\"has-text-align-center\" data-align=\"center\">18.00<\/td><td>O Bo\u017ce b\u0142ogos\u0142awie\u0144stwo i opiek\u0119 MB, zdrowie i potrzebne \u0142aski dla Zdzis\u0142awy (K) i Janusza KO\u0141AKOWSKICH z okazji 55 rocznicy zawarcia Sakramentu Ma\u0142\u017ce\u0144stwa oraz wszelkie \u0142aski dla dzieci, wnuk\u00f3w i synowych<\/td><\/tr><tr><td class=\"has-text-align-center\" data-align=\"center\" rowspan=\"3\"><strong>27 grudnia, <\/strong>sobota <br><strong>J 20, 2-8<\/strong> <br>Jan przyby\u0142 pierwszy do grobu <br><strong>\u015awi\u0119to \u015bw. Jana, Ewangelisty<\/strong><\/td><td>12.00<\/td><td>\u015bp. Barbara Halina RO\u015a 27 gr.<\/td><\/tr><tr><td class=\"has-text-align-center\" data-align=\"center\">12.00<\/td><td>\u015bp. Irena w 29 r. \u015bmierci, Jan w 1 r. \u015bmierci PTASZY\u0143SCY<\/td><\/tr><tr><td class=\"has-text-align-center\" data-align=\"center\">18.00<\/td><td>\u015bp. Krystyna GAWRON<\/td><\/tr><tr><td class=\"has-text-align-center\" data-align=\"center\" rowspan=\"7\"><strong>28 grudnia<\/strong>, niedziela <br><strong>\u0141k 2, 41-52<\/strong> <br>Znalezienie Jezusa<br>w \u015bwi\u0105tyni <br><strong>Uroczysto\u015b\u0107 \u015awi\u0119tej<br>Rodziny\u00a0<\/strong><\/td><td>7.30<\/td><td>Dzi\u0119kczynna za otrzymane \u0142aski dla Artura i Jego Rodziny<\/td><\/tr><tr><td class=\"has-text-align-center\" data-align=\"center\">9.00<\/td><td>\u015bp. Marian i Waleria WOJTCZAK oraz \u015bp. Zbigniew i Irena KALI\u0143SKA<\/td><\/tr><tr><td class=\"has-text-align-center\" data-align=\"center\">10.30<\/td><td>\u015bp. Maria, Tomasz DERWAL<\/td><\/tr><tr><td class=\"has-text-align-center\" data-align=\"center\">12.00<\/td><td>Za Parafian<\/td><\/tr><tr><td class=\"has-text-align-center\" data-align=\"center\">12.00<\/td><td>\u015bp. Barbara Halina RO\u015a 27 gr.<\/td><\/tr><tr><td class=\"has-text-align-center\" data-align=\"center\">18.00<\/td><td>\u015bp. W\u0142adys\u0142awa (k), Albin, Jerzy, S\u0142awomir MA\u015aLI\u0143SCY, J\u00f3zef GROCHLA<\/td><\/tr><tr><td class=\"has-text-align-center\" data-align=\"center\">20.00<\/td><td>\u015bp. Tadeusz Turalski<\/td><\/tr><\/tbody><\/table><\/figure>","protected":false},"excerpt":{"rendered":"<p>Intencje mszalne 22.12- 28.12<\/p>\n","protected":false},"author":1,"featured_media":631,"comment_status":"closed","ping_status":"closed","sticky":false,"template":"","format":"standard","meta":{"footnotes":""},"categories":[17],"tags":[],"class_list":["post-630","post","type-post","status-publish","format-standard","has-post-thumbnail","hentry","category-ogloszenia-i-intencje"],"_links":{"self":[{"href":"https:\/\/www.nowa.swrodzina.org\/index.php\/wp-json\/wp\/v2\/posts\/630","targetHints":{"allow":["GET"]}}],"collection":[{"href":"https:\/\/www.nowa.swrodzina.org\/index.php\/wp-json\/wp\/v2\/posts"}],"about":[{"href":"https:\/\/www.nowa.swrodzina.org\/index.php\/wp-json\/wp\/v2\/types\/post"}],"author":[{"embeddable":true,"href":"https:\/\/www.nowa.swrodzina.org\/index.php\/wp-json\/wp\/v2\/users\/1"}],"replies":[{"embeddable":true,"href":"https:\/\/www.nowa.swrodzina.org\/index.php\/wp-json\/wp\/v2\/comments?post=630"}],"version-history":[{"count":1,"href":"https:\/\/www.nowa.swrodzina.org\/index.php\/wp-json\/wp\/v2\/posts\/630\/revisions"}],"predecessor-version":[{"id":632,"href":"https:\/\/www.nowa.swrodzina.org\/index.php\/wp-json\/wp\/v2\/posts\/630\/revisions\/632"}],"wp:featuredmedia":[{"embeddable":true,"href":"https:\/\/www.nowa.swrodzina.org\/index.php\/wp-json\/wp\/v2\/media\/631"}],"wp:attachment":[{"href":"https:\/\/www.nowa.swrodzina.org\/index.php\/wp-json\/wp\/v2\/media?parent=630"}],"wp:term":[{"taxonomy":"category","embeddable":true,"href":"https:\/\/www.nowa.swrodzina.org\/index.php\/wp-json\/wp\/v2\/categories?post=630"},{"taxonomy":"post_tag","embeddable":true,"href":"https:\/\/www.nowa.swrodzina.org\/index.php\/wp-json\/wp\/v2\/tags?post=630"}],"curies":[{"name":"wp","href":"https:\/\/api.w.org\/{rel}","templated":true}]}}