{"id":628,"date":"2025-12-14T00:14:55","date_gmt":"2025-12-13T22:14:55","guid":{"rendered":"https:\/\/www.nowa.swrodzina.org\/?p=628"},"modified":"2025-12-14T00:14:55","modified_gmt":"2025-12-13T22:14:55","slug":"ogloszenia-parafialne-iii-niedziela-adwentu-2","status":"publish","type":"post","link":"https:\/\/www.nowa.swrodzina.org\/index.php\/2025\/12\/14\/ogloszenia-parafialne-iii-niedziela-adwentu-2\/","title":{"rendered":"Og\u0142oszenia Parafialne III Niedziela Adwentu"},"content":{"rendered":"<p>1.&nbsp;Dzisiaj obchodzimy 3 niedziel\u0119 Adwentu.<\/p><p>2.&nbsp;Ofiary sk\u0142adane w czasie Mszy \u015bw. s\u0105 przeznaczone na prace remontowe w ko\u015bciele. Wszystkim ofiarodawcom serdecznie dzi\u0119kujemy.<\/p><p>3.&nbsp;Rozpoczynamy rekolekcje adwentowe. Tegoroczne nauki rekolekcyjne g\u0142osi ks. Przemys\u0142aw Demski &#8211; Proboszcz Parafii B\u0142. Jerzego Matulewicza w Pas\u0142\u0119ku. Serdecznie zapraszamy do udzia\u0142u w rekolekcjach codziennie do wtorku 16.12. o godz. 10.00, 12.00, 18.00. W czasie rekolekcji spowied\u017a b\u0119dzie odbywa\u0142a si\u0119 p\u00f3\u0142 godziny przed Msz\u0105 \u015bw.<\/p><p>4.&nbsp;W czasie Adwentu zapraszamy do uczestnictwa w Roratach w dni powszednie o godz. 06.00 (rano).<\/p><p>5.&nbsp;Dzisiaj po Mszy \u015bw. o godz. 12.00,spotkanie dla rodzic\u00f3w dzieci, kt\u00f3re przygotowuj\u0105 si\u0119 do I Komunii \u015bw. Podczas Mszy \u015bw. po\u015bwi\u0119cenie ksi\u0105\u017ceczek do nabo\u017ce\u0144stwa dla dzieci<\/p><p>6.&nbsp;Op\u0142atki na st\u00f3\u0142 wigilijny mo\u017cna naby\u0107 za dobrowoln\u0105 ofiar\u0119 w kancelarii lub w zakrystii. Z\u0142o\u017cone ofiary na op\u0142atki zostan\u0105 przeznaczone na zakup nowych ornat\u00f3w i naczy\u0144 liturgicznych.<\/p><p>7.&nbsp;Dzi\u0119kujemy za Wasz udzia\u0142 w warsztatach r\u0119kodzie\u0142a, To 6 spotka\u0144, kt\u00f3re ubogaci\u0142y nas w tworzeniu pi\u0119knych, w\u0142asnor\u0119cznie wykonanych dekoracji. Dzi\u0119kujemy Pani Annie za prowadzenie tych warsztat\u00f3w. Po Nowym Roku zapraszamy na kolejne spotkania.<\/p><p>8.&nbsp;Przy wyj\u015bciu z ko\u015bcio\u0142a mo\u017cna naby\u0107 nowe numery prasy katolickiej (Go\u015b\u0107 Niedzielny, Niedziela) i \u015bwi\u0105teczne \u015bwiece Caritas na st\u00f3\u0142 wigilijny w cenie 14 z\u0142 i 24 z\u0142. Ka\u017cda \u015bwieca daje potrzebuj\u0105cym dzieciom wakacyjny wypoczynek, ciep\u0142y posi\u0142ek, zwi\u0119ksza ich szanse edukacyjne, pomaga w leczeniu i rehabilitacji.<\/p><p>9.&nbsp;Za tydzie\u0144 ofiary z\u0142o\u017cone do puszek po Mszach \u015bw. b\u0119d\u0105 przeznaczone na cele Caritas parafialnej.<\/p>","protected":false},"excerpt":{"rendered":"<p>Dzisiaj obchodzimy 3 niedziel\u0119 Adwentu<\/p>\n","protected":false},"author":1,"featured_media":626,"comment_status":"closed","ping_status":"closed","sticky":false,"template":"","format":"standard","meta":{"footnotes":""},"categories":[17],"tags":[],"class_list":["post-628","post","type-post","status-publish","format-standard","has-post-thumbnail","hentry","category-ogloszenia-i-intencje"],"_links":{"self":[{"href":"https:\/\/www.nowa.swrodzina.org\/index.php\/wp-json\/wp\/v2\/posts\/628","targetHints":{"allow":["GET"]}}],"collection":[{"href":"https:\/\/www.nowa.swrodzina.org\/index.php\/wp-json\/wp\/v2\/posts"}],"about":[{"href":"https:\/\/www.nowa.swrodzina.org\/index.php\/wp-json\/wp\/v2\/types\/post"}],"author":[{"embeddable":true,"href":"https:\/\/www.nowa.swrodzina.org\/index.php\/wp-json\/wp\/v2\/users\/1"}],"replies":[{"embeddable":true,"href":"https:\/\/www.nowa.swrodzina.org\/index.php\/wp-json\/wp\/v2\/comments?post=628"}],"version-history":[{"count":1,"href":"https:\/\/www.nowa.swrodzina.org\/index.php\/wp-json\/wp\/v2\/posts\/628\/revisions"}],"predecessor-version":[{"id":629,"href":"https:\/\/www.nowa.swrodzina.org\/index.php\/wp-json\/wp\/v2\/posts\/628\/revisions\/629"}],"wp:featuredmedia":[{"embeddable":true,"href":"https:\/\/www.nowa.swrodzina.org\/index.php\/wp-json\/wp\/v2\/media\/626"}],"wp:attachment":[{"href":"https:\/\/www.nowa.swrodzina.org\/index.php\/wp-json\/wp\/v2\/media?parent=628"}],"wp:term":[{"taxonomy":"category","embeddable":true,"href":"https:\/\/www.nowa.swrodzina.org\/index.php\/wp-json\/wp\/v2\/categories?post=628"},{"taxonomy":"post_tag","embeddable":true,"href":"https:\/\/www.nowa.swrodzina.org\/index.php\/wp-json\/wp\/v2\/tags?post=628"}],"curies":[{"name":"wp","href":"https:\/\/api.w.org\/{rel}","templated":true}]}}