{"id":625,"date":"2025-12-14T00:14:08","date_gmt":"2025-12-13T22:14:08","guid":{"rendered":"https:\/\/www.nowa.swrodzina.org\/?p=625"},"modified":"2025-12-14T00:14:08","modified_gmt":"2025-12-13T22:14:08","slug":"intencje-mszalne-iii-niedziela-adwentu-2","status":"publish","type":"post","link":"https:\/\/www.nowa.swrodzina.org\/index.php\/2025\/12\/14\/intencje-mszalne-iii-niedziela-adwentu-2\/","title":{"rendered":"Intencje Mszalne III Niedziela Adwentu"},"content":{"rendered":"<figure class=\"wp-block-table\"><table><tbody><tr><td class=\"has-text-align-center\" data-align=\"center\" rowspan=\"5\"><strong>15 grudnia,\u00a0 <\/strong>poniedzia\u0142ek <br><strong>Mt 21, 23-27<\/strong> <br>Sk\u0105d pochodzi chrzest Janowy?<\/td><td>6.00<\/td><td>O uzdrowienie duszy i cia\u0142a oraz opiek\u0119 Matki Bo\u017cej dla Barbary<\/td><\/tr><tr><td class=\"has-text-align-center\" data-align=\"center\">10.00<\/td><td>\u015bp. Jadwiga (19r.) oraz J\u00f3zef (47r.)<\/td><\/tr><tr><td class=\"has-text-align-center\" data-align=\"center\">12.00<\/td><td>\u015bp. Barbara Halina RO\u015a 15 gr.<\/td><\/tr><tr><td class=\"has-text-align-center\" data-align=\"center\">18.00<\/td><td>Dzi\u0119kczynna za 48 l. ma\u0142\u017ce\u0144stwa Krystyny i Marka D\u0118BSKICH z pro\u015bb\u0105 o Bo\u017ce b\u0142ogos\u0142awie\u0144stwo<\/td><\/tr><tr><td class=\"has-text-align-center\" data-align=\"center\">18.00<\/td><td>\u015bp. Roman ROZWADOWSKI<\/td><\/tr><tr><td class=\"has-text-align-center\" data-align=\"center\" rowspan=\"5\"><strong>16 grudnia, <\/strong>wtorek <br><strong>Mt 21, 28-32<\/strong> <br>Grzesznicy uwierzyli Janowi<\/td><td>6.00<\/td><td>O Bo\u017ce prowadzenie dla Barbary<\/td><\/tr><tr><td class=\"has-text-align-center\" data-align=\"center\">10.00<\/td><td>\u015bp. Tadeusz GRABOWSKI w dniu imienin oraz zmarli z rodzin GRABOWSKICH I JANIEC<\/td><\/tr><tr><td class=\"has-text-align-center\" data-align=\"center\">12.00<\/td><td>\u015bp. Barbara Halina RO\u015a 16 gr.<\/td><\/tr><tr><td class=\"has-text-align-center\" data-align=\"center\">18.00<\/td><td>\u015bp. Henryka (k) KUREK w 2 r. \u015bmierci<\/td><\/tr><tr><td class=\"has-text-align-center\" data-align=\"center\">18.00<\/td><td>Dzi\u0119kczynna za rozwi\u0105zanie problem\u00f3w Piotra<\/td><\/tr><tr><td class=\"has-text-align-center\" data-align=\"center\" rowspan=\"3\"><strong>17 grudnia, \u015b<\/strong>roda <br><strong>Mt 1, 1-17<\/strong> <br>Rodow\u00f3d Jezusa<\/td><td>6.00<\/td><td>\u015bp. Zdzis\u0142awa SAMOLEWICZ-BURTOWSKA<\/td><\/tr><tr><td class=\"has-text-align-center\" data-align=\"center\">12.00<\/td><td>\u015bp. Edyta (4r.), W\u0142adys\u0142aw, Marian, Genowefa, Edward i Eugeniusz<\/td><\/tr><tr><td class=\"has-text-align-center\" data-align=\"center\">18.00<\/td><td>\u015bp. Barbara Halina RO\u015a 17 gr.<\/td><\/tr><tr><td class=\"has-text-align-center\" data-align=\"center\" rowspan=\"3\"><strong>18 grudnia, <\/strong>czwartek <br><strong>Mt 1, 18-24<\/strong> <br>Jezus urodzi si\u0119 z Maryi<\/td><td>6.00<\/td><td>Dzi\u0119kczynna za miniony rok z pro\u015bb\u0105 o Bo\u017ce b\u0142ogos\u0142awie\u0144stwo i opiek\u0119 Matki Bo\u017cej dla III r\u00f3\u017cy r\u00f3\u017ca\u0144cowej<\/td><\/tr><tr><td class=\"has-text-align-center\" data-align=\"center\">12.00<\/td><td>\u015bp. Barbara Halina RO\u015a 18 gr.<\/td><\/tr><tr><td class=\"has-text-align-center\" data-align=\"center\">18.00<\/td><td>\u015bp. Jerzy \u017bUCHOWSKI w 1 r. \u015bmierci<\/td><\/tr><tr><td class=\"has-text-align-center\" data-align=\"center\" rowspan=\"4\"><strong>19 grudnia, <\/strong>pi\u0105tek <br><strong>\u0141k 1, 5-25<\/strong> <br>Zapowied\u017a narodzenia Jana<\/td><td>6.00<\/td><td>Z okazji 48 urodzin Mariana z pro\u015bb\u0105 o Bo\u017ce b\u0142. i potrzebne \u0142aski<\/td><\/tr><tr><td class=\"has-text-align-center\" data-align=\"center\">12.00<\/td><td>Za czcicieli Mi\u0142osierdzia Bo\u017cego<\/td><\/tr><tr><td class=\"has-text-align-center\" data-align=\"center\">18.00<\/td><td>Za czcicieli Mi\u0142osierdzia Bo\u017cego<\/td><\/tr><tr><td class=\"has-text-align-center\" data-align=\"center\">18.00<\/td><td>\u015bp. Barbara Halina RO\u015a 19 gr.<\/td><\/tr><tr><td class=\"has-text-align-center\" data-align=\"center\" rowspan=\"4\"><strong>20 grudnia, <\/strong>sobota <br><strong>\u0141k 1, 26-38<\/strong> <br>Maryja pocznie i porodzi Syna<\/td><td>6.00<\/td><td>\u015bp. Roman ROZWADOWSKI<\/td><\/tr><tr><td class=\"has-text-align-center\" data-align=\"center\">12.00<\/td><td>W intencji rodzin, ma\u0142\u017ce\u0144stw i os\u00f3b samotnych<\/td><\/tr><tr><td class=\"has-text-align-center\" data-align=\"center\">12.00<\/td><td>\u015bp. Jadwiga, Stanis\u0142aw, Czes\u0142aw, Wac\u0142aw KOSTRYCCY, Feliksa(k), Antoni WZOREK i Jerzy CIOSEK<\/td><\/tr><tr><td class=\"has-text-align-center\" data-align=\"center\">18.00<\/td><td>\u015bp. Barbara Halina RO\u015a 20 gr.<\/td><\/tr><tr><td class=\"has-text-align-center\" data-align=\"center\" rowspan=\"6\"><strong>21 grudnia<\/strong>, niedziela <br><strong>Mt 1, 18-24<\/strong> <br>Jezus narodzi si\u0119 Maryi za\u015blubionej J\u00f3zefowi, potomkowi Dawida <br><strong>IV NIEDZIELA<\/strong> <strong>ADWENTU<\/strong><\/td><td>7.30<\/td><td>\u015bp. Krystyna KUNA<\/td><\/tr><tr><td class=\"has-text-align-center\" data-align=\"center\">9.00<\/td><td>\u015bp. Kamila w rocznic\u0119 \u015bmierci oraz za zmar\u0142ych z rodziny<\/td><\/tr><tr><td class=\"has-text-align-center\" data-align=\"center\">10.30<\/td><td>\u015bp. Janina i Kazimierz CHOJNICCY<\/td><\/tr><tr><td class=\"has-text-align-center\" data-align=\"center\">12.00<\/td><td>\u015bp. Barbara Halina RO\u015a 21 gr.<\/td><\/tr><tr><td class=\"has-text-align-center\" data-align=\"center\">18.00<\/td><td>\u015bp. Henryk J\u0118DRASZEK w 2 r. \u015bmierci oraz \u015bp. Wac\u0142awa(k)<\/td><\/tr><tr><td class=\"has-text-align-center\" data-align=\"center\">20.00<\/td><td>za parafian<\/td><\/tr><\/tbody><\/table><\/figure>","protected":false},"excerpt":{"rendered":"<p>Intencje mszalne 15.12- 21.12<\/p>\n","protected":false},"author":1,"featured_media":626,"comment_status":"closed","ping_status":"closed","sticky":false,"template":"","format":"standard","meta":{"footnotes":""},"categories":[17],"tags":[],"class_list":["post-625","post","type-post","status-publish","format-standard","has-post-thumbnail","hentry","category-ogloszenia-i-intencje"],"_links":{"self":[{"href":"https:\/\/www.nowa.swrodzina.org\/index.php\/wp-json\/wp\/v2\/posts\/625","targetHints":{"allow":["GET"]}}],"collection":[{"href":"https:\/\/www.nowa.swrodzina.org\/index.php\/wp-json\/wp\/v2\/posts"}],"about":[{"href":"https:\/\/www.nowa.swrodzina.org\/index.php\/wp-json\/wp\/v2\/types\/post"}],"author":[{"embeddable":true,"href":"https:\/\/www.nowa.swrodzina.org\/index.php\/wp-json\/wp\/v2\/users\/1"}],"replies":[{"embeddable":true,"href":"https:\/\/www.nowa.swrodzina.org\/index.php\/wp-json\/wp\/v2\/comments?post=625"}],"version-history":[{"count":1,"href":"https:\/\/www.nowa.swrodzina.org\/index.php\/wp-json\/wp\/v2\/posts\/625\/revisions"}],"predecessor-version":[{"id":627,"href":"https:\/\/www.nowa.swrodzina.org\/index.php\/wp-json\/wp\/v2\/posts\/625\/revisions\/627"}],"wp:featuredmedia":[{"embeddable":true,"href":"https:\/\/www.nowa.swrodzina.org\/index.php\/wp-json\/wp\/v2\/media\/626"}],"wp:attachment":[{"href":"https:\/\/www.nowa.swrodzina.org\/index.php\/wp-json\/wp\/v2\/media?parent=625"}],"wp:term":[{"taxonomy":"category","embeddable":true,"href":"https:\/\/www.nowa.swrodzina.org\/index.php\/wp-json\/wp\/v2\/categories?post=625"},{"taxonomy":"post_tag","embeddable":true,"href":"https:\/\/www.nowa.swrodzina.org\/index.php\/wp-json\/wp\/v2\/tags?post=625"}],"curies":[{"name":"wp","href":"https:\/\/api.w.org\/{rel}","templated":true}]}}