{"id":402,"date":"2025-04-05T21:48:21","date_gmt":"2025-04-05T19:48:21","guid":{"rendered":"https:\/\/www.nowa.swrodzina.org\/?p=402"},"modified":"2025-04-05T21:48:22","modified_gmt":"2025-04-05T19:48:22","slug":"ogloszenia-parafialne-5-niedziela-wielkiego-postu","status":"publish","type":"post","link":"https:\/\/www.nowa.swrodzina.org\/index.php\/2025\/04\/05\/ogloszenia-parafialne-5-niedziela-wielkiego-postu\/","title":{"rendered":"Og\u0142oszenia Parafialne 5. Niedziela Wielkiego Postu"},"content":{"rendered":"<p>1.Dzisiaj celebrujemy V niedziel\u0119 Wielkiego Postu. Rozpocz\u0119li\u015bmy nasze wielkopostne rekolekcje. Witamy w naszej parafii ks. Marka Ciesielskiego. Rekolekcje potrwaj\u0105 do \u015brody w\u0142\u0105cznie. Nauki rekolekcyjne codziennie o godz. 10.00, 12.00 i o godz. 18.00. Dzieci maj\u0105 swoje spotkanie w poniedzia\u0142ek o godz. 16.30. Spowied\u017a p\u00f3\u0142 godziny przed ka\u017cd\u0105 Msz\u0105 \u015bwi\u0119t\u0105.<\/p><p>2. W Wielkim Po\u015bcie zapraszamy do uczestnictwa w nabo\u017ce\u0144stwach Drogi Krzy\u017cowej w pi\u0105tki o godz. 11.30, 17.30 i z udzia\u0142em dzieci o godz. 16.30 oraz w Gorzkich \u017balach w niedziel\u0119 o godz. 17.30.<\/p><p>3. Za tydzie\u0144 Niedziela M\u0119ki Pa\u0144skiej \u2013 Niedziela Palmowa. Po\u015bwiecenie palm na ka\u017cdej Mszy \u015bw. Zapraszamy dzieci do wzi\u0119cia udzia\u0142u w konkursie na najwy\u017csz\u0105 w\u0142asnor\u0119cznie zrobion\u0105 palm\u0119. Dzieci z najpi\u0119kniejszymi i najwy\u017cszymi palmami otrzymaj\u0105 nagrody.<\/p><p>4. Dzisiaj 6 rocznica \u015bwi\u0119ce\u0144 biskupich ks. bpa Wojciecha Skibickiego. Pami\u0119tajmy w naszej modlitwie o ksi\u0119dzu biskupie Wojciechu.<\/p><p>5. Po Mszach \u015bw. Caritas parafialny rozprowadza \u015bwiece wielkanocne. Ofiary sk\u0142adane przy tej okazji wespr\u0105 najubo\u017cszych z naszej Parafii.<\/p><p>6. Zapraszamy na Ekstremaln\u0105 Drog\u0119 Krzy\u017cow\u0105 w dniu 11 kwietnia (pi\u0105tek). Rozpocz\u0119cie drogi krzy\u017cowej w ko\u015bciele \u015aw. Brata Alberta o godz. 20.00 Msz\u0105 \u015bw., by p\u00f3\u017aniej wyruszy\u0107 w ca\u0142onocn\u0105 drog\u0119 na pi\u0119ciu trasach licz\u0105cych po 41 kilometr\u00f3w ka\u017cda.<\/p><p>7. Za tydzie\u0144 druga niedziela miesi\u0105ca i taca inwestycyjna.<\/p><p>8. Dzisiaj wolontariusze z Hospicjum Elbl\u0105skiego zbieraj\u0105 ofiary do puszek na prowadzenie Hospicjum. Serdeczne B\u00f3g zap\u0142a\u0107 za wsparcie tego pi\u0119knego dzie\u0142a.&nbsp;<\/p><p>9. Przy wyj\u015bciu z ko\u015bcio\u0142a mo\u017cna naby\u0107 nowe numery prasy katolickiej (Go\u015b\u0107 Niedzielny, <em>Ma\u0142y Go\u015b\u0107 niedzielny<\/em>, Niedziela).<\/p><p>10. W minionym tygodniu odeszli do wieczno\u015bci: \u015bp. <strong>Edmund Nowek<\/strong> w wieku 79 lat, \u015bp. <strong>Roman Lewandowski<\/strong> w wieku 76 lat, \u015bp. <strong>Henryk Korzeniewski<\/strong> w wieku 77 lat. Wieczny odpoczynek racz Im da\u0107, Panie\u2026.<\/p><p><\/p>","protected":false},"excerpt":{"rendered":"<p>Celebrujemy V niedziel\u0119 Wielkiego Postu<\/p>\n","protected":false},"author":1,"featured_media":400,"comment_status":"closed","ping_status":"closed","sticky":false,"template":"","format":"standard","meta":{"footnotes":""},"categories":[17],"tags":[],"class_list":["post-402","post","type-post","status-publish","format-standard","has-post-thumbnail","hentry","category-ogloszenia-i-intencje"],"_links":{"self":[{"href":"https:\/\/www.nowa.swrodzina.org\/index.php\/wp-json\/wp\/v2\/posts\/402","targetHints":{"allow":["GET"]}}],"collection":[{"href":"https:\/\/www.nowa.swrodzina.org\/index.php\/wp-json\/wp\/v2\/posts"}],"about":[{"href":"https:\/\/www.nowa.swrodzina.org\/index.php\/wp-json\/wp\/v2\/types\/post"}],"author":[{"embeddable":true,"href":"https:\/\/www.nowa.swrodzina.org\/index.php\/wp-json\/wp\/v2\/users\/1"}],"replies":[{"embeddable":true,"href":"https:\/\/www.nowa.swrodzina.org\/index.php\/wp-json\/wp\/v2\/comments?post=402"}],"version-history":[{"count":1,"href":"https:\/\/www.nowa.swrodzina.org\/index.php\/wp-json\/wp\/v2\/posts\/402\/revisions"}],"predecessor-version":[{"id":403,"href":"https:\/\/www.nowa.swrodzina.org\/index.php\/wp-json\/wp\/v2\/posts\/402\/revisions\/403"}],"wp:featuredmedia":[{"embeddable":true,"href":"https:\/\/www.nowa.swrodzina.org\/index.php\/wp-json\/wp\/v2\/media\/400"}],"wp:attachment":[{"href":"https:\/\/www.nowa.swrodzina.org\/index.php\/wp-json\/wp\/v2\/media?parent=402"}],"wp:term":[{"taxonomy":"category","embeddable":true,"href":"https:\/\/www.nowa.swrodzina.org\/index.php\/wp-json\/wp\/v2\/categories?post=402"},{"taxonomy":"post_tag","embeddable":true,"href":"https:\/\/www.nowa.swrodzina.org\/index.php\/wp-json\/wp\/v2\/tags?post=402"}],"curies":[{"name":"wp","href":"https:\/\/api.w.org\/{rel}","templated":true}]}}