{"id":399,"date":"2025-04-05T21:46:39","date_gmt":"2025-04-05T19:46:39","guid":{"rendered":"https:\/\/www.nowa.swrodzina.org\/?p=399"},"modified":"2025-04-05T21:46:41","modified_gmt":"2025-04-05T19:46:41","slug":"intencje-mszalne-5-niedziela-wielkiego-postu","status":"publish","type":"post","link":"https:\/\/www.nowa.swrodzina.org\/index.php\/2025\/04\/05\/intencje-mszalne-5-niedziela-wielkiego-postu\/","title":{"rendered":"Intencje Mszalne\u00a05. Niedziela Wielkiego Postu"},"content":{"rendered":"<figure class=\"wp-block-table\"><table><tbody><tr><td class=\"has-text-align-center\" data-align=\"center\" colspan=\"8\"><strong>Poniedzia\u0142ek,<\/strong> 7 kwietnia 2025<\/td><\/tr><tr><td class=\"has-text-align-center\" data-align=\"center\" rowspan=\"4\"><strong>J 8, 12-20<\/strong> <br>Ja JESTEM \u015bwiat\u0142o\u015bci\u0105 \u015bwiata<\/td><td>10.00<\/td><td colspan=\"2\">1.<\/td><td colspan=\"4\">O Bo\u017ce b\u0142ogos\u0142awie\u0144stwo, opiek\u0119 M.B.N.P. dary Ducha \u015aw. dla \u0141ukasza,<br>o pomoc w nauce i w przygotowaniu do matury<\/td><\/tr><tr><td class=\"has-text-align-center\" data-align=\"center\">12.00<\/td><td colspan=\"2\">1.<\/td><td colspan=\"4\">Dzi\u0119kczynna z okazji 75 r. urodzin&nbsp; z pro\u015bb\u0105 o Bo\u017ce b\u0142ogos\u0142awie\u0144stwo dla Teresy i jej rodziny<\/td><\/tr><tr><td class=\"has-text-align-center\" data-align=\"center\">16.30<\/td><td colspan=\"2\">1.<\/td><td colspan=\"4\">O dar nieba dla rodzic\u00f3w: Aleksandra(m) i El\u017cbiety, dziadk\u00f3w, Stanis\u0142awy(k) i J\u00f3zefa(m) oraz Craiga i Miros\u0142awa<\/td><\/tr><tr><td class=\"has-text-align-center\" data-align=\"center\">18.00<\/td><td colspan=\"2\">1.<\/td><td colspan=\"4\">O zdrowie i b\u0142ogos\u0142awie\u0144stwo Bo\u017ce dla c\u00f3rki Marii<\/td><\/tr><tr><td class=\"has-text-align-center\" data-align=\"center\">&nbsp;<\/td><td>18.00<\/td><td colspan=\"2\">1.<\/td><td colspan=\"4\">Dzi\u0119kczynno-b\u0142agalna o Bo\u017ce b\u0142., obfite \u0142aski, charyzmaty i dary Ducha \u015aw. dla ks. Mateusza, cz\u0142onk\u00f3w wsp\u00f3lnoty \u201eNAZARET\u201d i ich rodzin<\/td><\/tr><tr><td class=\"has-text-align-center\" data-align=\"center\" colspan=\"8\"><strong>Wtorek<\/strong>, 8 kwietnia 2025<\/td><\/tr><tr><td class=\"has-text-align-center\" data-align=\"center\" rowspan=\"3\"><strong>J 8, 21-30<\/strong> <br>Gdy wywy\u017cszycie Syna Cz\u0142owieczego,<br>poznacie, \u017ce JA JESTEM<\/td><td>10.00<\/td><td colspan=\"3\">1.<\/td><td colspan=\"3\">sp. Kazimierz CZY\u017bEWSKI&nbsp; w 5 r. \u015bmierci<\/td><\/tr><tr><td class=\"has-text-align-center\" data-align=\"center\">12.00<\/td><td colspan=\"3\">1.<\/td><td colspan=\"3\">\u015bp. Bogdan SACHA w 1 r. \u015bmierci<\/td><\/tr><tr><td class=\"has-text-align-center\" data-align=\"center\">18.00<\/td><td colspan=\"3\">1.<\/td><td colspan=\"3\">\u015bp. Iwona KOMOSI\u0143SKA<\/td><\/tr><tr><td class=\"has-text-align-center\" data-align=\"center\" colspan=\"8\"><strong>\u015aroda<\/strong>, 9 kwietnia 2025<\/td><\/tr><tr><td class=\"has-text-align-center\" data-align=\"center\" rowspan=\"3\"><strong>J 8, 31-42<\/strong> <br>Prawdziwe wyzwolenie<br>przez Chrystusa<\/td><td>10.00<\/td><td colspan=\"3\">1.<\/td><td colspan=\"3\">za parafian<\/td><\/tr><tr><td class=\"has-text-align-center\" data-align=\"center\">12.00<\/td><td colspan=\"3\">1.<\/td><td colspan=\"3\">\u015bp. W\u0142adys\u0142aw, Marian w 6 r. \u015bm.,&nbsp; Edyta, Genowefa, Edward i Eugeniusz<\/td><\/tr><tr><td class=\"has-text-align-center\" data-align=\"center\">18.00<\/td><td colspan=\"3\">1.<\/td><td colspan=\"3\">\u015bp. Kazimierz RAFALSKI (int. od Wies\u0142awy Baran z rodzin\u0105)<\/td><\/tr><tr><td class=\"has-text-align-center\" data-align=\"center\" colspan=\"8\"><strong>Czwartek<\/strong>, 10 kwietnia 2025<\/td><\/tr><tr><td class=\"has-text-align-center\" data-align=\"center\" rowspan=\"3\"><strong>J 8, 51-59<\/strong> <br>Abraham ujrza\u0142 m\u00f3j dzie\u0144<\/td><td>12.00<\/td><td colspan=\"3\">1.<\/td><td colspan=\"3\">\u015bp. El\u017cbieta ADAMOWICZ<\/td><\/tr><tr><td class=\"has-text-align-center\" data-align=\"center\">18.00<\/td><td colspan=\"3\">1.<\/td><td colspan=\"3\">Dzi\u0119kczynna za 96 lat \u017cycia IRENY KALNIUK<\/td><\/tr><tr><td class=\"has-text-align-center\" data-align=\"center\">18.00<\/td><td colspan=\"3\">1.<\/td><td colspan=\"3\">O zdrowie i potrzebne \u0142aski dla Dariusza FRYCA<\/td><\/tr><tr><td class=\"has-text-align-center\" data-align=\"center\" colspan=\"8\"><strong>Pi\u0105tek<\/strong>, 11 kwietnia 2025<\/td><\/tr><tr><td class=\"has-text-align-center\" data-align=\"center\" rowspan=\"2\"><strong>J 10, 31-42<\/strong> <br>Jezus oskar\u017cony<br>o blu\u017anierstwo<\/td><td colspan=\"2\">12.00<\/td><td colspan=\"2\">1.<\/td><td colspan=\"3\">Za czcicieli &nbsp;Mi\u0142osierdzia Bo\u017cego<\/td><\/tr><tr><td class=\"has-text-align-center\" data-align=\"center\" colspan=\"2\">18.00<\/td><td colspan=\"2\">1. 2.<\/td><td colspan=\"3\">Za czcicieli &nbsp;Mi\u0142osierdzia Bo\u017cego &nbsp; \u015bp. Urszula w 1 r. \u015bmierci<\/td><\/tr><tr><td class=\"has-text-align-center\" data-align=\"center\" colspan=\"8\"><strong>Sobota<\/strong>, 12 kwietnia 2025<\/td><\/tr><tr><td class=\"has-text-align-center\" data-align=\"center\" rowspan=\"2\"><strong>J 11, 45-57<\/strong> <br>Jezus umrze, aby zgromadzi\u0107 rozproszone dzieci Bo\u017ce<\/td><td>12.00<\/td><td colspan=\"4\">&nbsp;&nbsp;&nbsp;&nbsp;&nbsp;&nbsp;&nbsp;&nbsp; 1.<\/td><td>\u015bp. Helena i Antoni JELI\u0143SCY, Stanis\u0142awa(k) i Andrzej ZALEWSCY<br>oraz zmarli z rodzin: JELI\u0143SKICH I ZALEWSKICH<\/td><td>&nbsp;<\/td><\/tr><tr><td class=\"has-text-align-center\" data-align=\"center\">18.00<\/td><td colspan=\"4\">1.<\/td><td>&nbsp;\u015bp. Stefan LIPKOWSKI w 1 r. \u015bmierci<\/td><td>&nbsp;<\/td><\/tr><tr><td class=\"has-text-align-center\" data-align=\"center\" colspan=\"8\"><strong>Niedziela, <\/strong>13 kwietnia 2025<strong><\/strong><\/td><\/tr><tr><td class=\"has-text-align-center\" data-align=\"center\" rowspan=\"6\"><strong>NIEDZIELA PALMOWA<\/strong> <br><strong>\u0141k 22, 14-23, 56<\/strong> <br>M\u0119ka naszego Pana<br>Jezusa Chrystusa<\/td><td>07.30<\/td><td colspan=\"6\">\u015bp. Henryk SOKO\u0141OWSKI&nbsp; w 7 r. \u015bmierci, Ma\u0142gorzata OSUCH, Barbara KONIECZNA<\/td><\/tr><tr><td class=\"has-text-align-center\" data-align=\"center\">09.00<\/td><td colspan=\"6\">&nbsp; \u015bp. W\u0142odzimierz \u0141OWICKI&nbsp; w 11 r. \u015bmierci<\/td><\/tr><tr><td class=\"has-text-align-center\" data-align=\"center\">10.30<\/td><td colspan=\"6\">&nbsp;&nbsp; \u015bp. Jan MIKO\u0141EJKO&nbsp; w 3 r. \u015bmierci<\/td><\/tr><tr><td class=\"has-text-align-center\" data-align=\"center\">12.00<\/td><td colspan=\"6\">&nbsp; &nbsp;Dzi\u0119kczynna w dniu 16 urodzin Gabrysi<\/td><\/tr><tr><td class=\"has-text-align-center\" data-align=\"center\">18.00<\/td><td colspan=\"6\">&nbsp;&nbsp;&nbsp;\u015bp. Kazimierz RAFALSKI (int. od Leszka KOZAKA z rodzin\u0105)<\/td><\/tr><tr><td class=\"has-text-align-center\" data-align=\"center\">20.00<\/td><td colspan=\"6\">&nbsp;&nbsp; za parafian<\/td><\/tr><\/tbody><\/table><\/figure>","protected":false},"excerpt":{"rendered":"<p>Intencje Mszalne 07.04-13.04.2025<\/p>\n","protected":false},"author":1,"featured_media":400,"comment_status":"closed","ping_status":"closed","sticky":false,"template":"","format":"standard","meta":{"footnotes":""},"categories":[17],"tags":[],"class_list":["post-399","post","type-post","status-publish","format-standard","has-post-thumbnail","hentry","category-ogloszenia-i-intencje"],"_links":{"self":[{"href":"https:\/\/www.nowa.swrodzina.org\/index.php\/wp-json\/wp\/v2\/posts\/399","targetHints":{"allow":["GET"]}}],"collection":[{"href":"https:\/\/www.nowa.swrodzina.org\/index.php\/wp-json\/wp\/v2\/posts"}],"about":[{"href":"https:\/\/www.nowa.swrodzina.org\/index.php\/wp-json\/wp\/v2\/types\/post"}],"author":[{"embeddable":true,"href":"https:\/\/www.nowa.swrodzina.org\/index.php\/wp-json\/wp\/v2\/users\/1"}],"replies":[{"embeddable":true,"href":"https:\/\/www.nowa.swrodzina.org\/index.php\/wp-json\/wp\/v2\/comments?post=399"}],"version-history":[{"count":1,"href":"https:\/\/www.nowa.swrodzina.org\/index.php\/wp-json\/wp\/v2\/posts\/399\/revisions"}],"predecessor-version":[{"id":401,"href":"https:\/\/www.nowa.swrodzina.org\/index.php\/wp-json\/wp\/v2\/posts\/399\/revisions\/401"}],"wp:featuredmedia":[{"embeddable":true,"href":"https:\/\/www.nowa.swrodzina.org\/index.php\/wp-json\/wp\/v2\/media\/400"}],"wp:attachment":[{"href":"https:\/\/www.nowa.swrodzina.org\/index.php\/wp-json\/wp\/v2\/media?parent=399"}],"wp:term":[{"taxonomy":"category","embeddable":true,"href":"https:\/\/www.nowa.swrodzina.org\/index.php\/wp-json\/wp\/v2\/categories?post=399"},{"taxonomy":"post_tag","embeddable":true,"href":"https:\/\/www.nowa.swrodzina.org\/index.php\/wp-json\/wp\/v2\/tags?post=399"}],"curies":[{"name":"wp","href":"https:\/\/api.w.org\/{rel}","templated":true}]}}