{"id":397,"date":"2025-03-29T18:01:00","date_gmt":"2025-03-29T16:01:00","guid":{"rendered":"https:\/\/www.nowa.swrodzina.org\/?p=397"},"modified":"2025-03-29T08:13:51","modified_gmt":"2025-03-29T06:13:51","slug":"ogloszenia-parafialne-4-niedziela-wielkiego-postu","status":"publish","type":"post","link":"https:\/\/www.nowa.swrodzina.org\/index.php\/2025\/03\/29\/ogloszenia-parafialne-4-niedziela-wielkiego-postu\/","title":{"rendered":"Og\u0142oszenia Parafialne 4. Niedziela Wielkiego Postu"},"content":{"rendered":"<p>1.Dzisiaj celebrujemy IV niedziel\u0119 Wielkiego Postu. Za tydzie\u0144 rozpoczynamy nasze wielkopostne rekolekcje, kt\u00f3re potrwaj\u0105 do \u015brody w\u0142\u0105cznie. Nauki rekolekcyjne codziennie o godz. 10.00, 12.00 i o godz. 18.00. Dzieci maj\u0105 swoje spotkanie w poniedzia\u0142ek o godz. 16.30. Spowied\u017a p\u00f3\u0142 godziny przed ka\u017cd\u0105 Msz\u0105 \u015bwi\u0119t\u0105. W I niedziel\u0119 miesi\u0105ca z racji rekolekcji na zako\u0144czenie Mszy \u015bw. nie b\u0119dzie adoracji Naj\u015bwi\u0119tszego Sakramentu.<\/p><p>2. W Wielkim Po\u015bcie zapraszamy do uczestnictwa w nabo\u017ce\u0144stwach Drogi Krzy\u017cowej w pi\u0105tki o godz. 11.30, 17.30 i z udzia\u0142em dzieci o godz. 16.30 oraz w Gorzkich \u017balach w niedziel\u0119 o godz. 17.30.<\/p><p>3. W najbli\u017csz\u0105 \u015brod\u0119 2 kwietnia o godz. 16.30 w ko\u015bciele pr\u00f3ba dzieci kt\u00f3re przygotowuj\u0105 si\u0119 do I Komunii \u015bwi\u0119tej.<\/p><p>4. Zwolni\u0142y si\u0119 dwa miejsca na pielgrzymk\u0119 jubileuszow\u0105 do Rzymu w dniach 7-13 maj. Je\u015bli jest kto\u015b ch\u0119tny do wzi\u0119cia udzia\u0142u w pielgrzymce, to prosimy o kontakt z ks. Proboszczem.<\/p><p>5. We wrze\u015bniu w dniach 20-27.09. zapraszamy na pielgrzymk\u0119 samolotow\u0105 do Czarnog\u00f3ry, Albanii, Macedonii. Bli\u017csze informacje s\u0105 wywieszone na tablicy og\u0142osze\u0144 przed ko\u015bcio\u0142em<\/p><p>6. W tym tygodniu: w I czwartek miesi\u0105ca zapraszamy do modlitwy o powo\u0142ania do kap\u0142a\u0144stwa i \u017cycia konsekrowanego. Msza \u015bw. za powo\u0142ania i powo\u0142anych o godz. 12.00. Tego dnia Komunia \u015bw. jest udzielana pod dwiema postaciami. Mo\u017cliwo\u015b\u0107 Adoracji Naj\u015bwi\u0119tszego Sakramentu po Mszy po\u0142udniowej do Mszy wieczornej o godz. 18.00. W I pi\u0105tek miesi\u0105ca prosimy o przyj\u0119cie Komunii wynagradzaj\u0105cej NSPJ. Msze \u015bw. o godz. 12.00. i o godz. 18.00. Chorych odwiedzimy od godz. 08.30. Dzieci uczestnicz\u0105 w nabo\u017ce\u0144stwie Drogi Krzy\u017cowej o godz. 16.30, po kt\u00f3rym b\u0119dzie mo\u017cliwo\u015b\u0107 przyj\u0119cia Komunii wynagradzaj\u0105cej. W I sobot\u0119 miesi\u0105ca b\u0119dzie mo\u017cliwo\u015b\u0107 wynagrodzenia za grzechy pope\u0142nione przeciwko Niepokalanemu Sercu Naj\u015bwi\u0119tszej Maryi Panny o godz. 12.00. Po nabo\u017ce\u0144stwie zmiana tajemnic \u017bywego R\u00f3\u017ca\u0144ca. Intencja \u017bywego R\u00f3\u017ca\u0144ca na miesi\u0105c kwiecie\u0144: <strong>o docenienie roli kobiet<\/strong>.<\/p><p>7. Po Mszach \u015bw. Caritas parafialny rozprowadza \u015bwiece wielkanocne. Ofiary sk\u0142adane przy tej okazji wespr\u0105 najubo\u017cszych z naszej Parafii.<\/p><p>8. We \u015brod\u0119 przypada 20 rocznica \u015bmierci papie\u017ca \u015bwi\u0119tego Jana Paw\u0142a II. Zapraszamy na Msz\u0119 \u015bw. o godz. 12.00 i 18.00 wraz z Nowenn\u0105 do Matki Bo\u017cej Nieustaj\u0105cej Pomocy.<\/p><p>9. Zapraszamy na Ekstremaln\u0105 Drog\u0119 Krzy\u017cow\u0105 w dniu 11 kwietnia (pi\u0105tek). Rozpocz\u0119cie drogi krzy\u017cowej w ko\u015bciele \u015aw. Brata Alberta o godz. 20.00 Msz\u0105 \u015bw., by p\u00f3\u017aniej wyruszy\u0107 w ca\u0142onocn\u0105 drog\u0119 na pi\u0119ciu trasach licz\u0105cych po 41 kilometr\u00f3w ka\u017cda.<\/p><p>10. Przy wyj\u015bciu z ko\u015bcio\u0142a mo\u017cna naby\u0107 nowe numery prasy katolickiej (Go\u015b\u0107 Niedzielny, <em>Ma\u0142y Go\u015b\u0107 niedzielny<\/em>, Niedziela).<\/p><p>11. W minionym tygodniu odesz\u0142a do wieczno\u015bci: \u015bp. <strong>J\u00f3zefa Czo\u0142kiewicz<\/strong> w wieku 79 lat. Wieczny odpoczynek racz Jej da\u0107, Panie\u2026.<\/p>","protected":false},"excerpt":{"rendered":"<p>Dzisiaj celebrujemy IV niedziel\u0119 Wielkiego Postu<\/p>\n","protected":false},"author":1,"featured_media":395,"comment_status":"closed","ping_status":"closed","sticky":false,"template":"","format":"standard","meta":{"footnotes":""},"categories":[17],"tags":[],"class_list":["post-397","post","type-post","status-publish","format-standard","has-post-thumbnail","hentry","category-ogloszenia-i-intencje"],"_links":{"self":[{"href":"https:\/\/www.nowa.swrodzina.org\/index.php\/wp-json\/wp\/v2\/posts\/397","targetHints":{"allow":["GET"]}}],"collection":[{"href":"https:\/\/www.nowa.swrodzina.org\/index.php\/wp-json\/wp\/v2\/posts"}],"about":[{"href":"https:\/\/www.nowa.swrodzina.org\/index.php\/wp-json\/wp\/v2\/types\/post"}],"author":[{"embeddable":true,"href":"https:\/\/www.nowa.swrodzina.org\/index.php\/wp-json\/wp\/v2\/users\/1"}],"replies":[{"embeddable":true,"href":"https:\/\/www.nowa.swrodzina.org\/index.php\/wp-json\/wp\/v2\/comments?post=397"}],"version-history":[{"count":1,"href":"https:\/\/www.nowa.swrodzina.org\/index.php\/wp-json\/wp\/v2\/posts\/397\/revisions"}],"predecessor-version":[{"id":398,"href":"https:\/\/www.nowa.swrodzina.org\/index.php\/wp-json\/wp\/v2\/posts\/397\/revisions\/398"}],"wp:featuredmedia":[{"embeddable":true,"href":"https:\/\/www.nowa.swrodzina.org\/index.php\/wp-json\/wp\/v2\/media\/395"}],"wp:attachment":[{"href":"https:\/\/www.nowa.swrodzina.org\/index.php\/wp-json\/wp\/v2\/media?parent=397"}],"wp:term":[{"taxonomy":"category","embeddable":true,"href":"https:\/\/www.nowa.swrodzina.org\/index.php\/wp-json\/wp\/v2\/categories?post=397"},{"taxonomy":"post_tag","embeddable":true,"href":"https:\/\/www.nowa.swrodzina.org\/index.php\/wp-json\/wp\/v2\/tags?post=397"}],"curies":[{"name":"wp","href":"https:\/\/api.w.org\/{rel}","templated":true}]}}