{"id":390,"date":"2025-03-22T18:00:00","date_gmt":"2025-03-22T16:00:00","guid":{"rendered":"https:\/\/www.nowa.swrodzina.org\/?p=390"},"modified":"2025-03-21T13:33:43","modified_gmt":"2025-03-21T11:33:43","slug":"ogloszenia-parafialne-3-niedziela-wielkiego-postu","status":"publish","type":"post","link":"https:\/\/www.nowa.swrodzina.org\/index.php\/2025\/03\/22\/ogloszenia-parafialne-3-niedziela-wielkiego-postu\/","title":{"rendered":"Og\u0142oszenia Parafialne 3. Niedziela Wielkiego Postu"},"content":{"rendered":"<p>1.Dzisiaj celebrujemy III niedziel\u0119 Wielkiego Postu.<\/p><p>2. Go\u015bcimy w naszej wsp\u00f3lnocie parafialnej Siostry Katarzynki. 31 maja w Braniewie odb\u0119dzie si\u0119 Beatyfikacja 15 Si\u00f3str M\u0119czennic II wojny \u015bwiatowej ze Zgromadzenia \u015bw. Katarzyny. Po Mszy \u015bw. siostry rozprowadzaj\u0105 ksi\u0105\u017cki o Siostrach m\u0119czenniczkach za dobrowoln\u0105 ofiar\u0119.<\/p><p>3. W Wielkim Po\u015bcie zapraszamy do uczestnictwa w nabo\u017ce\u0144stwach Drogi Krzy\u017cowej w pi\u0105tki o godz. 11.30, 17.30 i z udzia\u0142em dzieci o godz. 16.30 oraz w Gorzkich \u017balach w niedziel\u0119 o godz. 17.30.<\/p><p>4. W najbli\u017cszy czwartek 27 marca o godz. 16.30 pr\u00f3ba dzieci kt\u00f3re przygotowuj\u0105 si\u0119 do I Komunii \u015bwi\u0119tej.<\/p><p>5. Kandydaci do Bierzmowania rok I, maj\u0105 swoje spotkanie we \u015brod\u0119, 26 marca o godz. 19.00 w salce parafialnej.<\/p><p>6. Zwolni\u0142y si\u0119 dwa miejsca na pielgrzymk\u0119 jubileuszow\u0105 do Rzymu w dniach 7-13 maj. Je\u015bli jest kto\u015b zainteresowany udaniem si\u0119 na pielgrzymk\u0119, to prosimy o kontakt z ks. Proboszczem.<\/p><p>7. We wrze\u015bniu w dniach 20-27.09. zapraszamy na pielgrzymk\u0119 samolotow\u0105 do Czarnog\u00f3ry, Albanii, Macedonii. Bli\u017csze informacje s\u0105 wywieszone na tablicy og\u0142osze\u0144 przed ko\u015bcio\u0142em.<\/p><p>8. W tym tygodniu, we wtorek, 25 marca obchodzimy Uroczysto\u015b\u0107 Zwiastowania Pa\u0144skiego, dzie\u0144 \u015bwi\u0119to\u015bci \u017cycia. Zapraszamy na Msze \u015bw. o godz. 12.00 i 18.00. podczas kt\u00f3rych b\u0119dzie mo\u017cliwo\u015b\u0107 podj\u0119cia Duchowej Adopcji Dziecka Pocz\u0119tego. Polega ona na codziennej modlitwie w intencji dziecka zagro\u017conego zabiciem w \u0142onie matki oraz w intencji jego rodzic\u00f3w.<\/p><p>9. Po Mszach \u015bw. Caritas parafialny rozprowadza \u015bwiece wielkanocne, w cenie 16 z\u0142 (walec), 13 z\u0142 (jajo ma\u0142e), i 18 z\u0142 (jajo du\u017ce). Ofiary sk\u0142adane przy tej okazji wespr\u0105 najubo\u017cszych z naszej Parafii.<\/p><p>10. Zapraszamy do ko\u015bcio\u0142a na codzienny R\u00f3\u017caniec odmawiany o godz. 17.30 przez cz\u0142onk\u00f3w \u017bywy R\u00f3\u017caniec.<\/p><p>11. Za tydzie\u0144 z soboty na niedziel\u0119 zmiana czasu na czas letni, czyli \u015bpimy kr\u00f3cej.<\/p><p>12. Przy naszej Parafii funkcjonuje Klub Abstynenta i Grupa AA, kt\u00f3re maj\u0105 swoje spotkania regularnie we \u015brody i pi\u0105tki. We \u015brod\u0119 w godzinach 17.30-18.30 sw\u00f3j dy\u017cur pe\u0142ni r\u00f3wnie\u017c psycholog i specjalista psychoterapii uzale\u017cnie\u0144. Zapraszamy osoby, kt\u00f3re chcia\u0142yby skorzysta\u0107 z konsultacji psychologicznych, jak r\u00f3wnie\u017c ze spotka\u0144 wsparcia w tych grupach.<\/p><p>13. Przy wyj\u015bciu z ko\u015bcio\u0142a mo\u017cna naby\u0107 nowe numery prasy katolickiej (Go\u015b\u0107 Niedzielny, <em>Ma\u0142y Go\u015b\u0107 niedzielny<\/em>, Niedziela).<\/p><p>14. W minionym tygodniu odesz\u0142a do wieczno\u015bci: \u015bp. <strong>Wies\u0142awa Bu\u017aniak-Jurczak<\/strong> w wieku 73 lat. Wieczny odpoczynek racz Jej da\u0107, Panie<\/p><p>15. Wszystkim parafianom i go\u015bciom \u017cyczymy b\u0142ogos\u0142awionej niedzieli i obfitych dar\u00f3w Bo\u017cych.<\/p>","protected":false},"excerpt":{"rendered":"<p>Dzisiaj celebrujemy III niedziel\u0119 Wielkiego Postu.<\/p>\n","protected":false},"author":1,"featured_media":388,"comment_status":"closed","ping_status":"closed","sticky":false,"template":"","format":"standard","meta":{"footnotes":""},"categories":[17],"tags":[],"class_list":["post-390","post","type-post","status-publish","format-standard","has-post-thumbnail","hentry","category-ogloszenia-i-intencje"],"_links":{"self":[{"href":"https:\/\/www.nowa.swrodzina.org\/index.php\/wp-json\/wp\/v2\/posts\/390","targetHints":{"allow":["GET"]}}],"collection":[{"href":"https:\/\/www.nowa.swrodzina.org\/index.php\/wp-json\/wp\/v2\/posts"}],"about":[{"href":"https:\/\/www.nowa.swrodzina.org\/index.php\/wp-json\/wp\/v2\/types\/post"}],"author":[{"embeddable":true,"href":"https:\/\/www.nowa.swrodzina.org\/index.php\/wp-json\/wp\/v2\/users\/1"}],"replies":[{"embeddable":true,"href":"https:\/\/www.nowa.swrodzina.org\/index.php\/wp-json\/wp\/v2\/comments?post=390"}],"version-history":[{"count":1,"href":"https:\/\/www.nowa.swrodzina.org\/index.php\/wp-json\/wp\/v2\/posts\/390\/revisions"}],"predecessor-version":[{"id":391,"href":"https:\/\/www.nowa.swrodzina.org\/index.php\/wp-json\/wp\/v2\/posts\/390\/revisions\/391"}],"wp:featuredmedia":[{"embeddable":true,"href":"https:\/\/www.nowa.swrodzina.org\/index.php\/wp-json\/wp\/v2\/media\/388"}],"wp:attachment":[{"href":"https:\/\/www.nowa.swrodzina.org\/index.php\/wp-json\/wp\/v2\/media?parent=390"}],"wp:term":[{"taxonomy":"category","embeddable":true,"href":"https:\/\/www.nowa.swrodzina.org\/index.php\/wp-json\/wp\/v2\/categories?post=390"},{"taxonomy":"post_tag","embeddable":true,"href":"https:\/\/www.nowa.swrodzina.org\/index.php\/wp-json\/wp\/v2\/tags?post=390"}],"curies":[{"name":"wp","href":"https:\/\/api.w.org\/{rel}","templated":true}]}}