{"id":217,"date":"2024-09-21T18:00:00","date_gmt":"2024-09-21T16:00:00","guid":{"rendered":"https:\/\/www.nowa.swrodzina.org\/?p=217"},"modified":"2024-09-21T17:39:49","modified_gmt":"2024-09-21T15:39:49","slug":"ogloszenia-parafialne-xxv-niedziela-zwykla","status":"publish","type":"post","link":"https:\/\/www.nowa.swrodzina.org\/index.php\/2024\/09\/21\/ogloszenia-parafialne-xxv-niedziela-zwykla\/","title":{"rendered":"Og\u0142oszenia Parafialne XXV Niedziela Zwyk\u0142a"},"content":{"rendered":"<ol start=\"1\" class=\"wp-block-list\"><li>Dzisiaj celebrujemy 25. niedziel\u0119 zwyk\u0142\u0105. Po mszach \u015awi\u0119tych b\u0119dzie mo\u017cliwo\u015b\u0107 wsparcia os\u00f3b poszkodowanych w skutek powodzi. Za wszystkie ofiary B\u00f3g Zapa\u0142a\u0107.<\/li>\n\n<li>Dzisiaj nasz parafianin, ks. Kamil Budek, na mszy o 12.00 odprawi Msz\u0119 \u015awi\u0119t\u0105 prymicyjna po\u0142\u0105czon\u0105 z specjalnym b\u0142ogos\u0142awie\u0144stwem oraz mo\u017cliwo\u015bci\u0105 uzyskania odpustu zupe\u0142nego pod zwyk\u0142ymi warunkami: stan \u0142aski u\u015bwi\u0119caj\u0105cej, przyj\u0119cie Komunii \u015awi\u0119tej, modlitwa za Ojca \u015awi\u0119tego. Pami\u0119tajmy o ksi\u0119dzu neoprezbiterze w naszych modlitwach.<\/li>\n\n<li>W zakrystii mo\u017cna pobra\u0107 karty zg\u0142oszeniowe dla dzieci kt\u00f3re w roku 2025 przyst\u0105pi\u0105 do pierwszej spowiedzi i komunii \u015bwi\u0119tej. Wype\u0142nione karty prosimy odda\u0107 do kancelarii parafialnej lub zakrystii do ko\u0144ca wrze\u015bnia. W naszej parafii uroczysto\u015b\u0107 I komunii \u015bwi\u0119tej odb\u0119dzie si\u0119 w dniu 17 maja 2025 (sobota). Pierwsze spotkanie organizacyjne dla rodzic\u00f3w dzieci pierwszokomunijnych w niedziel\u0119 29 wrze\u015bnia po Mszy \u015awi\u0119tej o 12.00.<\/li>\n\n<li>Zapisy kandydat\u00f3w do bierzmowania z klasy pierwszej szko\u0142y \u015bredniej i starszych u ks. Mateusza do ko\u0144ca wrze\u015bnia.<\/li>\n\n<li>Duszpasterstwo M\u0142odzie\u017cy Diecezji Elbl\u0105skiej zaprasza na kolejne, 30. czuwanie m\u0142odzie\u017cy diecezji elbl\u0105skiej w Mi\u0142om\u0142ynie kt\u00f3re odb\u0119dzie si\u0119 z pi\u0105tku na sobot\u0119 27\/28 wrze\u015bnia. Wi\u0119cej informacji u ks. Mateusza.<\/li>\n\n<li>Spotkanie scholii dzieci\u0119cej w poniedzia\u0142ek, 23 wrze\u015bnia, o 16.30 w salce domu parafialnego.<\/li>\n\n<li>Spotkanie dla bierzmowanych rok II w pi\u0105tek, 27 wrze\u015bnia, po mszy wieczornej w salce domu parafialnego.<\/li>\n\n<li>W tym tygodniu wspominamy: w poniedzia\u0142ek \u015bw. Pio z Pietrelciny, w pi\u0105tek \u015bw. Wincentego a Paulo, prezbitera, w sobot\u0119 \u015bw. Wac\u0142awa, meczennika<\/li>\n\n<li>W \u015bwi\u0119to \u015aw. Rodziny Ojciec \u015awi\u0119ty Franciszek rozpocznie obch\u00f3d roku jubileuszowego. Has\u0142o przysz\u0142orocznego roku jubileuszowego brzmi: \u201ePielgrzymi nadziei\u201d. Co 25 lat Ko\u015bci\u00f3\u0142 daje nam \u0142ask\u0119 Roku \u015awi\u0119tego. Chcemy wzi\u0105\u0107 udzia\u0142 w Tych wydarzenia. W dniach 7-13 maj 2025 udamy si\u0119 na pielgrzymk\u0119 do Rzymu. Zapraszamy Parafian do uczestnictwa w tej pielgrzymce. Program i koszt pielgrzymki do Rzymu wywieszony jest w gablocie. Zapisy w zakrystii po Mszach \u015awi\u0119tych.<\/li>\n\n<li>Przy wyj\u015bciu z ko\u015bcio\u0142a mo\u017cna naby\u0107 nowe numery prasy katolickiej (<em>Go\u015b\u0107 Niedzielny<\/em>, \u00a0Go\u015b\u0107 Historia Ko\u015bcio\u0142a, <em>Niedziela<\/em>).<\/li><\/ol>","protected":false},"excerpt":{"rendered":"<p>Dzisiaj celebrujemy 25. niedziel\u0119 zwyk\u0142\u0105.<\/p>\n","protected":false},"author":1,"featured_media":215,"comment_status":"closed","ping_status":"closed","sticky":false,"template":"","format":"standard","meta":{"footnotes":""},"categories":[17],"tags":[],"class_list":["post-217","post","type-post","status-publish","format-standard","has-post-thumbnail","hentry","category-ogloszenia-i-intencje"],"_links":{"self":[{"href":"https:\/\/www.nowa.swrodzina.org\/index.php\/wp-json\/wp\/v2\/posts\/217","targetHints":{"allow":["GET"]}}],"collection":[{"href":"https:\/\/www.nowa.swrodzina.org\/index.php\/wp-json\/wp\/v2\/posts"}],"about":[{"href":"https:\/\/www.nowa.swrodzina.org\/index.php\/wp-json\/wp\/v2\/types\/post"}],"author":[{"embeddable":true,"href":"https:\/\/www.nowa.swrodzina.org\/index.php\/wp-json\/wp\/v2\/users\/1"}],"replies":[{"embeddable":true,"href":"https:\/\/www.nowa.swrodzina.org\/index.php\/wp-json\/wp\/v2\/comments?post=217"}],"version-history":[{"count":1,"href":"https:\/\/www.nowa.swrodzina.org\/index.php\/wp-json\/wp\/v2\/posts\/217\/revisions"}],"predecessor-version":[{"id":218,"href":"https:\/\/www.nowa.swrodzina.org\/index.php\/wp-json\/wp\/v2\/posts\/217\/revisions\/218"}],"wp:featuredmedia":[{"embeddable":true,"href":"https:\/\/www.nowa.swrodzina.org\/index.php\/wp-json\/wp\/v2\/media\/215"}],"wp:attachment":[{"href":"https:\/\/www.nowa.swrodzina.org\/index.php\/wp-json\/wp\/v2\/media?parent=217"}],"wp:term":[{"taxonomy":"category","embeddable":true,"href":"https:\/\/www.nowa.swrodzina.org\/index.php\/wp-json\/wp\/v2\/categories?post=217"},{"taxonomy":"post_tag","embeddable":true,"href":"https:\/\/www.nowa.swrodzina.org\/index.php\/wp-json\/wp\/v2\/tags?post=217"}],"curies":[{"name":"wp","href":"https:\/\/api.w.org\/{rel}","templated":true}]}}