{"id":214,"date":"2024-09-21T17:59:00","date_gmt":"2024-09-21T15:59:00","guid":{"rendered":"https:\/\/www.nowa.swrodzina.org\/?p=214"},"modified":"2024-09-21T17:38:39","modified_gmt":"2024-09-21T15:38:39","slug":"intencje-mszalne-xxv-niedziela-zwykla","status":"publish","type":"post","link":"https:\/\/www.nowa.swrodzina.org\/index.php\/2024\/09\/21\/intencje-mszalne-xxv-niedziela-zwykla\/","title":{"rendered":"Intencje Mszalne XXV Niedziela Zwyk\u0142a"},"content":{"rendered":"<figure class=\"wp-block-table\"><table><tbody><tr><td class=\"has-text-align-center\" data-align=\"center\" colspan=\"8\"><strong>Poniedzia\u0142ek,<\/strong> 23 wrze\u015bnia 2024<\/td><\/tr><tr><td class=\"has-text-align-center\" data-align=\"center\" rowspan=\"3\"><strong>\u0141k 8, 16-18<\/strong> <br>Przypowie\u015b\u0107 o lampie <br><strong><u>Wspomnienie \u015bw. Pio z Pietrelciny<\/u><\/strong><\/td><td>12.00<\/td><td colspan=\"2\">1.<\/td><td colspan=\"4\">\u015bp. Mieczys\u0142aw, J\u00f3zef SINICA oraz Stanis\u0142awa(k) SINICA<\/td><\/tr><tr><td class=\"has-text-align-center\" data-align=\"center\" rowspan=\"2\">18.00<\/td><td colspan=\"2\">1.<\/td><td colspan=\"4\">\u015bp. Marianna i Stanis\u0142aw SZEWCZUK<\/td><\/tr><tr><td class=\"has-text-align-center\" data-align=\"center\" colspan=\"2\">2.<\/td><td colspan=\"4\">O Bo\u017ce b\u0142ogos\u0142awie\u0144stwo dla ks. Mateusza z okazji imienin<\/td><\/tr><tr><td class=\"has-text-align-center\" data-align=\"center\" colspan=\"8\"><strong>Wtorek<\/strong>, 24 wrze\u015bnia 2024<\/td><\/tr><tr><td class=\"has-text-align-center\" data-align=\"center\" rowspan=\"3\"><strong>\u0141k 8, 19-21<\/strong> <br>Krewni Chrystusa \u00a0<\/td><td>12.00<\/td><td colspan=\"3\">1.<\/td><td colspan=\"3\">O Bo\u017ce b\u0142. i opiek\u0119 Matki Bo\u017cej dla Danieli z okazji 75. urodzin, 54. rocznicy \u015blubu oraz Bo\u017ce &nbsp;b\u0142ogos\u0142awie\u0144stwo dla ca\u0142ej rodziny<\/td><\/tr><tr><td class=\"has-text-align-center\" data-align=\"center\" rowspan=\"2\">18.00<\/td><td colspan=\"3\">1.<\/td><td colspan=\"3\">\u015bp. Alfons GDANIEC<\/td><\/tr><tr><td class=\"has-text-align-center\" data-align=\"center\" colspan=\"3\">2.<\/td><td colspan=\"3\">\u015bp. Barbara CHODOROWSKA (1. rocznica \u015bmierci)<\/td><\/tr><tr><td class=\"has-text-align-center\" data-align=\"center\" colspan=\"8\"><strong>\u015aroda<\/strong>, 25 wrze\u015bnia 2024<\/td><\/tr><tr><td class=\"has-text-align-center\" data-align=\"center\" rowspan=\"2\"><strong>\u0141k 9, 1-6<\/strong> <br>Rozes\u0142anie Dwunastu<\/td><td>12.00<\/td><td colspan=\"3\">1.<\/td><td colspan=\"3\">O Bo\u017ce b\u0142ogos\u0142awie\u0144stwo, dar zdrowia, pomy\u015blny zabieg dla Teresy oraz b\u0142ogos\u0142awie\u0144stwo dla ca\u0142ej rodziny<\/td><\/tr><tr><td class=\"has-text-align-center\" data-align=\"center\">18.00<\/td><td colspan=\"3\">1.<\/td><td colspan=\"3\">\u015bp. Jadwiga D\u0104BROWSKA<\/td><\/tr><tr><td class=\"has-text-align-center\" data-align=\"center\" colspan=\"8\"><strong>Czwartek<\/strong>, 26 wrze\u015bnia 2024<\/td><\/tr><tr><td class=\"has-text-align-center\" data-align=\"center\" rowspan=\"3\"><strong>\u0141k 9, 7-9<\/strong> <br>Herod chce zobaczy\u0107 Jezusa <strong>\u00a0<\/strong><\/td><td>12.00<\/td><td colspan=\"3\">1.<\/td><td colspan=\"3\">\u015bp. Zofia B\u0104K w 2 rocznic\u0119 \u015bmieci oraz za zmar\u0142ych<br>z rodziny B\u0104K\u00d3W i KUJAWSKICH<\/td><\/tr><tr><td class=\"has-text-align-center\" data-align=\"center\" rowspan=\"2\">18.00<\/td><td colspan=\"3\">1.<\/td><td colspan=\"3\">O Bo\u017ce b\u0142ogos\u0142awie\u0144stwo, dary Ducha \u015awi\u0119tego dla Genowefy i Wies\u0142awa RASZEWSKICH z okazji 50. rocznic\u0119 zawarcia sakramentu ma\u0142\u017ce\u0144stwa oraz opiek\u0119 Bo\u017ca dla ca\u0142ej rodziny<\/td><\/tr><tr><td class=\"has-text-align-center\" data-align=\"center\" colspan=\"3\">2.<\/td><td colspan=\"3\">O Bo\u017ce b\u0142. dla Ryszarda (m)<\/td><\/tr><tr><td class=\"has-text-align-center\" data-align=\"center\" colspan=\"8\"><strong>Pi\u0105tek<\/strong>, 27 wrze\u015bnia 2024<\/td><\/tr><tr><td class=\"has-text-align-center\" data-align=\"center\" rowspan=\"3\"><strong>\u0141k 9, 18-22<\/strong> <br>Wyznanie Piotra i zapowied\u017a m\u0119ki <br><strong><u>Wspomnienie \u015bw. Wincentego a Paulo, prezbitera<\/u><\/strong><\/td><td colspan=\"2\">12.00<\/td><td colspan=\"2\">1.<\/td><td colspan=\"3\">Za czcicieli MI\u0141OSIERDZIA BO\u017bEGO<\/td><\/tr><tr><td class=\"has-text-align-center\" data-align=\"center\" colspan=\"2\" rowspan=\"2\">18.00<\/td><td colspan=\"2\">1.<\/td><td colspan=\"3\">Za czcicieli MI\u0141OSIERDZIA BO\u017bEGO<\/td><\/tr><tr><td class=\"has-text-align-center\" data-align=\"center\" colspan=\"2\">2.<\/td><td colspan=\"3\">\u015bp. Marta MAGHERY i zmarli z rodzin: BIERNAT i IWA\u0143SKICH<\/td><\/tr><tr><td class=\"has-text-align-center\" data-align=\"center\" colspan=\"8\"><strong>Sobota<\/strong>, 28 wrze\u015bnia 2024<\/td><\/tr><tr><td class=\"has-text-align-center\" data-align=\"center\" rowspan=\"3\"><strong>\u0141k 9, 43b-45<\/strong> <br>Druga zapowied\u017a m\u0119ki <br><strong><u>Wspomnienie \u015bw. Wac\u0142awa, meczennika<\/u><\/strong><\/td><td>12.00<\/td><td colspan=\"4\">1.<\/td><td colspan=\"2\">\u015bp. J\u00f3zef, Zofia, Tadeusz i Danuta w rocznic\u0119 \u015bmierci<\/td><\/tr><tr><td class=\"has-text-align-center\" data-align=\"center\" rowspan=\"2\">18.00<\/td><td colspan=\"4\">1.<\/td><td>\u015bp. Jan, Barbara, Robert i zmarli rodzice z obojga stron<\/td><td rowspan=\"2\">&nbsp;<\/td><\/tr><tr><td class=\"has-text-align-center\" data-align=\"center\" colspan=\"4\">2.<\/td><td>\u015bp. Genowefa i Maciej, Zofia i Edward, Anna (4 rocznica \u015bmierci)<\/td><\/tr><tr><td class=\"has-text-align-center\" data-align=\"center\" colspan=\"8\"><strong>Niedziela, 29 wrze\u015bnia 2024<\/strong><\/td><\/tr><tr><td class=\"has-text-align-center\" data-align=\"center\" rowspan=\"6\"><strong>Mk 9, 38-43. 45. 47-48<\/strong> <br>Unika\u0107 okazji do grzechu <br><strong>26 niedziela zwyk\u0142a<\/strong><\/td><td>07.30<\/td><td colspan=\"6\">Za parafian<\/td><\/tr><tr><td class=\"has-text-align-center\" data-align=\"center\">09.00<\/td><td colspan=\"6\">Dzi\u0119kczynno b\u0142agalna o potrzebne \u0142aski, Bo\u017ce b\u0142. dla Grzegorza z okazji 55. urodzin, dla Anety z okazji 53. urodzin i Micha\u0142a z okazji imienin<\/td><\/tr><tr><td class=\"has-text-align-center\" data-align=\"center\">10.30<\/td><td colspan=\"6\">\u015bp. Ksenia i Czes\u0142aw DRYWA (6. rocznica \u015bmierci) oraz zmarli z rodziny<\/td><\/tr><tr><td class=\"has-text-align-center\" data-align=\"center\">12.00<\/td><td colspan=\"6\">\u015bp. Tadeusz \u015aLIZ (5. rocznica \u015bmierci) i zmarli rodzice z obojga stron<\/td><\/tr><tr><td class=\"has-text-align-center\" data-align=\"center\">18.00<\/td><td colspan=\"6\">\u015bp. Zenobia PAWLUKIEWICZ&nbsp; (3. rocznic\u0119 \u015bmierci)<\/td><\/tr><tr><td class=\"has-text-align-center\" data-align=\"center\">20.00<\/td><td colspan=\"6\">\u015bp. Edmund i Alina KOSECCY i Izabela, Zygmunt, Andrzej OSTA\u0141OWSCY<\/td><\/tr><\/tbody><\/table><\/figure>","protected":false},"excerpt":{"rendered":"<p>Intencje mszalne 23.09-29.09<\/p>\n","protected":false},"author":1,"featured_media":215,"comment_status":"closed","ping_status":"closed","sticky":false,"template":"","format":"standard","meta":{"footnotes":""},"categories":[17],"tags":[],"class_list":["post-214","post","type-post","status-publish","format-standard","has-post-thumbnail","hentry","category-ogloszenia-i-intencje"],"_links":{"self":[{"href":"https:\/\/www.nowa.swrodzina.org\/index.php\/wp-json\/wp\/v2\/posts\/214","targetHints":{"allow":["GET"]}}],"collection":[{"href":"https:\/\/www.nowa.swrodzina.org\/index.php\/wp-json\/wp\/v2\/posts"}],"about":[{"href":"https:\/\/www.nowa.swrodzina.org\/index.php\/wp-json\/wp\/v2\/types\/post"}],"author":[{"embeddable":true,"href":"https:\/\/www.nowa.swrodzina.org\/index.php\/wp-json\/wp\/v2\/users\/1"}],"replies":[{"embeddable":true,"href":"https:\/\/www.nowa.swrodzina.org\/index.php\/wp-json\/wp\/v2\/comments?post=214"}],"version-history":[{"count":1,"href":"https:\/\/www.nowa.swrodzina.org\/index.php\/wp-json\/wp\/v2\/posts\/214\/revisions"}],"predecessor-version":[{"id":216,"href":"https:\/\/www.nowa.swrodzina.org\/index.php\/wp-json\/wp\/v2\/posts\/214\/revisions\/216"}],"wp:featuredmedia":[{"embeddable":true,"href":"https:\/\/www.nowa.swrodzina.org\/index.php\/wp-json\/wp\/v2\/media\/215"}],"wp:attachment":[{"href":"https:\/\/www.nowa.swrodzina.org\/index.php\/wp-json\/wp\/v2\/media?parent=214"}],"wp:term":[{"taxonomy":"category","embeddable":true,"href":"https:\/\/www.nowa.swrodzina.org\/index.php\/wp-json\/wp\/v2\/categories?post=214"},{"taxonomy":"post_tag","embeddable":true,"href":"https:\/\/www.nowa.swrodzina.org\/index.php\/wp-json\/wp\/v2\/tags?post=214"}],"curies":[{"name":"wp","href":"https:\/\/api.w.org\/{rel}","templated":true}]}}