{"id":175,"date":"2024-08-17T18:01:00","date_gmt":"2024-08-17T16:01:00","guid":{"rendered":"https:\/\/www.nowa.swrodzina.org\/?p=175"},"modified":"2024-08-17T16:57:44","modified_gmt":"2024-08-17T14:57:44","slug":"ogloszenia-parafialne-xx-niedziela-zwykla","status":"publish","type":"post","link":"https:\/\/www.nowa.swrodzina.org\/index.php\/2024\/08\/17\/ogloszenia-parafialne-xx-niedziela-zwykla\/","title":{"rendered":"Og\u0142oszenia Parafialne XX Niedziela Zwyk\u0142a"},"content":{"rendered":"<ol start=\"1\" class=\"wp-block-list\"><li>Dzisiaj celebrujemy 20. niedziel\u0119 zwyk\u0142\u0105.<\/li>\n\n<li>Serdecznie dzi\u0119kujemy za ofiary sk\u0142adane na prace remontowe. W niedziel\u0119 tydzie\u0144 temu z\u0142o\u017cono wraz z ofiarami na konto parafialne 5 440 z\u0142.<\/li>\n\n<li>We wtorek wspominamy \u015bw. Bernarda, opata i doktora Ko\u015bcio\u0142a, w \u015brod\u0119 \u015bw. Piusa X, papie\u017ca, w czwartek wspomnienie Naj\u015bwi\u0119tszej Maryi Panny Kr\u00f3lowej, w sobot\u0119 \u015awi\u0119to \u015bw. Bart\u0142omieja, aposto\u0142a.<\/li>\n\n<li>Zapraszamy na nabo\u017ce\u0144stwa w ci\u0105gu tygodnia: we \u015brod\u0119 Msza \u015bw. i Nowenna do Matki Bo\u017cej Nieustaj\u0105cej Pomocy, w pi\u0105tek Msza \u015bw. w intencjach Czcicieli Mi\u0142osierdzia Bo\u017cego i Koronka do Bo\u017cego Mi\u0142osierdzia.<\/li><\/ol><ol start=\"5\" class=\"wp-block-list\"><li>Kancelaria parafialna w okresie wakacyjnym czynna jest w czwartki i po mszach \u015bwi\u0119tych niedzielnych.<\/li>\n\n<li>Dzi\u015b o godz. 16.00 spotkanie pielgrzym\u00f3w udaj\u0105cych si\u0119 we wrze\u015bniu do Lourdes.<\/li>\n\n<li>Po Mszach \u015bw. b\u0119dzie zbierana puszka na utrzymanie i funkcjonowanie Wy\u017cszego Seminarium Duchownego Diecezji Elbl\u0105skiej. Za wszystkie ofiary B\u00f3g Zap\u0142a\u0107.<\/li>\n\n<li>Przy wyj\u015bciu z ko\u015bcio\u0142a mo\u017cna naby\u0107 nowe numery prasy katolickiej (<em>Go\u015b\u0107 Niedzielny<\/em>, <em>Niedziela<\/em>).<\/li>\n\n<li>Za tydzie\u0144 w niedziel\u0119 po mszach \u015bwi\u0119tych b\u0119dzie mo\u017cliwo\u015b\u0107 wsparcia parafialnego zespo\u0142u Caritas.<\/li>\n\n<li>\u017byczymy dobrego czasu wakacji, odpoczynku i nabierania si\u0142 na trud codziennej pracy.<\/li><\/ol><p class=\"has-text-align-center\"><strong>W minionym tygodniu odeszli do wieczno\u015bci:<\/strong><\/p><p class=\"has-text-align-center\">\u015bp. Natalia MA\u0141YSKO w wieku 90 lat.<\/p><p class=\"has-text-align-center\">\u015bp. Alina HULEWICZ w wieku 66 lat.<\/p><p class=\"has-text-align-center\"><em>Wieczny odpoczynek racz im da\u0107, Panie.<\/em><em><\/em><\/p>","protected":false},"excerpt":{"rendered":"<p>Dzisiaj celebrujemy 20. niedziel\u0119 zwyk\u0142\u0105.<\/p>\n","protected":false},"author":1,"featured_media":173,"comment_status":"closed","ping_status":"closed","sticky":false,"template":"","format":"standard","meta":{"footnotes":""},"categories":[17],"tags":[],"class_list":["post-175","post","type-post","status-publish","format-standard","has-post-thumbnail","hentry","category-ogloszenia-i-intencje"],"_links":{"self":[{"href":"https:\/\/www.nowa.swrodzina.org\/index.php\/wp-json\/wp\/v2\/posts\/175","targetHints":{"allow":["GET"]}}],"collection":[{"href":"https:\/\/www.nowa.swrodzina.org\/index.php\/wp-json\/wp\/v2\/posts"}],"about":[{"href":"https:\/\/www.nowa.swrodzina.org\/index.php\/wp-json\/wp\/v2\/types\/post"}],"author":[{"embeddable":true,"href":"https:\/\/www.nowa.swrodzina.org\/index.php\/wp-json\/wp\/v2\/users\/1"}],"replies":[{"embeddable":true,"href":"https:\/\/www.nowa.swrodzina.org\/index.php\/wp-json\/wp\/v2\/comments?post=175"}],"version-history":[{"count":1,"href":"https:\/\/www.nowa.swrodzina.org\/index.php\/wp-json\/wp\/v2\/posts\/175\/revisions"}],"predecessor-version":[{"id":176,"href":"https:\/\/www.nowa.swrodzina.org\/index.php\/wp-json\/wp\/v2\/posts\/175\/revisions\/176"}],"wp:featuredmedia":[{"embeddable":true,"href":"https:\/\/www.nowa.swrodzina.org\/index.php\/wp-json\/wp\/v2\/media\/173"}],"wp:attachment":[{"href":"https:\/\/www.nowa.swrodzina.org\/index.php\/wp-json\/wp\/v2\/media?parent=175"}],"wp:term":[{"taxonomy":"category","embeddable":true,"href":"https:\/\/www.nowa.swrodzina.org\/index.php\/wp-json\/wp\/v2\/categories?post=175"},{"taxonomy":"post_tag","embeddable":true,"href":"https:\/\/www.nowa.swrodzina.org\/index.php\/wp-json\/wp\/v2\/tags?post=175"}],"curies":[{"name":"wp","href":"https:\/\/api.w.org\/{rel}","templated":true}]}}