{"id":172,"date":"2024-08-17T18:00:00","date_gmt":"2024-08-17T16:00:00","guid":{"rendered":"https:\/\/www.nowa.swrodzina.org\/?p=172"},"modified":"2024-08-17T16:55:44","modified_gmt":"2024-08-17T14:55:44","slug":"intencje-mszalne-xx-niedziela-zwykla","status":"publish","type":"post","link":"https:\/\/www.nowa.swrodzina.org\/index.php\/2024\/08\/17\/intencje-mszalne-xx-niedziela-zwykla\/","title":{"rendered":"Intencje Mszalne XX Niedziela Zwyk\u0142a"},"content":{"rendered":"<div class=\"wp-block-group\"><div class=\"wp-block-group__inner-container is-layout-constrained wp-block-group-is-layout-constrained\"><figure class=\"wp-block-table\"><table><tbody><tr><td class=\"has-text-align-center\" data-align=\"center\" colspan=\"7\"><strong>Poniedzia\u0142ek,<\/strong> 19 sierpnia 2024<\/td><\/tr><tr><td class=\"has-text-align-center\" data-align=\"center\" rowspan=\"2\"><strong>Mt 19, 16-22<\/strong> <br>Rada ub\u00f3stwa \u00a0<\/td><td>12.00<\/td><td colspan=\"2\">1.<\/td><td colspan=\"3\">O nawr\u00f3cenie, zgod\u0119 i mi\u0142o\u015b\u0107 dla rodziny NOWACZYK\u00d3W<\/td><\/tr><tr><td class=\"has-text-align-center\" data-align=\"center\">18.00<\/td><td colspan=\"2\">1.<\/td><td colspan=\"3\">\u015bp. Izabela BURCHARDT w 5. rocz. \u015bmierci<\/td><\/tr><tr><td class=\"has-text-align-center\" data-align=\"center\" colspan=\"7\"><strong>Wtorek<\/strong>, 20 sierpnia 2024<\/td><\/tr><tr><td class=\"has-text-align-center\" data-align=\"center\" rowspan=\"2\"><strong>Mt 19, 23-30<\/strong> <br>Nagroda za wyrzeczenie podj\u0119te dla Chrystusa <br><strong><u>Wspomnienie \u015bw. Bernarda, opata i doktora Ko\u015bcio\u0142a<\/u><\/strong><\/td><td>12.00<\/td><td colspan=\"3\">1.<\/td><td colspan=\"2\">\u015bp. Helena KORWEL z okazji urodzin i zmarli z rodziny<\/td><\/tr><tr><td class=\"has-text-align-center\" data-align=\"center\">18.00<\/td><td colspan=\"3\">1.<\/td><td colspan=\"2\">\u015bp. W\u0142adys\u0142aw STEMPLEWSKI<\/td><\/tr><tr><td class=\"has-text-align-center\" data-align=\"center\" colspan=\"7\"><strong>\u015aroda<\/strong>, 21 sierpnia 2024<\/td><\/tr><tr><td class=\"has-text-align-center\" data-align=\"center\" rowspan=\"2\"><strong>Mt 20, 1-16<\/strong> <br>Przypowie\u015b\u0107 o robotnikach w winnicy <br><strong><u>Wspomnienie \u015bw. Piusa X, papie\u017ca<\/u><\/strong><\/td><td>12.00<\/td><td colspan=\"3\">1.<\/td><td colspan=\"2\">&nbsp;\u015bp. J\u00f3zef SZAPA\u0143SKI w 6. rocznic\u0119 \u015bmierci i zmarli z rodziny z obojga stron<\/td><\/tr><tr><td class=\"has-text-align-center\" data-align=\"center\">18.00<\/td><td colspan=\"3\">1<\/td><td colspan=\"2\">O \u0142ask\u0119 mi\u0142osierdzia, dary Ducha \u015awi\u0119tego, zbawienia oraz zdrowie dla Marcina, Wojciecha, Moniki i Nicole<\/td><\/tr><tr><td class=\"has-text-align-center\" data-align=\"center\" colspan=\"7\"><strong>Czwartek<\/strong>, 22 sierpnia 2024<\/td><\/tr><tr><td class=\"has-text-align-center\" data-align=\"center\" rowspan=\"2\"><strong>Mt 22, 1-14<\/strong> <br>Przypowie\u015b\u0107 o zaproszonych na uczt\u0119 <br><strong><u>Wspomnienie Naj\u015bwi\u0119tszej Maryi Panny Kr\u00f3lowej<\/u><\/strong><\/td><td>12.00<\/td><td colspan=\"3\">1.<\/td><td colspan=\"2\">\u015bp. Urszula PACZKOWSKA w 13. rocznic\u0119 \u015bmierci i zmarli z rodziny<\/td><\/tr><tr><td class=\"has-text-align-center\" data-align=\"center\">18.00<\/td><td colspan=\"3\">1.<\/td><td colspan=\"2\">\u015bp. Henryk URBA\u0143SKI<\/td><\/tr><tr><td class=\"has-text-align-center\" data-align=\"center\" colspan=\"7\"><strong>Pi\u0105tek<\/strong>, 23 sierpnia 2024<\/td><\/tr><tr><td class=\"has-text-align-center\" data-align=\"center\" rowspan=\"2\"><strong>Mt 22, 34-40<\/strong> <br>Najwi\u0119ksze przykazanie<\/td><td colspan=\"2\">12.00<\/td><td colspan=\"2\">1.<\/td><td colspan=\"2\">Za czcicieli Mi\u0142osierdzia Bo\u017cego<\/td><\/tr><tr><td class=\"has-text-align-center\" data-align=\"center\" colspan=\"2\">18.00<\/td><td colspan=\"2\">1.<\/td><td colspan=\"2\">Za czcicieli Mi\u0142osierdzia Bo\u017cego<\/td><\/tr><tr><td class=\"has-text-align-center\" data-align=\"center\" colspan=\"7\"><strong>Sobota<\/strong>, 24 sierpnia 2024<\/td><\/tr><tr><td class=\"has-text-align-center\" data-align=\"center\" rowspan=\"3\"><strong>J 1, 45-51<\/strong> <br>Oto prawdziwy Izraelita, w kt\u00f3rym nie ma podst\u0119pu <br><strong><u>\u015awi\u0119to \u015bw. Bart\u0142omieja, aposto\u0142a<\/u><\/strong><\/td><td>12.00<\/td><td colspan=\"4\">1.<\/td><td>\u015bp. ks. Ka\u017amierz BALAK<\/td><\/tr><tr><td class=\"has-text-align-center\" data-align=\"center\" rowspan=\"2\">18.00<\/td><td colspan=\"4\">1.<\/td><td>\u015bp. Henryka (k) KUREK w 1. rocznic\u0119 \u015bmierci<\/td><\/tr><tr><td class=\"has-text-align-center\" data-align=\"center\" colspan=\"4\">2.<\/td><td>\u015bp. Halina PIEJDAK<\/td><\/tr><tr><td class=\"has-text-align-center\" data-align=\"center\" colspan=\"7\"><strong>Niedziela, 25 sierpnia 2024<\/strong><\/td><\/tr><tr><td class=\"has-text-align-center\" data-align=\"center\" rowspan=\"5\"><strong>J 6, 55. 60-69<\/strong> <br>Do kogo p\u00f3jdziemy, Ty masz s\u0142owa \u017cycia wiecznego <br><strong>21 niedziela zwyk\u0142a<\/strong><\/td><td>07.30<\/td><td colspan=\"5\">Za Parafian<\/td><\/tr><tr><td class=\"has-text-align-center\" data-align=\"center\">09.00<\/td><td colspan=\"5\">O Bo\u017ce b\u0142ogos\u0142awie\u0144stwo, wszelkie potrzebne \u0142aski, opiek\u0119 \u015awi\u0119tej Rodziny dla rodziny SERGIEL<\/td><\/tr><tr><td class=\"has-text-align-center\" data-align=\"center\">10.30<\/td><td colspan=\"5\">O Bo\u017ce b\u0142ogos\u0142awie\u0144stwo, potrzebne \u0142aski dla Adama z okazji 50&nbsp; rocznicy urodzin i jego rodziny<\/td><\/tr><tr><td class=\"has-text-align-center\" data-align=\"center\">12.00<\/td><td colspan=\"5\">O Bo\u017ce b\u0142ogos\u0142awie\u0144stwo, dary Ducha \u015awi\u0119tego dla Antoniego i Urszuli JONASZKO z okazji 50 rocznicy zawarcia sakram\u0119tu ma\u0142\u017ce\u0144stwa (intencja od dzieci i wnuk\u00f3w)<\/td><\/tr><tr><td class=\"has-text-align-center\" data-align=\"center\">20.00<\/td><td colspan=\"5\">\u015bp. W\u0142adys\u0142aw STEMPLEWSKI<\/td><\/tr><\/tbody><\/table><\/figure><\/div><\/div>","protected":false},"excerpt":{"rendered":"<p>Intencje mszalne 19.08-25.08<\/p>\n","protected":false},"author":1,"featured_media":173,"comment_status":"closed","ping_status":"closed","sticky":false,"template":"","format":"standard","meta":{"footnotes":""},"categories":[17],"tags":[],"class_list":["post-172","post","type-post","status-publish","format-standard","has-post-thumbnail","hentry","category-ogloszenia-i-intencje"],"_links":{"self":[{"href":"https:\/\/www.nowa.swrodzina.org\/index.php\/wp-json\/wp\/v2\/posts\/172","targetHints":{"allow":["GET"]}}],"collection":[{"href":"https:\/\/www.nowa.swrodzina.org\/index.php\/wp-json\/wp\/v2\/posts"}],"about":[{"href":"https:\/\/www.nowa.swrodzina.org\/index.php\/wp-json\/wp\/v2\/types\/post"}],"author":[{"embeddable":true,"href":"https:\/\/www.nowa.swrodzina.org\/index.php\/wp-json\/wp\/v2\/users\/1"}],"replies":[{"embeddable":true,"href":"https:\/\/www.nowa.swrodzina.org\/index.php\/wp-json\/wp\/v2\/comments?post=172"}],"version-history":[{"count":1,"href":"https:\/\/www.nowa.swrodzina.org\/index.php\/wp-json\/wp\/v2\/posts\/172\/revisions"}],"predecessor-version":[{"id":174,"href":"https:\/\/www.nowa.swrodzina.org\/index.php\/wp-json\/wp\/v2\/posts\/172\/revisions\/174"}],"wp:featuredmedia":[{"embeddable":true,"href":"https:\/\/www.nowa.swrodzina.org\/index.php\/wp-json\/wp\/v2\/media\/173"}],"wp:attachment":[{"href":"https:\/\/www.nowa.swrodzina.org\/index.php\/wp-json\/wp\/v2\/media?parent=172"}],"wp:term":[{"taxonomy":"category","embeddable":true,"href":"https:\/\/www.nowa.swrodzina.org\/index.php\/wp-json\/wp\/v2\/categories?post=172"},{"taxonomy":"post_tag","embeddable":true,"href":"https:\/\/www.nowa.swrodzina.org\/index.php\/wp-json\/wp\/v2\/tags?post=172"}],"curies":[{"name":"wp","href":"https:\/\/api.w.org\/{rel}","templated":true}]}}