{"id":108,"date":"2024-06-29T20:40:14","date_gmt":"2024-06-29T20:40:14","guid":{"rendered":"https:\/\/www.nowa.swrodzina.org\/?p=108"},"modified":"2024-06-30T16:52:28","modified_gmt":"2024-06-30T16:52:28","slug":"ogloszenia-parafialne-xiii-niedziela-zwykla","status":"publish","type":"post","link":"https:\/\/www.nowa.swrodzina.org\/index.php\/2024\/06\/29\/ogloszenia-parafialne-xiii-niedziela-zwykla\/","title":{"rendered":"Og\u0142oszenia Parafialne XIII Niedziela Zwyk\u0142a"},"content":{"rendered":"<ol class=\"wp-block-list\"><li>Dzisiaj celebrujemy 13. niedziel\u0119 zwyk\u0142\u0105.<\/li>\n\n<li>Dzisiaj po 6 latach pos\u0142ugi w naszej parafii \u017cegnamy ks. Marcina Rusieckiego kt\u00f3ry zosta\u0142 z dniem 1 lipca 2024 r. mianowany na urz\u0105d wikariusza parafialnego Rzymskokatolickiej &nbsp;parafii pw. Rafa\u0142a Kalinowskiego w Elbl\u0105gu. W imieniu ks. Proboszcza kt\u00f3ry tydzie\u0144 temu dzi\u0119kowa\u0142 mu za d\u0142ugoletni\u0105 pos\u0142ug\u0119 zapraszamy na msz\u0119 \u015bw. po\u017cegnaln\u0105 dzi\u015b o 12.00.<\/li>\n\n<li>\u015arod\u0119, 03.07. b\u0119dziemy obchodzi\u0107 uroczysto\u015b\u0107 \u015bw. Tomasza aposto\u0142a.<br>W sobot\u0119, 6.07. b\u0119dziemy wspomina\u0107 b\u0142. Mari\u0119 Teres\u0119 Led\u00f3chowsk\u0105 oraz \u015bwi\u0119to patronalne Apostolstwa Chorych.<\/li>\n\n<li>W lipcu zapraszamy do udzia\u0142u w nabo\u017ce\u0144stwach do Najdro\u017cszej Krwi Chrystusa,<br>kt\u00f3re b\u0119d\u0105 prowadzone codziennie w dni powszednie o godz. 17.30. i w niedziel\u0119<br>o godz. 19.30. oraz na kwadrans adoracji Naj\u015bwi\u0119tszego Sakramentu w ciszy przed Msz\u0105 wieczorn\u0105.<\/li>\n\n<li>Dekretem bpa elbl\u0105skiego Jacka Jezierskiego ks. Mateusz Ka\u017amierczak zosta\u0142 mianowany z dniem 1 lipca 2024 r. na stanowisko wikariusza parafialnego Parafii Rzymskokatolickiej pw. \u015awi\u0119tej Rodziny w Elbl\u0105gu.<\/li>\n\n<li>W pierwszy czwartek miesi\u0105ca zapraszamy do modlitwy o powo\u0142ania do kap\u0142a\u0144stwa i \u017cycia konsekrowanego. Msza \u015bw. za powo\u0142ania i powo\u0142anych o godz. 12.00. Tego dnia Komunia \u015bw. jest udzielana pod dwiema postaciami. Mo\u017cliwo\u015b\u0107 adoracji Naj\u015bwi\u0119tszego Sakramentu po Mszy po\u0142udniowej do Mszy wieczornej o godz. 18.00.<\/li>\n\n<li>W pierwszy pi\u0105tek miesi\u0105ca, 05.07, prosimy o przyj\u0119cie Komunii wynagradzaj\u0105cej NSPJ. Msze \u015bw. o godz. 12.00 i o godz. 18.00.<\/li>\n\n<li>W pierwsz\u0105 sobot\u0119 miesi\u0105ca b\u0119dzie mo\u017cliwo\u015b\u0107 wynagrodzenia za grzechy pope\u0142nione przeciwko Niepokalanemu Sercu Naj\u015bwi\u0119tszej Maryi Panny o godz. 12.00. Zmiana tajemnic \u017bywego R\u00f3\u017ca\u0144ca po Mszy \u015bw. o godz. 12.00. Intencja modlitewna wsp\u00f3lnoty \u017bywego R\u00f3\u017ca\u0144ca w lipcu:<\/li><\/ol><p class=\"has-text-align-center\"><strong><u>O Bo\u017ce b\u0142ogos\u0142awie\u0144stwo i opiek\u0119 Matki Bo\u017cej dla wszystkich wypoczywaj\u0105cych, aby Pami\u0119tali o Bogu w czasie wypoczynku letniego<\/u><\/strong><\/p><ol class=\"wp-block-list\" start=\"9\"><li>W czasie wakacji biuletyn parafialny nie b\u0119dzie wydawany. Kancelaria parafialna<br>b\u0119dzie czynna w czwartki i po mszach \u015bwi\u0119tych.<\/li>\n\n<li>W okresie wakacyjnym nie b\u0119dzie odprawiana Msza \u015bw. w niedziele o godz. 18.00 (pocz\u0105wszy od dzisiaj.).<\/li>\n\n<li>Jeszcze dzi\u015b zapraszamy do udzia\u0142u w ostatnim dniu wydarzenia ewangelizacyjnego<br>pn.: <em>Strefa Mocy<\/em> na placu katedralnym w Elbl\u0105gu. Jego pomys\u0142odawc\u0105 i g\u0142\u00f3wnym realizatorem jest ma\u0142\u017ce\u0144stwo Sylwia i Witold Wilk. W programie m.in.: konferencje, \u015bwiadectwa, koncerty i modlitwa.<\/li>\n\n<li>Przy wyj\u015bciu z ko\u015bcio\u0142a mo\u017cna naby\u0107 nowe numery prasy katolickiej (<em>Go\u015b\u0107 Niedzielny<\/em>, <em>Niedziela<\/em>).<\/li>\n\n<li>\u017byczymy udanych i bezpiecznych wakacji, w czasie kt\u00f3rych nie zapominajmy o Panu Bogu.<\/li><\/ol><p class=\"has-text-align-center\"><strong>W minionym tygodniu odszed\u0142 do wieczno\u015bci:<\/strong><\/p><p class=\"has-text-align-center\">\u015bp. Eugeniusz SKOCZYLAS w wieku 72 lat.<\/p><p class=\"has-text-align-center\"><em>Wieczny odpoczynek racz mu da\u0107, Panie.<\/em><em><\/em><\/p>","protected":false},"excerpt":{"rendered":"<p>O Bo\u017ce b\u0142ogos\u0142awie\u0144stwo i opiek\u0119 Matki Bo\u017cej dla wszystkich wypoczywaj\u0105cych, aby Pami\u0119tali o Bogu w czasie wypoczynku letniego W minionym tygodniu odszed\u0142 do wieczno\u015bci: \u015bp. Eugeniusz SKOCZYLAS w wieku 72 [&hellip;]<\/p>\n","protected":false},"author":2,"featured_media":111,"comment_status":"closed","ping_status":"closed","sticky":false,"template":"","format":"standard","meta":{"footnotes":""},"categories":[17],"tags":[],"class_list":["post-108","post","type-post","status-publish","format-standard","has-post-thumbnail","hentry","category-ogloszenia-i-intencje"],"_links":{"self":[{"href":"https:\/\/www.nowa.swrodzina.org\/index.php\/wp-json\/wp\/v2\/posts\/108","targetHints":{"allow":["GET"]}}],"collection":[{"href":"https:\/\/www.nowa.swrodzina.org\/index.php\/wp-json\/wp\/v2\/posts"}],"about":[{"href":"https:\/\/www.nowa.swrodzina.org\/index.php\/wp-json\/wp\/v2\/types\/post"}],"author":[{"embeddable":true,"href":"https:\/\/www.nowa.swrodzina.org\/index.php\/wp-json\/wp\/v2\/users\/2"}],"replies":[{"embeddable":true,"href":"https:\/\/www.nowa.swrodzina.org\/index.php\/wp-json\/wp\/v2\/comments?post=108"}],"version-history":[{"count":2,"href":"https:\/\/www.nowa.swrodzina.org\/index.php\/wp-json\/wp\/v2\/posts\/108\/revisions"}],"predecessor-version":[{"id":116,"href":"https:\/\/www.nowa.swrodzina.org\/index.php\/wp-json\/wp\/v2\/posts\/108\/revisions\/116"}],"wp:featuredmedia":[{"embeddable":true,"href":"https:\/\/www.nowa.swrodzina.org\/index.php\/wp-json\/wp\/v2\/media\/111"}],"wp:attachment":[{"href":"https:\/\/www.nowa.swrodzina.org\/index.php\/wp-json\/wp\/v2\/media?parent=108"}],"wp:term":[{"taxonomy":"category","embeddable":true,"href":"https:\/\/www.nowa.swrodzina.org\/index.php\/wp-json\/wp\/v2\/categories?post=108"},{"taxonomy":"post_tag","embeddable":true,"href":"https:\/\/www.nowa.swrodzina.org\/index.php\/wp-json\/wp\/v2\/tags?post=108"}],"curies":[{"name":"wp","href":"https:\/\/api.w.org\/{rel}","templated":true}]}}