{"id":104,"date":"2024-06-23T04:57:05","date_gmt":"2024-06-23T04:57:05","guid":{"rendered":"https:\/\/www.nowa.swrodzina.org\/?p=104"},"modified":"2024-06-24T04:58:49","modified_gmt":"2024-06-24T04:58:49","slug":"ogloszenia-parafialne-xii-niedziela-zwykla","status":"publish","type":"post","link":"https:\/\/www.nowa.swrodzina.org\/index.php\/2024\/06\/23\/ogloszenia-parafialne-xii-niedziela-zwykla\/","title":{"rendered":"Og\u0142oszenia Parafialne XII Niedziela Zwyk\u0142a"},"content":{"rendered":"<ol class=\"wp-block-list\"><li>Dzisiaj celebrujemy 12. niedziel\u0119 zwyk\u0142\u0105.<\/li>\n\n<li>Wyra\u017camy wdzi\u0119czno\u015b\u0107 tym osobom, kt\u00f3re pomaga\u0142y w organizowaniu festynu parafialnego i tym, kt\u00f3rzy dostarczyli ciasta. Niestety z powodu deszczowej pogody festyn nie odby\u0142 si\u0119. Jednak chcieliby\u015bmy, powr\u00f3ci\u0107 do tego we wrze\u015bniu. Wi\u0119cej informacji przeka\u017cemy pod koniec wakacji.<\/li>\n\n<li>Jutro, 24.06. b\u0119dziemy obchodzi\u0107 uroczysto\u015b\u0107 Narodzenia \u015bw. Jana Chrzciciela.<br>W czwartek, 27.06. b\u0119dziemy wspomina\u0107 NMP Nieustaj\u0105cej Pomocy, kt\u00f3r\u0105 czcimy<br>w naszej parafii, co tydzie\u0144 w \u015brod\u0119. W sobot\u0119, 29.06. b\u0119dziemy obchodzi\u0107 uroczysto\u015b\u0107 \u015bwi\u0119tych Aposto\u0142\u00f3w Piotra i Paw\u0142a.<\/li>\n\n<li>W lipcu zapraszamy do udzia\u0142u w nabo\u017ce\u0144stwach do Najdro\u017cszej Krwi Chrystusa,<br>kt\u00f3re b\u0119d\u0105 prowadzone codziennie w dni powszednie o godz. 17.30. i w niedziel\u0119<br>o godz. 19.30. oraz na kwadrans adoracji Naj\u015bwi\u0119tszego Sakramentu w ciszy przed Msz\u0105 wieczorn\u0105.<\/li>\n\n<li>Dekretem bpa elbl\u0105skiego Jacka Jezierskiego ks. Mateusz Ka\u017amierczak zosta\u0142 mianowany z dniem 1 lipca 2024 r. na stanowisko wikariusza parafialnego Parafii Rzymskokatolickiej pw. \u015awi\u0119tej Rodziny w Elbl\u0105gu.<\/li>\n\n<li>W okresie wakacyjnym nie b\u0119dzie odprawiana Msza \u015bw. w niedziele o godz. 18.00 (pocz\u0105wszy od 30.06.).<\/li>\n\n<li>W czasie wakacji biuletyn parafialny nie b\u0119dzie wydawany. Kancelaria parafialna<br>b\u0119dzie czynna w czwartki, wi\u0119c od wtorku, 25.06. kancelaria parafialna ju\u017c b\u0119dzie nieczynna.<\/li>\n\n<li>W dniach 28 \u2013 30.06. br. zapraszamy do udzia\u0142u w wydarzeniu ewangelizacyjnym<br>pn.: <em>Strefa Mocy<\/em> na placu katedralnym w Elbl\u0105gu. Jego pomys\u0142odawc\u0105 i g\u0142\u00f3wnym realizatorem jest ma\u0142\u017ce\u0144stwo Sylwia i Witold Wilk. W programie m.in.: konferencje, \u015bwiadectwa, koncerty i modlitwa.<\/li>\n\n<li>Przy wyj\u015bciu z ko\u015bcio\u0142a mo\u017cna naby\u0107 nowe numery prasy katolickiej (<em>Go\u015b\u0107 Niedzielny<\/em>, <em>Niedziela<\/em>).<\/li>\n\n<li>\u017byczymy udanych i bezpiecznych wakacji, w czasie kt\u00f3rych nie zapominajmy o Panu Bogu.<\/li><\/ol>","protected":false},"excerpt":{"rendered":"Dzisiaj celebrujemy 12. niedziel\u0119 zwyk\u0142\u0105. Wyra\u017camy wdzi\u0119czno\u015b\u0107 tym osobom, kt\u00f3re pomaga\u0142y w organizowaniu festynu parafialnego i tym, kt\u00f3rzy dostarczyli ciasta. Niestety z powodu deszczowej pogody festyn nie odby\u0142 si\u0119. Jednak [...]","protected":false},"author":1,"featured_media":106,"comment_status":"closed","ping_status":"closed","sticky":false,"template":"","format":"standard","meta":{"footnotes":""},"categories":[17],"tags":[],"class_list":["post-104","post","type-post","status-publish","format-standard","has-post-thumbnail","hentry","category-ogloszenia-i-intencje"],"_links":{"self":[{"href":"https:\/\/www.nowa.swrodzina.org\/index.php\/wp-json\/wp\/v2\/posts\/104","targetHints":{"allow":["GET"]}}],"collection":[{"href":"https:\/\/www.nowa.swrodzina.org\/index.php\/wp-json\/wp\/v2\/posts"}],"about":[{"href":"https:\/\/www.nowa.swrodzina.org\/index.php\/wp-json\/wp\/v2\/types\/post"}],"author":[{"embeddable":true,"href":"https:\/\/www.nowa.swrodzina.org\/index.php\/wp-json\/wp\/v2\/users\/1"}],"replies":[{"embeddable":true,"href":"https:\/\/www.nowa.swrodzina.org\/index.php\/wp-json\/wp\/v2\/comments?post=104"}],"version-history":[{"count":1,"href":"https:\/\/www.nowa.swrodzina.org\/index.php\/wp-json\/wp\/v2\/posts\/104\/revisions"}],"predecessor-version":[{"id":105,"href":"https:\/\/www.nowa.swrodzina.org\/index.php\/wp-json\/wp\/v2\/posts\/104\/revisions\/105"}],"wp:featuredmedia":[{"embeddable":true,"href":"https:\/\/www.nowa.swrodzina.org\/index.php\/wp-json\/wp\/v2\/media\/106"}],"wp:attachment":[{"href":"https:\/\/www.nowa.swrodzina.org\/index.php\/wp-json\/wp\/v2\/media?parent=104"}],"wp:term":[{"taxonomy":"category","embeddable":true,"href":"https:\/\/www.nowa.swrodzina.org\/index.php\/wp-json\/wp\/v2\/categories?post=104"},{"taxonomy":"post_tag","embeddable":true,"href":"https:\/\/www.nowa.swrodzina.org\/index.php\/wp-json\/wp\/v2\/tags?post=104"}],"curies":[{"name":"wp","href":"https:\/\/api.w.org\/{rel}","templated":true}]}}