{"id":702,"date":"2026-03-14T23:23:14","date_gmt":"2026-03-14T21:23:14","guid":{"rendered":"https:\/\/www.nowa.swrodzina.org\/?p=702"},"modified":"2026-03-14T23:23:15","modified_gmt":"2026-03-14T21:23:15","slug":"ogloszenia-parafialne-czwarta-niedziela-wielkiego-postu","status":"publish","type":"post","link":"http:\/\/www.nowa.swrodzina.org\/index.php\/2026\/03\/14\/ogloszenia-parafialne-czwarta-niedziela-wielkiego-postu\/","title":{"rendered":"Og\u0142oszenia Parafialne\u00a0Czwarta Niedziela Wielkiego Postu"},"content":{"rendered":"<p>1.Dzisiaj obchodzimy 4. niedziel\u0119 Wielkiego Postu.<\/p><p>2. Bardzo dzi\u0119kujemy za ofiary sk\u0142adane na nasze prace remontowe w ko\u015bciele. W ubieg\u0142a niedziel\u0119 wraz z wp\u0142atami na konto parafialne zosta\u0142o z\u0142o\u017cone 6874 z\u0142 i 10 funt\u00f3w. B\u00f3g zap\u0142a\u0107.<\/p><p>3. Za tydzie\u0144 rozpoczynamy nasze wielkopostne rekolekcje, kt\u00f3re potrwaj\u0105 do \u015brody w\u0142\u0105cznie. Poprowadzi je ks. profesor Zdzis\u0142aw Kunicki. Nauki rekolekcyjne codziennie o godz. 10.00, 12.00 i o godz. 18.00. Spowied\u017a p\u00f3\u0142 godziny przed ka\u017cd\u0105 Msz\u0105 \u015bwi\u0119t\u0105. M\u0142odzie\u017c przygotowuj\u0105ca si\u0119 do bierzmowania uczestniczy w rekolekcjach o godz. 18.00. Za udzia\u0142 w \u0107wiczeniach duchowych trwaj\u0105cych przynajmniej przez trzy dni mo\u017cna uzyska\u0107 odpust zupe\u0142ny pod zwyk\u0142ymi warunkami.<\/p><p>4. Rodzice dzieci, kt\u00f3re przygotowuj\u0105 si\u0119 do I Komunii \u015bw. maj\u0105 swoje spotkanie dzisiaj po Mszy \u015bw. o godz. 12.00. Pr\u00f3ba dla dzieci przygotowuj\u0105cych si\u0119 do I Komunii \u015bwi\u0119tej we czwartek o godz. 16.30 w ko\u015bciele.<\/p><p>5. We czwartek 19 marca obchodzimy Uroczysto\u015b\u0107 \u015bw. J\u00f3zefa, Oblubie\u0144ca NMP. Msze \u015bw. o godz. 12.00 i 18.00.<\/p><p>6. W Wielkim Po\u015bcie zach\u0119camy do uczestnictwa w nabo\u017ce\u0144stwach Drogi Krzy\u017cowej w pi\u0105tki o godz. 11.30, 17.30 i z udzia\u0142em dzieci o godz. 16.30 oraz w Gorzkich \u017balach w niedziel\u0119 o godz. 17.30.<\/p><p>7.We wtorek, 17 marca zapraszamy na kr\u0105g biblijny po Mszy \u015bwi\u0119tej wieczornej do salki parafialnej.<\/p><p>8. W pi\u0105tek 20 marca pragniemy zaprosi\u0107 wszystkich ch\u0119tnych parafian do czytania poszczeg\u00f3lnych stacji drogi krzy\u017cowej o godz. 11.30 i 17.30. Przygotowane rozwa\u017cania mo\u017cna odebra\u0107 w zakrystii. Osoby czytaj\u0105ce prosimy o zaj\u0119cie miejsc w dw\u00f3ch pierwszych \u0142awkach, gdzie b\u0119dzie przygotowany mikrofon bezprzewodowy.<\/p><p>9. We czwartek zapraszamy na kolejne warsztaty r\u0119kodzie\u0142a od godz. 16.00. Zapraszamy r\u00f3wnie\u017c dzieci i m\u0142odzie\u017c na sobot\u0119 na 28 marca na godz. 9.00 do salki parafialnej na warsztaty, podczas kt\u00f3rych poznaj\u0105 tradycyjne wielkanocne dekoracje i zwyczaje. R\u00f3wnie\u017c b\u0119dzie mo\u017cna wykona\u0107 w\u0142asnor\u0119czne palmy. Ma\u0142e dzieci do lat 7 prosimy o przyj\u015bcie z opiekunem.<\/p><p>10. Mile widziany by\u0142by udzia\u0142 ma\u0142\u017ce\u0144stw i rodzin w Nowennie do \u015awi\u0119tej Rodziny w sobot\u0119 o godz. 12.00.<\/p><p>11. Przy wyj\u015bciu z ko\u015bcio\u0142a mo\u017cna naby\u0107 nowe numery prasy katolickiej (Go\u015b\u0107 Niedzielny, Niedziela) i \u015bwi\u0105teczne \u015bwiece Caritas na st\u00f3\u0142 wielkanocny.<\/p><p>12. Dzi\u0119kujemy r\u00f3wnie\u017c za ofiary z\u0142o\u017cone do puszek po dzisiejszych Mszach \u015bw., kt\u00f3re s\u0105 przeznaczone na przygotowanie paczek \u015bwi\u0105tecznych przez nasz parafialny zesp\u00f3\u0142 Caritas dla najbardziej potrzebuj\u0105cych z naszej Parafii. Za tydzie\u0144 po Mszach \u015bwi\u0119tych b\u0119dzie zbierana puszka na kwiaty do grobu Pa\u0144skiego.<\/p><p>13. W minionym tygodniu odszed\u0142 do wieczno\u015bci: \u015bp. Zdzis\u0142aw LOPI\u0143SKI w wieku 73 lat. Wieczny odpoczynek racz Mu da\u0107, Panie&#8230;<\/p>","protected":false},"excerpt":{"rendered":"<p>Dzisiaj obchodzimy 4. niedziel\u0119 Wielkiego Postu.<\/p>\n","protected":false},"author":1,"featured_media":700,"comment_status":"closed","ping_status":"closed","sticky":false,"template":"","format":"standard","meta":{"footnotes":""},"categories":[17],"tags":[],"class_list":["post-702","post","type-post","status-publish","format-standard","has-post-thumbnail","hentry","category-ogloszenia-i-intencje"],"_links":{"self":[{"href":"http:\/\/www.nowa.swrodzina.org\/index.php\/wp-json\/wp\/v2\/posts\/702","targetHints":{"allow":["GET"]}}],"collection":[{"href":"http:\/\/www.nowa.swrodzina.org\/index.php\/wp-json\/wp\/v2\/posts"}],"about":[{"href":"http:\/\/www.nowa.swrodzina.org\/index.php\/wp-json\/wp\/v2\/types\/post"}],"author":[{"embeddable":true,"href":"http:\/\/www.nowa.swrodzina.org\/index.php\/wp-json\/wp\/v2\/users\/1"}],"replies":[{"embeddable":true,"href":"http:\/\/www.nowa.swrodzina.org\/index.php\/wp-json\/wp\/v2\/comments?post=702"}],"version-history":[{"count":1,"href":"http:\/\/www.nowa.swrodzina.org\/index.php\/wp-json\/wp\/v2\/posts\/702\/revisions"}],"predecessor-version":[{"id":703,"href":"http:\/\/www.nowa.swrodzina.org\/index.php\/wp-json\/wp\/v2\/posts\/702\/revisions\/703"}],"wp:featuredmedia":[{"embeddable":true,"href":"http:\/\/www.nowa.swrodzina.org\/index.php\/wp-json\/wp\/v2\/media\/700"}],"wp:attachment":[{"href":"http:\/\/www.nowa.swrodzina.org\/index.php\/wp-json\/wp\/v2\/media?parent=702"}],"wp:term":[{"taxonomy":"category","embeddable":true,"href":"http:\/\/www.nowa.swrodzina.org\/index.php\/wp-json\/wp\/v2\/categories?post=702"},{"taxonomy":"post_tag","embeddable":true,"href":"http:\/\/www.nowa.swrodzina.org\/index.php\/wp-json\/wp\/v2\/tags?post=702"}],"curies":[{"name":"wp","href":"https:\/\/api.w.org\/{rel}","templated":true}]}}