{"id":699,"date":"2026-03-14T23:22:15","date_gmt":"2026-03-14T21:22:15","guid":{"rendered":"https:\/\/www.nowa.swrodzina.org\/?p=699"},"modified":"2026-03-14T23:22:16","modified_gmt":"2026-03-14T21:22:16","slug":"intencje-mszalne-czwarta-niedziela-wielkiego-postu","status":"publish","type":"post","link":"http:\/\/www.nowa.swrodzina.org\/index.php\/2026\/03\/14\/intencje-mszalne-czwarta-niedziela-wielkiego-postu\/","title":{"rendered":"Intencje Mszalne Czwarta Niedziela Wielkiego Postu"},"content":{"rendered":"<figure class=\"wp-block-table\"><table><tbody><tr><td rowspan=\"3\"><strong>16 marca, <\/strong>poniedzia\u0142ek <br><strong>J 4, 43-54<\/strong> <br>Uzdrowienie syna urz\u0119dnika kr\u00f3lewskiego<\/td><td>12.00<\/td><td>Za Parafian<\/td><\/tr><tr><td>12.00<\/td><td>\u015bp. El\u017cbieta i Helena w 10 rocz. \u015bmierci i Stanis\u0142aw, Lech i brat Stanis\u0142aw<\/td><\/tr><tr><td>18.00<\/td><td>\u015bp. Teresa KACZY\u0143SKA (16 gr)<\/td><\/tr><tr><td rowspan=\"3\"><strong>17 marca, <\/strong>wtorek <br><strong>J 5, 1-16<\/strong> <br>Uzdrowienie paralityka w sadzawce Betesda<\/td><td>12.00<\/td><td>\u015bp. Krystyna OCIESZA w 14 rocz. \u015bmierci i zmar\u0142ych z Rodziny<\/td><\/tr><tr><td>18.00<\/td><td>\u015ap. Seweryn (M), Cecylia OKO\u0143SCY i zmarli z Rodziny<\/td><\/tr><tr><td>18.00<\/td><td>\u015bp. Teresa KACZY\u0143SKA (17 gr)<\/td><\/tr><tr><td rowspan=\"2\"><strong>18 marca, \u015broda<\/strong> <br><strong>J 5, 17-30<\/strong> <br>Syn Bo\u017cy o\u017cywia tych, kt\u00f3rych chce<\/td><td>12.00<\/td><td>\u015bp. Wies\u0142aw GOC\u0141AWSKI<\/td><\/tr><tr><td>18.00<\/td><td>\u015bp. Teresa KACZY\u0143SKA (18 gr)<\/td><\/tr><tr><td rowspan=\"3\"><strong>19 marca, czwartek<\/strong> <br><strong>Mt 1, 16. 18-21. 24a<\/strong> <br>J\u00f3zef uczyni\u0142 tak, jak mu poleci\u0142 anio\u0142 Pa\u0144ski <br><strong>Uroczysto\u015b\u0107 \u015bw. J\u00f3zefa, Oblubie\u0144ca Naj\u015bwi\u0119tszej Maryi Panny<\/strong><\/td><td>12.00<\/td><td>\u015bp. Teresa KACZY\u0143SKA (19 gr)<\/td><\/tr><tr><td>18.00<\/td><td>\u015bp. Rodzice J\u00f3zef i Paulina oraz rodze\u0144stwo: Konstanty, Jan i Aleksander<\/td><\/tr><tr><td>18.00<\/td><td>Dzi\u0119kczynna za 60 lat \u017cycia Lidii z pro\u015bb\u0105 o Bo\u017ce b\u0142ogos\u0142awie\u0144stwo i opiek\u0119 \u015aw. Rodziny na dalsze lata<\/td><\/tr><tr><td rowspan=\"3\"><strong>20 marca, <\/strong>pi\u0105tek <br><strong>J 7, 1-2. 10. 25-30<\/strong> <br>Przeciwnicy zamierzaj\u0105 pojma\u0107 Jezusa, lecz godzina Jego jeszcze nie nadesz\u0142a<\/td><td>12.00<\/td><td>Czcicieli Bo\u017cego Mi\u0142osierdzia<\/td><\/tr><tr><td>18.00<\/td><td>\u015bp. Teresa KACZY\u0143SKA (3, gr)<\/td><\/tr><tr><td>18.00<\/td><td>Czcicieli Bo\u017cego Mi\u0142osierdzia<\/td><\/tr><tr><td rowspan=\"4\"><strong>21 marca, <\/strong>sobota <br><strong>J 7, 40-53<\/strong> <br>Spory oko\u0142o osoby Jezusa<\/td><td>12.00<\/td><td>W intencji Rodzin, ma\u0142\u017ce\u0144stw i os\u00f3b samotnych<\/td><\/tr><tr><td>12.00<\/td><td>O Bo\u017ce b\u0142ogos\u0142awie\u0144stwo i opiek\u0119 Matki Bo\u017cej dla Wandy ZAB\u0141OCKIEJ<\/td><\/tr><tr><td>18.00<\/td><td>\u015ap. Jadwiga DURMOWICZ i zm. z Rodziny TYBORCZYK i CHEKMINIAK<\/td><\/tr><tr><td>18.00<\/td><td>\u015bp. Teresa KACZY\u0143SKA (21 gr)<\/td><\/tr><tr><td rowspan=\"6\"><strong>22 marca<\/strong>, niedziela <br><strong>J 11, 1-45<\/strong> <br>Ja jestem zmartwychwstaniem i \u017cyciem <br><strong>Pi\u0105ta Niedziela Wielkiego Postu<\/strong><\/td><td>7.30<\/td><td>\u015ap. Daniela, Zbigniew, Robert, W\u0142adys\u0142awa (K), Feliks, Kazimierz<\/td><\/tr><tr><td>9.00<\/td><td>\u015bp. Teresa KACZY\u0143SKA (22 gr)<\/td><\/tr><tr><td>10.30<\/td><td>\u015bp. Rodzic\u00f3w: Irena i Czes\u0142aw oraz m\u0119\u017ca Franciszka, brata Czes\u0142awa i bratanic\u0119 Dorot\u0119<\/td><\/tr><tr><td>12.00<\/td><td>Dzi\u0119kczynna za 15 lat Kajetana i za mam\u0119 z okazji urodzin<\/td><\/tr><tr><td>18.00<\/td><td>\u015bp. rodzic\u00f3w Bo\u017cen\u0119 i Stanis\u0142awa PIECIUKEWICZ\u00d3W w 2 rocz. \u015bmierci Jana KAUZI\u0143SKIEGO, 26 rocz. \u015bmierci Henryka (M) NAMIELSKIEGO<\/td><\/tr><tr><td>20.00<\/td><td>\u015ap. El\u017cbieta SZCZEPKOWSKA<\/td><\/tr><\/tbody><\/table><\/figure>","protected":false},"excerpt":{"rendered":"<p>Intencje mszalne 16.03- 22.03.2026<\/p>\n","protected":false},"author":1,"featured_media":700,"comment_status":"closed","ping_status":"closed","sticky":false,"template":"","format":"standard","meta":{"footnotes":""},"categories":[17],"tags":[],"class_list":["post-699","post","type-post","status-publish","format-standard","has-post-thumbnail","hentry","category-ogloszenia-i-intencje"],"_links":{"self":[{"href":"http:\/\/www.nowa.swrodzina.org\/index.php\/wp-json\/wp\/v2\/posts\/699","targetHints":{"allow":["GET"]}}],"collection":[{"href":"http:\/\/www.nowa.swrodzina.org\/index.php\/wp-json\/wp\/v2\/posts"}],"about":[{"href":"http:\/\/www.nowa.swrodzina.org\/index.php\/wp-json\/wp\/v2\/types\/post"}],"author":[{"embeddable":true,"href":"http:\/\/www.nowa.swrodzina.org\/index.php\/wp-json\/wp\/v2\/users\/1"}],"replies":[{"embeddable":true,"href":"http:\/\/www.nowa.swrodzina.org\/index.php\/wp-json\/wp\/v2\/comments?post=699"}],"version-history":[{"count":1,"href":"http:\/\/www.nowa.swrodzina.org\/index.php\/wp-json\/wp\/v2\/posts\/699\/revisions"}],"predecessor-version":[{"id":701,"href":"http:\/\/www.nowa.swrodzina.org\/index.php\/wp-json\/wp\/v2\/posts\/699\/revisions\/701"}],"wp:featuredmedia":[{"embeddable":true,"href":"http:\/\/www.nowa.swrodzina.org\/index.php\/wp-json\/wp\/v2\/media\/700"}],"wp:attachment":[{"href":"http:\/\/www.nowa.swrodzina.org\/index.php\/wp-json\/wp\/v2\/media?parent=699"}],"wp:term":[{"taxonomy":"category","embeddable":true,"href":"http:\/\/www.nowa.swrodzina.org\/index.php\/wp-json\/wp\/v2\/categories?post=699"},{"taxonomy":"post_tag","embeddable":true,"href":"http:\/\/www.nowa.swrodzina.org\/index.php\/wp-json\/wp\/v2\/tags?post=699"}],"curies":[{"name":"wp","href":"https:\/\/api.w.org\/{rel}","templated":true}]}}