{"id":694,"date":"2026-03-07T18:01:00","date_gmt":"2026-03-07T16:01:00","guid":{"rendered":"https:\/\/www.nowa.swrodzina.org\/?p=694"},"modified":"2026-03-07T10:52:09","modified_gmt":"2026-03-07T08:52:09","slug":"ogloszenia-parafialne-trzecia-niedziela-wielkiego-postu","status":"publish","type":"post","link":"http:\/\/www.nowa.swrodzina.org\/index.php\/2026\/03\/07\/ogloszenia-parafialne-trzecia-niedziela-wielkiego-postu\/","title":{"rendered":"Og\u0142oszenia Parafialne\u00a0Trzecia Niedziela Wielkiego Postu"},"content":{"rendered":"<p><\/p><p>1.Dzisiaj obchodzimy 3. niedziel\u0119 Wielkiego Postu. Ofiary sk\u0142adane w czasie Mszy \u015bw. s\u0105 przeznaczone na prace remontowe w ko\u015bciele. Wszystkim ofiarodawcom serdecznie dzi\u0119kujemy.<\/p><p>2. M\u0142odzie\u017c przygotowuj\u0105ca si\u0119 do bierzmowania ma swoje spotkanie w najbli\u017cszy czwartek, 12.03. po wieczornej Mszy \u015bw. w salce parafialnej.<\/p><p>3. Mile widziany by\u0142by udzia\u0142 ma\u0142\u017ce\u0144stw i rodzin w Nowennie do \u015awi\u0119tej Rodziny w sobot\u0119 o godz. 12.00.<\/p><p>4. Pierwsza pr\u00f3ba dla dzieci przygotowuj\u0105cych si\u0119 do I Komunii \u015bw. i rodzic\u00f3w w najbli\u017csz\u0105 \u015brod\u0119 o godz. 17.00 w ko\u015bciele. Obecno\u015b\u0107 obowi\u0105zkowa. Za tydzie\u0144 w niedziel\u0119 spotkanie dla rodzic\u00f3w po Mszy \u015bw. o godz. 12.00.<\/p><p>5. W Wielkim Po\u015bcie zapraszamy do uczestnictwa w nabo\u017ce\u0144stwach Drogi Krzy\u017cowej w pi\u0105tki o godz. 11.30, 17.30 i z udzia\u0142em dzieci o godz. 16.30 oraz w Gorzkich \u017balach w niedziel\u0119 o godz. 17.30. Za pobo\u017cny udzia\u0142 w nabo\u017ce\u0144stwach okresu Wielkiego Postu mo\u017cna uzyska\u0107 odpust zupe\u0142ny pod zwyk\u0142ymi warunkami.<\/p><p>6. Dzi\u0119kujemy za udzia\u0142 w warsztatach r\u0119kodzie\u0142a i zapraszamy na kolejne spotkanie 19 marca we czwartek od godz. 16.00 do domu parafialnego.<\/p><p>7.. Zapraszamy serdecznie do udzia\u0142u w kolejnej edycji Ekstremalnej Drogi Krzy\u017cowej. Odb\u0119dzie si\u0119 ona w nocy z 27 na 28 marca. Zapraszamy na Msz\u0119 \u015bw. o godz. 20.00 w parafii \u015bw. Brata Alberta w Elbl\u0105gu.&nbsp; Przygotowane jest 5 tras &#8211; do Tolkmicka, Fromborka, Zielonki Pas\u0142\u0119ckiej, Malborka i p\u0119tla, kt\u00f3ra rozpoczyna i ko\u0144czy si\u0119 w Elbl\u0105gu. Ka\u017cda z nich ma ponad 40 km do przej\u015bcia. Koszt pakietu z rozwa\u017caniami 30 z\u0142.<\/p><p>8. Zapraszamy Was do wzi\u0119cia udzia\u0142u w wyj\u0105tkowej akcji wysy\u0142ania kartek \u015bwi\u0105tecznych do katolik\u00f3w w r\u00f3\u017cnych stronach \u015bwiata. Chcemy podtrzyma\u0107 wygasaj\u0105c\u0105 tradycj\u0119 wysy\u0142ania kartek \u015bwi\u0105tecznych tradycyjn\u0105 poczt\u0105. Chcemy pokaza\u0107, \u017ce cho\u0107 dziel\u0105 nas tysi\u0105ce kilometr\u00f3w, \u0142\u0105czy nas jedna wiara, nadzieja i mi\u0142o\u015b\u0107. Je\u017celi zechcecie do\u0142\u0105czy\u0107 do naszej akcji, prosimy o przygotowanie w\u0142asnor\u0119cznie wykonanych kartek \u015bwi\u0105tecznych z \u017cyczeniami nawi\u0105zuj\u0105cymi do \u015awiat Wielkanocnych. List\u0119 adres\u00f3w, mo\u017cna odebra\u0107 w zakrystii.<\/p><p>9. Za tydzie\u0144 w niedziel\u0119, po Mszy \u015bwi\u0119tej b\u0119d\u0105 zbierane ofiary do puszki na parafialny zesp\u00f3\u0142 Caritas, kt\u00f3ry b\u0119dzie przygotowywa\u0142 paczki \u015bwi\u0105teczne dla najubo\u017cszych z naszej parafii. R\u00f3wnie\u017c od dzisiaj Caritas parafialny rozprowadza \u015bwiece \u015bwi\u0105teczne na st\u00f3\u0142 wielkanocny w cenie: 20 z\u0142 (walce), 23 (jajo du\u017ce), 15 (jajo ma\u0142e).<\/p><p>10. Stowarzyszenie KARAN zaprasza do wsp\u00f3lnej modlitwy w trzeci\u0105 niedziel\u0119 miesi\u0105ca. Najbli\u017csza Msza \u015aw. w niedziel\u0119 15 marca o godz. 16.00, w ko\u015bciele Bo\u017cego Cia\u0142a, ul. Robotnicza 29 w Elbl\u0105gu. Po Eucharystii spotkanie przy herbacie.<\/p><p>11. Przy wyj\u015bciu z ko\u015bcio\u0142a mo\u017cna naby\u0107 nowe numery prasy katolickiej (Go\u015b\u0107 Niedzielny, Niedziela i Ma\u0142y Go\u015b\u0107).<\/p><p>12. W minionym tygodniu odeszli do wieczno\u015bci: \u015bp. Alicja MAZURKIEWICZ w wieku 81 lat i \u015bp. Jerzy STYPU\u0141KOWSKI w wieku 77 lat. Wieczny odpoczynek racz Im da\u0107, Panie&#8230;<\/p>","protected":false},"excerpt":{"rendered":"<p>Dzisiaj celebrujemy 3. niedziel\u0119 Wielkiego Postu<\/p>\n","protected":false},"author":1,"featured_media":692,"comment_status":"closed","ping_status":"closed","sticky":false,"template":"","format":"standard","meta":{"footnotes":""},"categories":[17],"tags":[],"class_list":["post-694","post","type-post","status-publish","format-standard","has-post-thumbnail","hentry","category-ogloszenia-i-intencje"],"_links":{"self":[{"href":"http:\/\/www.nowa.swrodzina.org\/index.php\/wp-json\/wp\/v2\/posts\/694","targetHints":{"allow":["GET"]}}],"collection":[{"href":"http:\/\/www.nowa.swrodzina.org\/index.php\/wp-json\/wp\/v2\/posts"}],"about":[{"href":"http:\/\/www.nowa.swrodzina.org\/index.php\/wp-json\/wp\/v2\/types\/post"}],"author":[{"embeddable":true,"href":"http:\/\/www.nowa.swrodzina.org\/index.php\/wp-json\/wp\/v2\/users\/1"}],"replies":[{"embeddable":true,"href":"http:\/\/www.nowa.swrodzina.org\/index.php\/wp-json\/wp\/v2\/comments?post=694"}],"version-history":[{"count":1,"href":"http:\/\/www.nowa.swrodzina.org\/index.php\/wp-json\/wp\/v2\/posts\/694\/revisions"}],"predecessor-version":[{"id":695,"href":"http:\/\/www.nowa.swrodzina.org\/index.php\/wp-json\/wp\/v2\/posts\/694\/revisions\/695"}],"wp:featuredmedia":[{"embeddable":true,"href":"http:\/\/www.nowa.swrodzina.org\/index.php\/wp-json\/wp\/v2\/media\/692"}],"wp:attachment":[{"href":"http:\/\/www.nowa.swrodzina.org\/index.php\/wp-json\/wp\/v2\/media?parent=694"}],"wp:term":[{"taxonomy":"category","embeddable":true,"href":"http:\/\/www.nowa.swrodzina.org\/index.php\/wp-json\/wp\/v2\/categories?post=694"},{"taxonomy":"post_tag","embeddable":true,"href":"http:\/\/www.nowa.swrodzina.org\/index.php\/wp-json\/wp\/v2\/tags?post=694"}],"curies":[{"name":"wp","href":"https:\/\/api.w.org\/{rel}","templated":true}]}}