{"id":691,"date":"2026-03-07T18:00:00","date_gmt":"2026-03-07T16:00:00","guid":{"rendered":"https:\/\/www.nowa.swrodzina.org\/?p=691"},"modified":"2026-03-07T10:50:58","modified_gmt":"2026-03-07T08:50:58","slug":"intencje-mszalne-trzecia-niedziela-wielkiego-postu","status":"publish","type":"post","link":"http:\/\/www.nowa.swrodzina.org\/index.php\/2026\/03\/07\/intencje-mszalne-trzecia-niedziela-wielkiego-postu\/","title":{"rendered":"Intencje Mszalne Trzecia Niedziela Wielkiego Postu"},"content":{"rendered":"<figure class=\"wp-block-table\"><table><tbody><tr><td class=\"has-text-align-center\" data-align=\"center\" rowspan=\"3\"><strong>9 marca, <\/strong>poniedzia\u0142ek <br><strong>\u0141k 4, 24-30<\/strong> <br>Jezus zosta\u0142 pos\u0142any do wszystkich lud\u00f3w<\/td><td>12.00<\/td><td>\u015bp. Pawe\u0142, Kazimierz, Janusz, Andrzej KLINICCY<\/td><\/tr><tr><td class=\"has-text-align-center\" data-align=\"center\">12.00<\/td><td>\u015aP. Stefan, Ryszard, Jerzy, W\u0142odzimierz ZALESZCZENKO w 10 rocz. \u015bmierci<\/td><\/tr><tr><td class=\"has-text-align-center\" data-align=\"center\">18.00<\/td><td>\u015bp. Teresa KACZY\u0143SKA (9 gr)<\/td><\/tr><tr><td class=\"has-text-align-center\" data-align=\"center\" rowspan=\"3\"><strong>10 marca, <\/strong>wtorek <br><strong>Mt 18, 21-35<\/strong> <br>Przebaczenie Boga uwarunkowane przebaczeniem drugiemu cz\u0142owiekowi<\/td><td>12.00<\/td><td>\u015bp. J\u00f3zef PANEK<\/td><\/tr><tr><td class=\"has-text-align-center\" data-align=\"center\">18.00<\/td><td>Wynagradzaj\u0105ca NSPJ i Niepokalanemu Sercu M za grzechy Naszej Ojczyzny<\/td><\/tr><tr><td class=\"has-text-align-center\" data-align=\"center\">18.00<\/td><td>\u015bp. Teresa KACZY\u0143SKA (10 gr)<\/td><\/tr><tr><td class=\"has-text-align-center\" data-align=\"center\" rowspan=\"2\"><strong>11 marca, \u015broda<\/strong> <br><strong>Mt 5, 17-19<\/strong> <br>Kto wype\u0142nia przykazania, ten b\u0119dzie wielki w kr\u00f3lestwie niebieskim<\/td><td>12.00<\/td><td>Wynagradzaj\u0105ca NSPJ i Niepokalanemu Sercu M za grzechy Naszej Ojczyzny<\/td><\/tr><tr><td class=\"has-text-align-center\" data-align=\"center\">18.00<\/td><td>\u015bp. Teresa KACZY\u0143SKA (11 gr)<\/td><\/tr><tr><td class=\"has-text-align-center\" data-align=\"center\" rowspan=\"3\"><strong>12 marca, czwartek<\/strong> <br><strong>\u0141k 11, 14-23<\/strong> <br>Kto nie jest ze Mn\u0105, jest przeciwko Mnie<\/td><td>12.00<\/td><td>Wynagradzaj\u0105ca NSPJ i Niepokalanemu Sercu M za grzechy Naszej Ojczyzny<\/td><\/tr><tr><td class=\"has-text-align-center\" data-align=\"center\">18.00<\/td><td>\u015bp. Henryk KAMI\u0143SKI<\/td><\/tr><tr><td class=\"has-text-align-center\" data-align=\"center\">18.00<\/td><td>\u015bp. Teresa KACZY\u0143SKA (12 gr)<\/td><\/tr><tr><td class=\"has-text-align-center\" data-align=\"center\" rowspan=\"3\"><strong>13 marca, <\/strong>pi\u0105tek <br><strong>Mk 12, 28b-34<\/strong> <br>Pierwsze ze wszystkich przykaza\u0144<\/td><td>12.00<\/td><td>Czcicieli Bo\u017cego Mi\u0142osierdzia<\/td><\/tr><tr><td class=\"has-text-align-center\" data-align=\"center\">18.00<\/td><td>\u015bp. Teresa KACZY\u0143SKA (13 gr)<\/td><\/tr><tr><td class=\"has-text-align-center\" data-align=\"center\">18.00<\/td><td>Czcicieli Bo\u017cego Mi\u0142osierdzia<\/td><\/tr><tr><td class=\"has-text-align-center\" data-align=\"center\" rowspan=\"3\"><strong>14 marca, <\/strong>sobota <br><strong>\u0141k 18, 9-14<\/strong> <br>Przypowie\u015b\u0107 o faryzeuszu i celniku<\/td><td>12.00<\/td><td>\u015bp. Roman ROZWADOWSKI<\/td><\/tr><tr><td class=\"has-text-align-center\" data-align=\"center\">18.00<\/td><td>Zmarli z Rodzin: BZDOK, BILI\u0143SKICH, WYSOCKICH, NASARZEWSKICH&nbsp;&nbsp;<\/td><\/tr><tr><td class=\"has-text-align-center\" data-align=\"center\">18.00<\/td><td>\u015bp. Teresa KACZY\u0143SKA (14 gr)<\/td><\/tr><tr><td class=\"has-text-align-center\" data-align=\"center\" rowspan=\"6\"><strong>15 marca<\/strong>, niedziela <br><strong>J 9, 1-41<\/strong> <br>Uzdrowienie niewidomego od urodzenia <br><strong>Czwarta Niedziela Wielkiego Postu<\/strong><\/td><td>7.30<\/td><td>\u015bp. Stanis\u0142aw BRALEWSKI w 23 rocz. \u015bmierci<br>i zmarli z rodziny: BRALEWSKICH I ZUZELSKICH<\/td><\/tr><tr><td class=\"has-text-align-center\" data-align=\"center\">9.00<\/td><td>\u015bp. W\u0142adys\u0142awa (K) i Antoni \u0141ADA<\/td><\/tr><tr><td class=\"has-text-align-center\" data-align=\"center\">10.30<\/td><td>\u015bp. Teresa KACZY\u0143SKA (15 gr)<\/td><\/tr><tr><td class=\"has-text-align-center\" data-align=\"center\">12.00<\/td><td>\u015bp. Tadeusz CHWELCZUK w 5 r. smierci<\/td><\/tr><tr><td class=\"has-text-align-center\" data-align=\"center\">18.00<\/td><td>\u015bp. Helena, Feliks \u0141ADZIAK, Halina NASI\u0141OWSKA<\/td><\/tr><tr><td class=\"has-text-align-center\" data-align=\"center\">20.00<\/td><td>\u015bp. Agnieszka i J\u00f3zef MYTNIK W 15 rocznice \u015bmierci<\/td><\/tr><\/tbody><\/table><\/figure>","protected":false},"excerpt":{"rendered":"<p>Intencje mszalne 09.03- 15.03.2026<\/p>\n","protected":false},"author":1,"featured_media":692,"comment_status":"closed","ping_status":"closed","sticky":false,"template":"","format":"standard","meta":{"footnotes":""},"categories":[17],"tags":[],"class_list":["post-691","post","type-post","status-publish","format-standard","has-post-thumbnail","hentry","category-ogloszenia-i-intencje"],"_links":{"self":[{"href":"http:\/\/www.nowa.swrodzina.org\/index.php\/wp-json\/wp\/v2\/posts\/691","targetHints":{"allow":["GET"]}}],"collection":[{"href":"http:\/\/www.nowa.swrodzina.org\/index.php\/wp-json\/wp\/v2\/posts"}],"about":[{"href":"http:\/\/www.nowa.swrodzina.org\/index.php\/wp-json\/wp\/v2\/types\/post"}],"author":[{"embeddable":true,"href":"http:\/\/www.nowa.swrodzina.org\/index.php\/wp-json\/wp\/v2\/users\/1"}],"replies":[{"embeddable":true,"href":"http:\/\/www.nowa.swrodzina.org\/index.php\/wp-json\/wp\/v2\/comments?post=691"}],"version-history":[{"count":1,"href":"http:\/\/www.nowa.swrodzina.org\/index.php\/wp-json\/wp\/v2\/posts\/691\/revisions"}],"predecessor-version":[{"id":693,"href":"http:\/\/www.nowa.swrodzina.org\/index.php\/wp-json\/wp\/v2\/posts\/691\/revisions\/693"}],"wp:featuredmedia":[{"embeddable":true,"href":"http:\/\/www.nowa.swrodzina.org\/index.php\/wp-json\/wp\/v2\/media\/692"}],"wp:attachment":[{"href":"http:\/\/www.nowa.swrodzina.org\/index.php\/wp-json\/wp\/v2\/media?parent=691"}],"wp:term":[{"taxonomy":"category","embeddable":true,"href":"http:\/\/www.nowa.swrodzina.org\/index.php\/wp-json\/wp\/v2\/categories?post=691"},{"taxonomy":"post_tag","embeddable":true,"href":"http:\/\/www.nowa.swrodzina.org\/index.php\/wp-json\/wp\/v2\/tags?post=691"}],"curies":[{"name":"wp","href":"https:\/\/api.w.org\/{rel}","templated":true}]}}