{"id":660,"date":"2026-01-24T18:27:07","date_gmt":"2026-01-24T16:27:07","guid":{"rendered":"https:\/\/www.nowa.swrodzina.org\/?p=660"},"modified":"2026-01-24T18:27:08","modified_gmt":"2026-01-24T16:27:08","slug":"ogloszenia-parafialne-trzecia-niedziela-zwykla","status":"publish","type":"post","link":"http:\/\/www.nowa.swrodzina.org\/index.php\/2026\/01\/24\/ogloszenia-parafialne-trzecia-niedziela-zwykla\/","title":{"rendered":"Og\u0142oszenia Parafialne Trzecia Niedziela zwyk\u0142a"},"content":{"rendered":"<p>1.&nbsp;Dzisiaj obchodzimy Niedziel\u0119 S\u0142owa Bo\u017cego. Za tydzie\u0144 I Niedziela miesi\u0105ca lutego i adoracja Naj\u015bwi\u0119tszego Sakramentu na zako\u0144czenie Mszy \u015bwi\u0119tych.&nbsp;<\/p><p>2.&nbsp;W ubieg\u0142ym tygodniu, w sobot\u0119 zako\u0144czyli\u015bmy sk\u0142adanie wizyt duszpasterskich naszym parafianom. Dzi\u0119kujemy za wsp\u00f3ln\u0105 modlitw\u0119, spotkanie, rozmowy i \u017cyczliwe przyjmowanie nas w Waszych domach. Odwiedzili\u015bmy 989 rodzin, czyli 49 % mieszka\u0144 i dom\u00f3w na terenie parafii. Dzi\u0119kujemy tak\u017ce za z\u0142o\u017cone ofiary kol\u0119dowe na potrzeby Parafii (31 030 z\u0142).<\/p><p>3.&nbsp;W tym tygodniu: w poniedzia\u0142ek wspomnienie \u015bw. biskup\u00f3w Tymoteusza i Tytusa, we wtorek wspomnienie B\u0142. Jerzego Matulewicza, biskupa, we \u015brod\u0119 \u015bw. Tomasza z Akwinu, prezbitera i doktora Ko\u015bcio\u0142a, w sobot\u0119 \u015bw. Jana Bosko, prezbitera.<\/p><p>4.&nbsp;W tym tygodniu Kancelaria parafialna jest czynna we wtorki i we czwartki od godz. 15.30 do 17.30.<\/p><p>5.&nbsp;Dzi\u0119kujemy uczestnikom warsztat\u00f3w r\u0119kodzie\u0142a za Ich obecno\u015b\u0107, spotkanie i trud w\u0142asnor\u0119czny pracy. Na kolejne warsztaty zapraszamy za dwa tygodnie, 5 lutego od godz. 16.00.<\/p><p>6.&nbsp;Dzisiaj ko\u0144czy si\u0119 Tydzie\u0144 Modlitw o Jedno\u015b\u0107 Chrze\u015bcijan. Jutro Dzie\u0144 Islamu w Ko\u015bciele.<\/p><p>7.&nbsp;Parafia pw. \u015bw. Jakuba Aposto\u0142a w Tolkmicku organizuje pielgrzymk\u0119 do Grecji \u015bladami \u015bw. Paw\u0142a w terminie 12-19 wrze\u015bnia 2026 roku. Program i koszt na plakacie wywieszonym w gablocie. Zapisy do 10 lutego w zakrystii.<\/p><p>8.&nbsp;Przy wyj\u015bciu z ko\u015bcio\u0142a mo\u017cna naby\u0107 nowe numery prasy katolickiej (<em>Go\u015b\u0107 Niedzielny, Niedziela).<\/em><\/p><p>9.&nbsp;Wszystkim parafianom i go\u015bciom \u017cyczymy b\u0142ogos\u0142awionej niedzieli i obfito\u015bci \u0142ask Bo\u017cych.<\/p>","protected":false},"excerpt":{"rendered":"<p>Dzisiaj obchodzimy Trzeci\u0105 Niedziel\u0119 Zwyk\u0142\u0105<\/p>\n","protected":false},"author":1,"featured_media":658,"comment_status":"closed","ping_status":"closed","sticky":false,"template":"","format":"standard","meta":{"footnotes":""},"categories":[17],"tags":[],"class_list":["post-660","post","type-post","status-publish","format-standard","has-post-thumbnail","hentry","category-ogloszenia-i-intencje"],"_links":{"self":[{"href":"http:\/\/www.nowa.swrodzina.org\/index.php\/wp-json\/wp\/v2\/posts\/660","targetHints":{"allow":["GET"]}}],"collection":[{"href":"http:\/\/www.nowa.swrodzina.org\/index.php\/wp-json\/wp\/v2\/posts"}],"about":[{"href":"http:\/\/www.nowa.swrodzina.org\/index.php\/wp-json\/wp\/v2\/types\/post"}],"author":[{"embeddable":true,"href":"http:\/\/www.nowa.swrodzina.org\/index.php\/wp-json\/wp\/v2\/users\/1"}],"replies":[{"embeddable":true,"href":"http:\/\/www.nowa.swrodzina.org\/index.php\/wp-json\/wp\/v2\/comments?post=660"}],"version-history":[{"count":1,"href":"http:\/\/www.nowa.swrodzina.org\/index.php\/wp-json\/wp\/v2\/posts\/660\/revisions"}],"predecessor-version":[{"id":661,"href":"http:\/\/www.nowa.swrodzina.org\/index.php\/wp-json\/wp\/v2\/posts\/660\/revisions\/661"}],"wp:featuredmedia":[{"embeddable":true,"href":"http:\/\/www.nowa.swrodzina.org\/index.php\/wp-json\/wp\/v2\/media\/658"}],"wp:attachment":[{"href":"http:\/\/www.nowa.swrodzina.org\/index.php\/wp-json\/wp\/v2\/media?parent=660"}],"wp:term":[{"taxonomy":"category","embeddable":true,"href":"http:\/\/www.nowa.swrodzina.org\/index.php\/wp-json\/wp\/v2\/categories?post=660"},{"taxonomy":"post_tag","embeddable":true,"href":"http:\/\/www.nowa.swrodzina.org\/index.php\/wp-json\/wp\/v2\/tags?post=660"}],"curies":[{"name":"wp","href":"https:\/\/api.w.org\/{rel}","templated":true}]}}