{"id":657,"date":"2026-01-24T18:26:08","date_gmt":"2026-01-24T16:26:08","guid":{"rendered":"https:\/\/www.nowa.swrodzina.org\/?p=657"},"modified":"2026-01-24T18:26:09","modified_gmt":"2026-01-24T16:26:09","slug":"intencje-mszalne-trzecia-niedziela-zwykla","status":"publish","type":"post","link":"http:\/\/www.nowa.swrodzina.org\/index.php\/2026\/01\/24\/intencje-mszalne-trzecia-niedziela-zwykla\/","title":{"rendered":"Intencje Mszalne Trzecia Niedziela zwyk\u0142a"},"content":{"rendered":"<figure class=\"wp-block-table\"><table><tbody><tr><td class=\"has-text-align-center\" data-align=\"center\" rowspan=\"2\"><strong>26 stycznia, <\/strong>poniedzia\u0142ek <br><strong>\u0141k 10, 1-9<\/strong> <br>\u017bniwo wielkie, ale robotnik\u00f3w ma\u0142o <br><strong>Wspomnienie \u015bwi\u0119tych biskup\u00f3w Tymoteusza i Tytusa<\/strong><\/td><td>12.00<\/td><td>\u015bp. Andrzej WOLAK zmarli z Rodziny, Maria SZULC i zmarli z Rodziny, Stefan WILCZY\u0143SKI i zmarli z rodziny.<\/td><\/tr><tr><td class=\"has-text-align-center\" data-align=\"center\">18.00<\/td><td>\u015bp. Janina CELEJ<\/td><\/tr><tr><td class=\"has-text-align-center\" data-align=\"center\" rowspan=\"2\"><strong>27 stycznia, <\/strong>wtorek <br><strong>Mk 3, 31-35<\/strong> <br>Prawdziwa rodzina Jezusa<\/td><td>12.00<\/td><td>&nbsp;\u015bp. Higina CZESZEJKO<\/td><\/tr><tr><td class=\"has-text-align-center\" data-align=\"center\">18.00<\/td><td>&nbsp;<\/td><\/tr><tr><td class=\"has-text-align-center\" data-align=\"center\" rowspan=\"2\"><strong>28 stycznia, \u015broda<\/strong> <br><strong>Mk 4, 1-20<\/strong> <br>Przypowie\u015b\u0107 o siewcy <br><strong>Wspomnienie \u015bw. Tomasza z Akwinu, prezbitera i doktora Ko\u015bcio\u0142a<\/strong><\/td><td>12.00<\/td><td>&nbsp;<\/td><\/tr><tr><td class=\"has-text-align-center\" data-align=\"center\">18.00<\/td><td>\u015bp. Helga, Stanis\u0142aw, Regina BEDNARSCY w rocznic\u0119 \u015bmierci<\/td><\/tr><tr><td class=\"has-text-align-center\" data-align=\"center\" rowspan=\"2\"><strong>29 stycznia, czwartek<\/strong> <br><strong>Mk 4, 21-25<\/strong> <br>Przypowie\u015b\u0107 o \u015bwietle<\/td><td>12.00<\/td><td>&nbsp;O Bo\u017ce b\u0142ogos\u0142awie\u0144stwo i opiek\u0119 Matki Bo\u017cej dla ARTURA z okazji 43 urodzin<\/td><\/tr><tr><td class=\"has-text-align-center\" data-align=\"center\">18.00<\/td><td>&nbsp;O zdrowie i Bo\u017ce b\u0142ogos\u0142awie\u0144stwo dla Zofii, Adama, Bogus\u0142awy i Bogdana z okazji rocznicy Sakramentu Ma\u0142\u017ce\u0144stwa<\/td><\/tr><tr><td class=\"has-text-align-center\" data-align=\"center\" rowspan=\"3\"><strong>30 stycznia, <\/strong>pi\u0105tek <br><strong>Mk 4, 26-34<\/strong> <br>Rozw\u00f3j kr\u00f3lestwa Bo\u017cego<\/td><td>12.00<\/td><td>Za czcicieli Mi\u0142osierdzia Bo\u017cego<\/td><\/tr><tr><td class=\"has-text-align-center\" data-align=\"center\">12.00<\/td><td>&nbsp;\u015bp. Helena KORWEL w 7 rocznic\u0119 \u015bmierci, Marian KORWEL w 13 rocznic\u0119 \u015bmierci<\/td><\/tr><tr><td class=\"has-text-align-center\" data-align=\"center\">18.00<\/td><td>Za czcicieli Mi\u0142osierdzia Bo\u017cego<\/td><\/tr><tr><td class=\"has-text-align-center\" data-align=\"center\" rowspan=\"2\"><strong>31 stycznia, <\/strong>sobota <br><strong>Mk 4, 35-41<\/strong> <br>Jezus ucisza burz\u0119 <br><strong>Wspomnienie \u015bw. Jana Bosko, prezbitera<\/strong><\/td><td>12.00<\/td><td>&nbsp;<\/td><\/tr><tr><td class=\"has-text-align-center\" data-align=\"center\">18.00<\/td><td>\u015bp. Franciszek NASARZEWSKI<\/td><\/tr><tr><td class=\"has-text-align-center\" data-align=\"center\" rowspan=\"6\"><strong>1 luty<\/strong>, niedziela <br><strong>Mt 5, 1-12a<\/strong> <br>B\u0142ogos\u0142awieni ubodzy w duchu <br><strong>Czwarta Niedziela<\/strong> <strong>zwyk\u0142a<\/strong><\/td><td>7.30<\/td><td>&nbsp;Zmiana tajemnic r\u00f3\u017ca\u0144cowych II R\u00f3\u017ca<\/td><\/tr><tr><td class=\"has-text-align-center\" data-align=\"center\">9.00<\/td><td>&nbsp;\u015bp. Gra\u017cyna i Wies\u0142aw PISK\u00d3RZ<\/td><\/tr><tr><td class=\"has-text-align-center\" data-align=\"center\">10.30<\/td><td>&nbsp;\u015bp. Longina WASILEWSKA w 2 rocznic\u0119 \u015bmierci<\/td><\/tr><tr><td class=\"has-text-align-center\" data-align=\"center\">12.00<\/td><td>\u015bp. Janina J\u0118DRZEJEWICZ w 1 rocznic\u0119 \u015bmierci<\/td><\/tr><tr><td class=\"has-text-align-center\" data-align=\"center\">18.00<\/td><td>&nbsp;<\/td><\/tr><tr><td class=\"has-text-align-center\" data-align=\"center\">20.00<\/td><td>Za Parafian<\/td><\/tr><\/tbody><\/table><\/figure>","protected":false},"excerpt":{"rendered":"<p>Intencje mszalne 26.01- 01.02.2026<\/p>\n","protected":false},"author":1,"featured_media":658,"comment_status":"closed","ping_status":"closed","sticky":false,"template":"","format":"standard","meta":{"footnotes":""},"categories":[17],"tags":[],"class_list":["post-657","post","type-post","status-publish","format-standard","has-post-thumbnail","hentry","category-ogloszenia-i-intencje"],"_links":{"self":[{"href":"http:\/\/www.nowa.swrodzina.org\/index.php\/wp-json\/wp\/v2\/posts\/657","targetHints":{"allow":["GET"]}}],"collection":[{"href":"http:\/\/www.nowa.swrodzina.org\/index.php\/wp-json\/wp\/v2\/posts"}],"about":[{"href":"http:\/\/www.nowa.swrodzina.org\/index.php\/wp-json\/wp\/v2\/types\/post"}],"author":[{"embeddable":true,"href":"http:\/\/www.nowa.swrodzina.org\/index.php\/wp-json\/wp\/v2\/users\/1"}],"replies":[{"embeddable":true,"href":"http:\/\/www.nowa.swrodzina.org\/index.php\/wp-json\/wp\/v2\/comments?post=657"}],"version-history":[{"count":1,"href":"http:\/\/www.nowa.swrodzina.org\/index.php\/wp-json\/wp\/v2\/posts\/657\/revisions"}],"predecessor-version":[{"id":659,"href":"http:\/\/www.nowa.swrodzina.org\/index.php\/wp-json\/wp\/v2\/posts\/657\/revisions\/659"}],"wp:featuredmedia":[{"embeddable":true,"href":"http:\/\/www.nowa.swrodzina.org\/index.php\/wp-json\/wp\/v2\/media\/658"}],"wp:attachment":[{"href":"http:\/\/www.nowa.swrodzina.org\/index.php\/wp-json\/wp\/v2\/media?parent=657"}],"wp:term":[{"taxonomy":"category","embeddable":true,"href":"http:\/\/www.nowa.swrodzina.org\/index.php\/wp-json\/wp\/v2\/categories?post=657"},{"taxonomy":"post_tag","embeddable":true,"href":"http:\/\/www.nowa.swrodzina.org\/index.php\/wp-json\/wp\/v2\/tags?post=657"}],"curies":[{"name":"wp","href":"https:\/\/api.w.org\/{rel}","templated":true}]}}