{"id":654,"date":"2026-01-17T20:27:12","date_gmt":"2026-01-17T18:27:12","guid":{"rendered":"https:\/\/www.nowa.swrodzina.org\/?p=654"},"modified":"2026-01-17T20:27:12","modified_gmt":"2026-01-17T18:27:12","slug":"ogloszenia-parafialne-druga-niedziela-zwykla","status":"publish","type":"post","link":"http:\/\/www.nowa.swrodzina.org\/index.php\/2026\/01\/17\/ogloszenia-parafialne-druga-niedziela-zwykla\/","title":{"rendered":"Og\u0142oszenia Parafialne Druga Niedziela zwyk\u0142a"},"content":{"rendered":"<p>1. Dzisiaj obchodzimy Drug\u0105 Niedziel\u0119 Zwyk\u0142\u0105. Za tydzie\u0144 Niedziela S\u0142owa Bo\u017cego.<\/p><p>2. Bardzo dzi\u0119kujemy za ofiary z\u0142o\u017cone na nasze prace remontowe w naszym ko\u015bciele. Taca z ubieg\u0142ej niedzieli wraz z wp\u0142atami na konto parafialne wy-nios\u0142a 6120 z\u0142.<\/p><p>3. Dzisiaj spotkanie rodzic\u00f3w dzieci, kt\u00f3re przygotowuj\u0105 si\u0119 do I Komunii \u015bw. po Mszy \u015bw. o godz. 12.00<\/p><p>4. W tym tygodniu z\u0142o\u017cymy wizyty duszpasterskie naszym Parafianom:<\/p><p><strong>od godz. 16.00:<\/strong><\/p><p>19 stycznia (poniedzia\u0142ek): ul. <strong>Szarych Szereg\u00f3w 3,2,1<\/strong><\/p><p>20 stycznia (wtorek): ul. <strong>Andersa 12, 11, 10;<\/strong><\/p><p>21 stycznia (\u015broda): ul. <strong>Andersa<\/strong> <strong>9, 8, 7;<\/strong><\/p><p>22 stycznia (czwartek) ul. <strong>Andersa<\/strong> <strong>6,5,4;<\/strong><\/p><p>23 stycznia (pi\u0105tek): ul. <strong>Andersa<\/strong> <strong>3,2,1<\/strong>;<\/p><p>24 stycznia (sobota): <strong>od godz. 15.00<\/strong>:&nbsp; mieszkania os\u00f3b, kt\u00f3rych nie by\u0142o w domu, a kt\u00f3rzy pragn\u0105 zaprosi\u0107 ksi\u0119dza do siebie.<\/p><p>Kol\u0119d\u0119 b\u0119dziemy rozpoczyna\u0107 od najwy\u017cszego pi\u0119tra.<\/p><p>5. Je\u017celi z jakichkolwiek przyczyn wizyta duszpasterska nie odby\u0142a si\u0119 lub kto\u015b z Pa\u0144stwa chcia\u0142by um\u00f3wi\u0107 si\u0119 na kol\u0119d\u0119 indywidualnie, to prosimy o tak\u0105 informacj\u0119 w zakrystii po Mszy \u015bw. lub telefonicznie do wtorku, 20.01. Jednocze\u015bnie przepraszamy za wszelkie op\u00f3\u017anienia czasowe w trakcie odwiedzin duszpasterskich i bardzo dzi\u0119kujemy, za \u017cyczliwe przyjmowanie nas w Waszych mieszkaniach i domach.<\/p><p>6. W czasie trwania wizyt duszpasterskich (kol\u0119dy) kancelaria parafialna b\u0119dzie czynna tylko po wieczornych Mszach \u015bw. lub w niedziel\u0119 po ka\u017cdej Mszy \u015bw.<\/p><p>7. Dzisiaj rozpoczyna si\u0119 Tydzie\u0144 Modlitw o Jedno\u015b\u0107 Chrze\u015bcijan. Modlimy si\u0119 o jedno\u015b\u0107 nas chrze\u015bcijan. Program Tygodnia Ekumenicznego wywieszony jest w gablocie przed ko\u015bcio\u0142em.<\/p><p>8. We \u015brod\u0119 21 stycznia \u2013 Dzie\u0144 Babci, a we czwartek, 22 stycznia \u2013 Dzie\u0144 Dziadka, pami\u0119tajmy w modlitwie o naszych babciach i dziadkach, aby Pan \u017cyj\u0105cym b\u0142ogos\u0142awi\u0142 a zmar\u0142ym da\u0142 \u017cycie wieczne.<\/p><p>9. Dzisiaj spotkanie op\u0142atkowe R\u00f3\u017c R\u00f3\u017ca\u0144cowych o godz. 15.30 w domu parafialnym.&nbsp;<\/p><p>10. Zapraszamy m\u0119\u017cczyzn, kt\u00f3rzy chc\u0105 spotyka\u0107 si\u0119 na rozwa\u017caniu S\u0142owa Bo\u017cego, wzajemnym wspieraniu si\u0119 w duchu chrze\u015bcija\u0144skim do wst\u0105pienia do grupy Exodus 90. Ch\u0119tnych prosimy o zg\u0142aszanie si\u0119 do ks. Tomasza.<\/p><p>11. Dzisiaj po Mszach \u015bw. s\u0105 zbierane ofiary do puszek na cele Caritas parafialnej.<\/p><p>12<em>. <\/em>Przy wyj\u015bciu z ko\u015bcio\u0142a mo\u017cna naby\u0107 nowe numery prasy katolickiej (<em>Go\u015b\u0107 Niedzielny, Niedziela).<\/em><\/p><p>13. Wszystkim parafianom i go\u015bciom \u017cyczymy b\u0142ogos\u0142awionej niedzieli i obfito\u015bci \u0142ask Bo\u017cych.<\/p><p>14. W minionym tygodniu odesz\u0142a do wieczno\u015bci \u015bp. <strong>Jadwiga TRZASKA <\/strong>w wieku 71 lat. Wieczny odpoczynek racz Jej da\u0107 Panie\u2026<\/p>","protected":false},"excerpt":{"rendered":"<p>Dzisiaj obchodzimy Drug\u0105 Niedziel\u0119 Zwyk\u0142\u0105<\/p>\n","protected":false},"author":1,"featured_media":652,"comment_status":"closed","ping_status":"closed","sticky":false,"template":"","format":"standard","meta":{"footnotes":""},"categories":[17],"tags":[],"class_list":["post-654","post","type-post","status-publish","format-standard","has-post-thumbnail","hentry","category-ogloszenia-i-intencje"],"_links":{"self":[{"href":"http:\/\/www.nowa.swrodzina.org\/index.php\/wp-json\/wp\/v2\/posts\/654","targetHints":{"allow":["GET"]}}],"collection":[{"href":"http:\/\/www.nowa.swrodzina.org\/index.php\/wp-json\/wp\/v2\/posts"}],"about":[{"href":"http:\/\/www.nowa.swrodzina.org\/index.php\/wp-json\/wp\/v2\/types\/post"}],"author":[{"embeddable":true,"href":"http:\/\/www.nowa.swrodzina.org\/index.php\/wp-json\/wp\/v2\/users\/1"}],"replies":[{"embeddable":true,"href":"http:\/\/www.nowa.swrodzina.org\/index.php\/wp-json\/wp\/v2\/comments?post=654"}],"version-history":[{"count":1,"href":"http:\/\/www.nowa.swrodzina.org\/index.php\/wp-json\/wp\/v2\/posts\/654\/revisions"}],"predecessor-version":[{"id":655,"href":"http:\/\/www.nowa.swrodzina.org\/index.php\/wp-json\/wp\/v2\/posts\/654\/revisions\/655"}],"wp:featuredmedia":[{"embeddable":true,"href":"http:\/\/www.nowa.swrodzina.org\/index.php\/wp-json\/wp\/v2\/media\/652"}],"wp:attachment":[{"href":"http:\/\/www.nowa.swrodzina.org\/index.php\/wp-json\/wp\/v2\/media?parent=654"}],"wp:term":[{"taxonomy":"category","embeddable":true,"href":"http:\/\/www.nowa.swrodzina.org\/index.php\/wp-json\/wp\/v2\/categories?post=654"},{"taxonomy":"post_tag","embeddable":true,"href":"http:\/\/www.nowa.swrodzina.org\/index.php\/wp-json\/wp\/v2\/tags?post=654"}],"curies":[{"name":"wp","href":"https:\/\/api.w.org\/{rel}","templated":true}]}}