{"id":651,"date":"2026-01-17T20:26:17","date_gmt":"2026-01-17T18:26:17","guid":{"rendered":"https:\/\/www.nowa.swrodzina.org\/?p=651"},"modified":"2026-01-17T20:26:18","modified_gmt":"2026-01-17T18:26:18","slug":"intencje-mszalne-druga-niedziela-zwykla","status":"publish","type":"post","link":"http:\/\/www.nowa.swrodzina.org\/index.php\/2026\/01\/17\/intencje-mszalne-druga-niedziela-zwykla\/","title":{"rendered":"Intencje Mszalne Druga Niedziela zwyk\u0142a"},"content":{"rendered":"<figure class=\"wp-block-table\"><table><tbody><tr><td class=\"has-text-align-center\" data-align=\"center\" rowspan=\"2\"><strong>19 stycznia, <\/strong>poniedzia\u0142ek <br><strong>Mk 2, 18-22<\/strong> <br>Zwyczaj\u00f3w Starego Testamentu nie mo\u017cna przenosi\u0107 do Nowego <br><strong>Wspomnienie \u015bw. J\u00f3zefa Sebastiana Pelczara<\/strong><\/td><td>12.00<\/td><td>\u015bp. Antoni PIESTA<\/td><\/tr><tr><td class=\"has-text-align-center\" data-align=\"center\">18.00<\/td><td>\u015bp. J\u00f3zef PANEK intencja od Ma\u0142gorzaty S\u0142awi\u0144skiej z rodzin\u0105<\/td><\/tr><tr><td class=\"has-text-align-center\" data-align=\"center\" rowspan=\"2\"><strong>20 stycznia, <\/strong>wtorek <br><strong>Mk 2, 23-28<\/strong> <br>Szabat zosta\u0142 ustanowiony dla cz\u0142owieka, a nie<br>cz\u0142owiek dla szabatu<\/td><td>12.00<\/td><td>\u015bp. Dorota KOWALSKA-ZAGRODNIK<\/td><\/tr><tr><td class=\"has-text-align-center\" data-align=\"center\">18.00<\/td><td>\u015bp. Bogdan (Ojciec) Ireneusz, Wies\u0142aw, Krzysztof (Syn) ONISK<\/td><\/tr><tr><td class=\"has-text-align-center\" data-align=\"center\" rowspan=\"2\"><strong>21 stycznia, \u015broda<\/strong> <br><strong>Mk 3, 1-6<\/strong> <br>Uzdrowienie w dzie\u0144 szabatu <br><strong>Wspomnienie \u015bw. Agnieszki<\/strong><\/td><td>12.00<\/td><td>\u015bp. Mieczys\u0142aw i Bronis\u0142awa (K) GRAJKOWSCY, Henryka (K) Tadeusz KACZOR<\/td><\/tr><tr><td class=\"has-text-align-center\" data-align=\"center\">18.00<\/td><td>\u015bp. J\u00f3zefa (K) w 17 r. \u015bmierci, Edmund w 48 r. \u015bmierci P\u0118KSYK i zmar\u0142ych z Rodziny P\u0118KSYK, RZ\u0104P, JANKOWSKICH, KONDRATOWICZ<\/td><\/tr><tr><td class=\"has-text-align-center\" data-align=\"center\" rowspan=\"2\"><strong>22 stycznia, czwartek<\/strong> <br><strong>Mk 3, 7-12<\/strong> <br>Podziw t\u0142um\u00f3w dla Jezusa<\/td><td>12.00<\/td><td>O Bo\u017ce b\u0142ogos\u0142awie\u0144stwo dla Jaros\u0142awa w dniu imienin<\/td><\/tr><tr><td class=\"has-text-align-center\" data-align=\"center\">18.00<\/td><td>\u015bp. J\u00f3zef PANEK intencja od Jolanty Magnowskiej z Rodzin\u0105<\/td><\/tr><tr><td class=\"has-text-align-center\" data-align=\"center\" rowspan=\"2\"><strong>23 stycznia, <\/strong>pi\u0105tek <br><strong>Mk 3, 13-19<\/strong> <br>Jezus wybiera dwunastu Aposto\u0142\u00f3w<\/td><td>12.00<\/td><td>Za czcicieli Mi\u0142osierdzia Bo\u017cego<\/td><\/tr><tr><td class=\"has-text-align-center\" data-align=\"center\">18.00<\/td><td>Za czcicieli Mi\u0142osierdzia Bo\u017cego<\/td><\/tr><tr><td class=\"has-text-align-center\" data-align=\"center\" rowspan=\"2\"><strong>24 stycznia, <\/strong>sobota <br><strong>Mk 3, 20-21<\/strong> <br>Rodzina niepokoi si\u0119 o Jezusa <br><strong>Wspomnienie \u015bw. Franciszka Salezego<\/strong><\/td><td>12.00<\/td><td>Dzi\u0119kczynna z okazji 12 urodzin Kasi z pro\u015bb\u0105 o Bo\u017ce b\u0142ogos\u0142awie\u0144stwo i opiek\u0119 Matki Bo\u017cej.<\/td><\/tr><tr><td class=\"has-text-align-center\" data-align=\"center\">18.00<\/td><td>Dzi\u0119kczynna z miniony 2025 rok. Intencja od IV R\u00f3\u017cy \u017bywego R\u00f3\u017ca\u0144ca<\/td><\/tr><tr><td class=\"has-text-align-center\" data-align=\"center\" rowspan=\"6\"><strong>25 stycznia<\/strong>, niedziela <br><strong>Mt 4, 12-23<\/strong> <br>Na Jezusie spe\u0142nia si\u0119 zapowied\u017a Izajasza <br><strong>Trzecia Niedziela zwyk\u0142a<\/strong><\/td><td>7.30<\/td><td>Za dusze w czy\u015b\u0107cu cierpi\u0105ce<\/td><\/tr><tr><td class=\"has-text-align-center\" data-align=\"center\">9.00<\/td><td>\u015bp. Daniela i Eugeniusz ZALEWSCY<\/td><\/tr><tr><td class=\"has-text-align-center\" data-align=\"center\">10.30<\/td><td>\u015bp. Andrzej, Teresa, Stefan BA\u0141AZI\u0143SCY, \u015bp. Celina, Edmund MASZKOWSCY<\/td><\/tr><tr><td class=\"has-text-align-center\" data-align=\"center\">12.00<\/td><td>Za Parafian<\/td><\/tr><tr><td class=\"has-text-align-center\" data-align=\"center\">18.00<\/td><td>O Bo\u017ce b\u0142ogos\u0142awie\u0144stwo i potrzebne \u0142aski dla NIKODEMA<\/td><\/tr><tr><td class=\"has-text-align-center\" data-align=\"center\">20.00<\/td><td>O Bo\u017ce b\u0142ogos\u0142awie\u0144stwo dla wszystkich parafian, kt\u00f3rych odwiedzili\u015bmy podczas wizyt duszpasterskich (Kol\u0119dach)<\/td><\/tr><\/tbody><\/table><\/figure>","protected":false},"excerpt":{"rendered":"<p>Intencje mszalne 19.01- 25.01.2026<\/p>\n","protected":false},"author":1,"featured_media":652,"comment_status":"closed","ping_status":"closed","sticky":false,"template":"","format":"standard","meta":{"footnotes":""},"categories":[17],"tags":[],"class_list":["post-651","post","type-post","status-publish","format-standard","has-post-thumbnail","hentry","category-ogloszenia-i-intencje"],"_links":{"self":[{"href":"http:\/\/www.nowa.swrodzina.org\/index.php\/wp-json\/wp\/v2\/posts\/651","targetHints":{"allow":["GET"]}}],"collection":[{"href":"http:\/\/www.nowa.swrodzina.org\/index.php\/wp-json\/wp\/v2\/posts"}],"about":[{"href":"http:\/\/www.nowa.swrodzina.org\/index.php\/wp-json\/wp\/v2\/types\/post"}],"author":[{"embeddable":true,"href":"http:\/\/www.nowa.swrodzina.org\/index.php\/wp-json\/wp\/v2\/users\/1"}],"replies":[{"embeddable":true,"href":"http:\/\/www.nowa.swrodzina.org\/index.php\/wp-json\/wp\/v2\/comments?post=651"}],"version-history":[{"count":1,"href":"http:\/\/www.nowa.swrodzina.org\/index.php\/wp-json\/wp\/v2\/posts\/651\/revisions"}],"predecessor-version":[{"id":653,"href":"http:\/\/www.nowa.swrodzina.org\/index.php\/wp-json\/wp\/v2\/posts\/651\/revisions\/653"}],"wp:featuredmedia":[{"embeddable":true,"href":"http:\/\/www.nowa.swrodzina.org\/index.php\/wp-json\/wp\/v2\/media\/652"}],"wp:attachment":[{"href":"http:\/\/www.nowa.swrodzina.org\/index.php\/wp-json\/wp\/v2\/media?parent=651"}],"wp:term":[{"taxonomy":"category","embeddable":true,"href":"http:\/\/www.nowa.swrodzina.org\/index.php\/wp-json\/wp\/v2\/categories?post=651"},{"taxonomy":"post_tag","embeddable":true,"href":"http:\/\/www.nowa.swrodzina.org\/index.php\/wp-json\/wp\/v2\/tags?post=651"}],"curies":[{"name":"wp","href":"https:\/\/api.w.org\/{rel}","templated":true}]}}