{"id":649,"date":"2026-01-10T23:22:36","date_gmt":"2026-01-10T21:22:36","guid":{"rendered":"https:\/\/www.nowa.swrodzina.org\/?p=649"},"modified":"2026-01-10T23:22:37","modified_gmt":"2026-01-10T21:22:37","slug":"ogloszenia-parafialne-swieto-chrztu-panskiego-2","status":"publish","type":"post","link":"http:\/\/www.nowa.swrodzina.org\/index.php\/2026\/01\/10\/ogloszenia-parafialne-swieto-chrztu-panskiego-2\/","title":{"rendered":"Og\u0142oszenia Parafialne \u015awi\u0119to Chrztu Pa\u0144skiego"},"content":{"rendered":"<p>1.&nbsp;Dzisiaj obchodzimy Niedziel\u0119 Chrztu Pa\u0144skiego, kt\u00f3ra ko\u0144czy okres Narodzenia Pa\u0144skiego i rozpoczyna si\u0119 Okres Zwyk\u0142y.<\/p><p>2.&nbsp;Ofiary sk\u0142adane w czasie Mszy \u015bw. s\u0105 przeznaczone na prace remontowe w ko\u015bciele. Wszystkim ofiarodawcom serdecznie dzi\u0119kujemy.<\/p><p>3.&nbsp;Rodzic\u00f3w dzieci, kt\u00f3re przygotowuj\u0105 si\u0119 do I Komunii \u015bw. zapraszamy na spotkanie w przysz\u0142\u0105 niedziel\u0119, 18.01. po Mszy \u015bw. o godz. 12.00.<\/p><p>4.&nbsp;W tym tygodniu z\u0142o\u017cymy wizyty duszpasterskie <strong>od godz. 16.00 <\/strong>parafianom zamieszka\u0142ym przy <strong>ul. Wybickiego i Szarych Szereg\u00f3w:<\/strong><\/p><p>poniedzia\u0142ek, 12.01. \u2013 Wybickiego 1 i Szarych Szereg\u00f3w: 33, 30 i 29;<\/p><p>wtorek, 13.01. \u2013 28, 27, 26, 25, 24, 23;<\/p><p>\u015broda, 14.01. \u2013 22, 20, 19, 18, 17, 16;<\/p><p>czwartek, 15.01. \u2013 15, 14, 13, 12, 11;<\/p><p>pi\u0105tek, 16.01. \u2013 10, 9, 8;<\/p><p>sobota, 17.01., <strong>od godz. 15.00 <\/strong>\u2013 7, 6, 5 i <strong>od godz<\/strong>. <strong>18<\/strong>: 4&nbsp;<\/p><p>Kol\u0119d\u0119 b\u0119dziemy rozpoczyna\u0107 od najwy\u017cszego pi\u0119tra.<\/p><p>5.&nbsp;W czasie trwania wizyt duszpasterskich (kol\u0119dy) kancelaria parafialna b\u0119dzie czynna po wieczornych Mszach \u015bwi\u0119tych.<\/p><p>6.&nbsp;Zapraszamy w niedziele za tydzie\u0144 R\u00f3\u017ce r\u00f3\u017ca\u0144cowe na spotkanie op\u0142atkowe, do domu parafialnego, na godz. 15.30.<\/p><p>7.&nbsp;Za tydzie\u0144 ofiary z\u0142o\u017cone do puszek po Mszach \u015bw. b\u0119d\u0105 przeznaczone na cele Caritas parafialnej.<\/p><p>8.&nbsp;Dzi\u0119kujemy m\u0119\u017cczyznom, kt\u00f3rzy przyszli na spotkanie z grup\u0105 Exodus. Dzi\u0119ki temu spotkaniu zawi\u0105za\u0142y si\u0119 trzy grupy m\u0119\u017cczyzn, kt\u00f3rzy wsp\u00f3lnie b\u0119d\u0105 si\u0119 spotyka\u0107, rozwa\u017ca\u0107 S\u0142owo Bo\u017ce i wzajemnie si\u0119 wspiera\u0107. Zapraszamy inne ch\u0119tne osoby by w\u0142\u0105cza\u0142y si\u0119 w to pi\u0119kne dzie\u0142o.<\/p><p>9.&nbsp;Dzi\u0119kujemy Pani Annie i uczestnikom warsztat\u00f3w r\u0119kodzie\u0142a za spotkanie i prace wykonane w\u0142asnor\u0119cznie. Za wsp\u00f3lnie sp\u0119dzony czas&nbsp;<\/p><p>10.&nbsp; Przy wyj\u015bciu z ko\u015bcio\u0142a mo\u017cna naby\u0107 nowe numery prasy katolickiej (<em>Go\u015b\u0107 Niedzielny<\/em>, <em>Niedziela<\/em>).<\/p>","protected":false},"excerpt":{"rendered":"<p>Dzisiaj obchodzimy Niedziel\u0119 Chrztu Pa\u0144skiego<\/p>\n","protected":false},"author":1,"featured_media":647,"comment_status":"closed","ping_status":"closed","sticky":false,"template":"","format":"standard","meta":{"footnotes":""},"categories":[17],"tags":[],"class_list":["post-649","post","type-post","status-publish","format-standard","has-post-thumbnail","hentry","category-ogloszenia-i-intencje"],"_links":{"self":[{"href":"http:\/\/www.nowa.swrodzina.org\/index.php\/wp-json\/wp\/v2\/posts\/649","targetHints":{"allow":["GET"]}}],"collection":[{"href":"http:\/\/www.nowa.swrodzina.org\/index.php\/wp-json\/wp\/v2\/posts"}],"about":[{"href":"http:\/\/www.nowa.swrodzina.org\/index.php\/wp-json\/wp\/v2\/types\/post"}],"author":[{"embeddable":true,"href":"http:\/\/www.nowa.swrodzina.org\/index.php\/wp-json\/wp\/v2\/users\/1"}],"replies":[{"embeddable":true,"href":"http:\/\/www.nowa.swrodzina.org\/index.php\/wp-json\/wp\/v2\/comments?post=649"}],"version-history":[{"count":1,"href":"http:\/\/www.nowa.swrodzina.org\/index.php\/wp-json\/wp\/v2\/posts\/649\/revisions"}],"predecessor-version":[{"id":650,"href":"http:\/\/www.nowa.swrodzina.org\/index.php\/wp-json\/wp\/v2\/posts\/649\/revisions\/650"}],"wp:featuredmedia":[{"embeddable":true,"href":"http:\/\/www.nowa.swrodzina.org\/index.php\/wp-json\/wp\/v2\/media\/647"}],"wp:attachment":[{"href":"http:\/\/www.nowa.swrodzina.org\/index.php\/wp-json\/wp\/v2\/media?parent=649"}],"wp:term":[{"taxonomy":"category","embeddable":true,"href":"http:\/\/www.nowa.swrodzina.org\/index.php\/wp-json\/wp\/v2\/categories?post=649"},{"taxonomy":"post_tag","embeddable":true,"href":"http:\/\/www.nowa.swrodzina.org\/index.php\/wp-json\/wp\/v2\/tags?post=649"}],"curies":[{"name":"wp","href":"https:\/\/api.w.org\/{rel}","templated":true}]}}