{"id":646,"date":"2026-01-10T23:21:52","date_gmt":"2026-01-10T21:21:52","guid":{"rendered":"https:\/\/www.nowa.swrodzina.org\/?p=646"},"modified":"2026-01-10T23:21:53","modified_gmt":"2026-01-10T21:21:53","slug":"intencje-mszalne-swieto-chrztu-panskiego-2","status":"publish","type":"post","link":"http:\/\/www.nowa.swrodzina.org\/index.php\/2026\/01\/10\/intencje-mszalne-swieto-chrztu-panskiego-2\/","title":{"rendered":"Intencje Mszalne \u015awi\u0119to Chrztu Pa\u0144skiego"},"content":{"rendered":"<figure class=\"wp-block-table\"><table><tbody><tr><td class=\"has-text-align-center\" data-align=\"center\" rowspan=\"2\"><strong>12 stycznia, <\/strong>poniedzia\u0142ek <br><strong>Mk 1, 14-20<\/strong> <br>Jezus wzywa ludzi do nawr\u00f3cenia i powo\u0142uje pierwszych aposto\u0142\u00f3w<\/td><td>12.00<\/td><td>\u015bp. Krystyna GAWRON<\/td><\/tr><tr><td class=\"has-text-align-center\" data-align=\"center\">18.00<\/td><td>\u015bp. Jadwiga JUCHNIEWICZ<\/td><\/tr><tr><td class=\"has-text-align-center\" data-align=\"center\" rowspan=\"2\"><strong>13 stycznia, <\/strong>wtorek <br><strong>Mk 1, 21-28<\/strong> <br>Jezus naucza jak ten, kt\u00f3ry ma w\u0142adz\u0119<\/td><td>12.00<\/td><td>\u015bp. Edward, Zofia, bracia Zbigniew i Rajmund<\/td><\/tr><tr><td class=\"has-text-align-center\" data-align=\"center\">18.00<\/td><td>\u015bp. Eugeniusz JACHNA, Tadeusz oraz Rodzice z obojga stron<\/td><\/tr><tr><td class=\"has-text-align-center\" data-align=\"center\" rowspan=\"2\"><strong>14 stycznia, \u015broda<\/strong> <br><strong>Mk 1, 29-39<\/strong> <br>Jezus uzdrawia chorych<\/td><td>12.00<\/td><td>Za zdrowie Haliny SA\u0141ATY<\/td><\/tr><tr><td class=\"has-text-align-center\" data-align=\"center\">18.00<\/td><td>\u015bp. Roman ROZWADOWSKI<\/td><\/tr><tr><td class=\"has-text-align-center\" data-align=\"center\" rowspan=\"2\"><strong>15 stycznia, czwartek<\/strong> <br><strong>Mk 1, 40-45<\/strong> <br>Uzdrowienie tr\u0119dowatego<\/td><td>12.00<\/td><td>\u015bp. Krystyna WI\u015aNIEWSKA w 30 dzie\u0144 po pogrzebie<\/td><\/tr><tr><td class=\"has-text-align-center\" data-align=\"center\">18.00<\/td><td>\u015bp. Janina CELEJ w 30 dzie\u0144 po pogrzebie<\/td><\/tr><tr><td class=\"has-text-align-center\" data-align=\"center\" rowspan=\"3\"><strong>16 stycznia, <\/strong>pi\u0105tek <br><strong>Mk 2, 1-12<\/strong> <br>Chrystus ma w\u0142adz\u0119 odpuszczania grzech\u00f3w<\/td><td>12.00<\/td><td>Za czcicieli Mi\u0142osierdzia Bo\u017cego<\/td><\/tr><tr><td class=\"has-text-align-center\" data-align=\"center\">12.00<\/td><td>\u015bp. Miko\u0142aj CHARKIEWICZ w 13 r. \u015bmierci, Zofia i Jan<\/td><\/tr><tr><td class=\"has-text-align-center\" data-align=\"center\">18.00<\/td><td>Za czcicieli Mi\u0142osierdzia Bo\u017cego<\/td><\/tr><tr><td class=\"has-text-align-center\" data-align=\"center\" rowspan=\"2\"><strong>17 stycznia, <\/strong>sobota <br><strong>Mk 2, 13-17<\/strong> <br>Powo\u0142anie Mateusza <br><strong>Wspomnienie \u015bw. Antoniego, opata<\/strong><\/td><td>12.00<\/td><td>W intencji Rodzin, ma\u0142\u017ce\u0144stw i os\u00f3b samotnych<\/td><\/tr><tr><td class=\"has-text-align-center\" data-align=\"center\">18.00<\/td><td>\u015bp. Jerzy WO\u0179NIAK w 2 rocz. \u015bmierci<\/td><\/tr><tr><td class=\"has-text-align-center\" data-align=\"center\" rowspan=\"6\"><strong>18 stycznia<\/strong>, niedziela <br><strong>J 1, 29-34<\/strong> <br>Chrystus jest Barankiem, kt\u00f3ry g\u0142adzi grzech \u015bwiata <br><strong>Druga Niedziela zwyk\u0142a<\/strong><\/td><td>7.30<\/td><td>\u015bp. Franciszek MASARZEWSKI<\/td><\/tr><tr><td class=\"has-text-align-center\" data-align=\"center\">9.00<\/td><td>\u015bp. Eleonora i Ryszard PUPLEWICZ<\/td><\/tr><tr><td class=\"has-text-align-center\" data-align=\"center\">10.30<\/td><td>\u015bp. Kazimierz RAFALSKI w 1 rocz. \u015bmierci, Jaros\u0142aw RAFALSKI w 21 rocz. \u015bmierci i zmar\u0142ych Rodzic\u00f3w z obojga stron<\/td><\/tr><tr><td class=\"has-text-align-center\" data-align=\"center\">12.00<\/td><td>W I rocznic\u0119 \u015bmierci \u015bp. Iwony KOMOSI\u0143SKIEJ<\/td><\/tr><tr><td class=\"has-text-align-center\" data-align=\"center\">18.00<\/td><td>Za Parafian<\/td><\/tr><tr><td class=\"has-text-align-center\" data-align=\"center\">20.00<\/td><td>\u015bp. Bronis\u0142aw HAJDUCZENIA w 8 rocz. \u015bmierci, zm. z rodziny HAJDUCZENIA i SADOWSKICH<\/td><\/tr><\/tbody><\/table><\/figure>","protected":false},"excerpt":{"rendered":"<p>Intencje mszalne 12.01- 18.01.2026<\/p>\n","protected":false},"author":1,"featured_media":647,"comment_status":"closed","ping_status":"closed","sticky":false,"template":"","format":"standard","meta":{"footnotes":""},"categories":[17],"tags":[],"class_list":["post-646","post","type-post","status-publish","format-standard","has-post-thumbnail","hentry","category-ogloszenia-i-intencje"],"_links":{"self":[{"href":"http:\/\/www.nowa.swrodzina.org\/index.php\/wp-json\/wp\/v2\/posts\/646","targetHints":{"allow":["GET"]}}],"collection":[{"href":"http:\/\/www.nowa.swrodzina.org\/index.php\/wp-json\/wp\/v2\/posts"}],"about":[{"href":"http:\/\/www.nowa.swrodzina.org\/index.php\/wp-json\/wp\/v2\/types\/post"}],"author":[{"embeddable":true,"href":"http:\/\/www.nowa.swrodzina.org\/index.php\/wp-json\/wp\/v2\/users\/1"}],"replies":[{"embeddable":true,"href":"http:\/\/www.nowa.swrodzina.org\/index.php\/wp-json\/wp\/v2\/comments?post=646"}],"version-history":[{"count":1,"href":"http:\/\/www.nowa.swrodzina.org\/index.php\/wp-json\/wp\/v2\/posts\/646\/revisions"}],"predecessor-version":[{"id":648,"href":"http:\/\/www.nowa.swrodzina.org\/index.php\/wp-json\/wp\/v2\/posts\/646\/revisions\/648"}],"wp:featuredmedia":[{"embeddable":true,"href":"http:\/\/www.nowa.swrodzina.org\/index.php\/wp-json\/wp\/v2\/media\/647"}],"wp:attachment":[{"href":"http:\/\/www.nowa.swrodzina.org\/index.php\/wp-json\/wp\/v2\/media?parent=646"}],"wp:term":[{"taxonomy":"category","embeddable":true,"href":"http:\/\/www.nowa.swrodzina.org\/index.php\/wp-json\/wp\/v2\/categories?post=646"},{"taxonomy":"post_tag","embeddable":true,"href":"http:\/\/www.nowa.swrodzina.org\/index.php\/wp-json\/wp\/v2\/tags?post=646"}],"curies":[{"name":"wp","href":"https:\/\/api.w.org\/{rel}","templated":true}]}}