{"id":643,"date":"2026-01-03T21:15:56","date_gmt":"2026-01-03T19:15:56","guid":{"rendered":"https:\/\/www.nowa.swrodzina.org\/?p=643"},"modified":"2026-01-03T21:15:57","modified_gmt":"2026-01-03T19:15:57","slug":"ogloszenia-parafialne-ii-niedziela-po-narodzeniu-panskim-2","status":"publish","type":"post","link":"http:\/\/www.nowa.swrodzina.org\/index.php\/2026\/01\/03\/ogloszenia-parafialne-ii-niedziela-po-narodzeniu-panskim-2\/","title":{"rendered":"Og\u0142oszenia Parafialne\u00a0II Niedziela po Narodzeniu Pa\u0144skim"},"content":{"rendered":"<p>1.&nbsp;Dzisiaj druga niedziela po Narodzeniu Pa\u0144skim i I niedziela miesi\u0105ca. Na zako\u0144czenie Mszy \u015bw. adoracja Naj\u015bwi\u0119tszego Sakramentu.<\/p><p>2.&nbsp;Jutro Uroczysto\u015b\u0107 Objawienia Pa\u0144skiego \u2013 Trzech Kr\u00f3li.&nbsp; Ofiary sk\u0142adane w czasie Mszy \u015bw. s\u0105 przeznaczone na misje. Msze \u015bw. o godz. 7.30, 9.00, 10.30, 12.00, 18.00 i 20.00.<\/p><p>3.&nbsp;Za tydzie\u0144 druga niedziela miesi\u0105c i taca przeznaczona na prace remontowe w ko\u015bciele.<\/p><p>4.&nbsp;W tym tygodniu z\u0142o\u017cymy wizyty duszpasterskie <strong>od godz. 16.00 <\/strong>parafianom zamieszka\u0142ym przy <strong>ul. Wybickiego:<\/strong><\/p><p>poniedzia\u0142ek, 05.01. \u2013 18, 17, 16 i 15 od godz. 19.00<\/p><p>\u015broda, 07. 01. \u2013 14, 13, 12<\/p><p>czwartek, 08.01. \u2013 11, 10, 9<\/p><p>pi\u0105tek, 09.01. \u2013 8, 7, 6;<\/p><p>sobota, 10.01., <strong>od godz. 15.00 <\/strong>\u2013 5, 4, 3, i 2 od. 18.00.<\/p><p>Kol\u0119d\u0119 b\u0119dziemy rozpoczyna\u0107 od najwy\u017cszego pi\u0119tra.<\/p><p>5.&nbsp;W czasie trwania wizyt duszpasterskich (kol\u0119dy) kancelaria parafialna b\u0119dzie czynna po wieczornych Mszach \u015bwi\u0119tych.<\/p><p>6.&nbsp;We czwartek 8 stycznia od godz. 16.00 zapraszamy na warsztaty r\u0119kodzie\u0142a.&nbsp;<\/p><p>7.&nbsp;Przy wyj\u015bciu z ko\u015bcio\u0142a mo\u017cna naby\u0107 nowe numery prasy katolickiej (<em>Go\u015b\u0107 Niedzielny<\/em>, <em>Niedziela<\/em>).<\/p>","protected":false},"excerpt":{"rendered":"<p>Dzisiaj druga niedziela po Narodzeniu Pa\u0144skim<\/p>\n","protected":false},"author":1,"featured_media":641,"comment_status":"closed","ping_status":"closed","sticky":false,"template":"","format":"standard","meta":{"footnotes":""},"categories":[17],"tags":[],"class_list":["post-643","post","type-post","status-publish","format-standard","has-post-thumbnail","hentry","category-ogloszenia-i-intencje"],"_links":{"self":[{"href":"http:\/\/www.nowa.swrodzina.org\/index.php\/wp-json\/wp\/v2\/posts\/643","targetHints":{"allow":["GET"]}}],"collection":[{"href":"http:\/\/www.nowa.swrodzina.org\/index.php\/wp-json\/wp\/v2\/posts"}],"about":[{"href":"http:\/\/www.nowa.swrodzina.org\/index.php\/wp-json\/wp\/v2\/types\/post"}],"author":[{"embeddable":true,"href":"http:\/\/www.nowa.swrodzina.org\/index.php\/wp-json\/wp\/v2\/users\/1"}],"replies":[{"embeddable":true,"href":"http:\/\/www.nowa.swrodzina.org\/index.php\/wp-json\/wp\/v2\/comments?post=643"}],"version-history":[{"count":1,"href":"http:\/\/www.nowa.swrodzina.org\/index.php\/wp-json\/wp\/v2\/posts\/643\/revisions"}],"predecessor-version":[{"id":644,"href":"http:\/\/www.nowa.swrodzina.org\/index.php\/wp-json\/wp\/v2\/posts\/643\/revisions\/644"}],"wp:featuredmedia":[{"embeddable":true,"href":"http:\/\/www.nowa.swrodzina.org\/index.php\/wp-json\/wp\/v2\/media\/641"}],"wp:attachment":[{"href":"http:\/\/www.nowa.swrodzina.org\/index.php\/wp-json\/wp\/v2\/media?parent=643"}],"wp:term":[{"taxonomy":"category","embeddable":true,"href":"http:\/\/www.nowa.swrodzina.org\/index.php\/wp-json\/wp\/v2\/categories?post=643"},{"taxonomy":"post_tag","embeddable":true,"href":"http:\/\/www.nowa.swrodzina.org\/index.php\/wp-json\/wp\/v2\/tags?post=643"}],"curies":[{"name":"wp","href":"https:\/\/api.w.org\/{rel}","templated":true}]}}