{"id":604,"date":"2025-11-15T19:34:07","date_gmt":"2025-11-15T17:34:07","guid":{"rendered":"https:\/\/www.nowa.swrodzina.org\/?p=604"},"modified":"2025-11-15T19:34:07","modified_gmt":"2025-11-15T17:34:07","slug":"ogloszenia-parafialne-33-niedziela-zwykla","status":"publish","type":"post","link":"http:\/\/www.nowa.swrodzina.org\/index.php\/2025\/11\/15\/ogloszenia-parafialne-33-niedziela-zwykla\/","title":{"rendered":"Og\u0142oszenia Parafialne 33 Niedziela Zwyk\u0142a"},"content":{"rendered":"<p>1.&nbsp;Dzisiaj 33 niedziela zwyk\u0142a i \u015awiatowy Dzie\u0144 Ubogich. B\u00f3g zap\u0142a\u0107 za z\u0142o\u017cone ofiary na prace remontowe w naszym ko\u015bciele. W ubieg\u0142\u0105 niedziel\u0119 na tace wraz z wp\u0142atami na konto parafialne z\u0142o\u017cono 6212 z\u0142 i 6 USD.<\/p><p>2.&nbsp;W miesi\u0105cu listopadzie modlimy si\u0119 za naszych bliskich zmar\u0142ych w wypominkach na R\u00f3\u017ca\u0144cu (niedziela, wtorek, czwartek, sobota) i Koronce do Bo\u017cego Mi\u0142osierdzia (poniedzia\u0142ek, \u015broda, pi\u0105tek) o godz. 17.30 oraz Mszy \u015bw. zbiorowej za zmar\u0142ych o godz. 18.00. Na \u0142awkach s\u0105 wy\u0142o\u017cone kartki na Wypominki. Wypisane karteczki z imionami naszych zmar\u0142ych prosimy wrzuca\u0107 na tac\u0119.<\/p><p>3.&nbsp;W poniedzia\u0142ek wspomnienie \u015bw. El\u017cbiety; we wtorek b\u0142. Karoliny K\u00f3zk\u00f3wny; we czwartek \u015bw. Rafa\u0142a Kalinowskiego, w pi\u0105tek Ofiarowania Naj\u015bwi\u0119tszej Maryi Panny; w sobot\u0119 \u015bw. Cecylii,&nbsp; w niedziel\u0119 za tydzie\u0144 Uroczysto\u015b\u0107 Jezusa Chrystusa Kr\u00f3la Wszech\u015bwiata i zako\u0144czenie roku liturgicznego.<\/p><p>4.&nbsp;Za tydzie\u0144 b\u0119dziemy go\u015bcili Siostr\u0119 Karmelitank\u0119, s. Beatrycze, kt\u00f3ra opowie nam o \u015bw. Teresie od Dzieci\u0105tka Jezus, o peregrynacji Jej relikwii, kt\u00f3re maja si\u0119 odby\u0107 w naszej diecezji w przysz\u0142ym roku. Po Mszach \u015bw. b\u0119dzie zbiera\u0142a ofiary do puszki na&nbsp; pomoc w utrzymaniu klasztoru Si\u00f3str Karmelitanek w Elbl\u0105gu.<\/p><p>5.&nbsp;Dzisiaj spotkanie dla rodzic\u00f3w dzieci, kt\u00f3re przygotowuj\u0105 si\u0119 do I Komunii i Spowiedzi \u015bwi\u0119tej po Mszy \u015bw. o godz. 12.00.&nbsp;&nbsp;<\/p><p>6.&nbsp;Dzisiaj z racji \u015awiatowego Dnia Ubogich Caritas parafialny zbiera ofiary do puszek na pomoc dla najbardziej potrzebuj\u0105cych z naszej Parafii.<\/p><p>7.&nbsp;W najbli\u017cszy czwartek od godz. 16.00 zapraszamy na warsztaty r\u0119kodzie\u0142a do salki parafialnej. Tym razem tematem b\u0119d\u0105 dekoracje \u015bwi\u0105teczne, a konkretnie bombki na choink\u0119.<\/p><p>8.&nbsp;Organizowany jest wyjazd m\u0142odzie\u017cy w wieku 18-35 lat na Europejskie Spotkanie M\u0142odych do Pary\u017ca w duchu Taize, w dniach 27.12-02.01.2026. Koszt 800 z\u0142 i 75 Euro. Zapisy i informacje u ks. Mateusza.<\/p><p>9.&nbsp;Przy wyj\u015bciu z ko\u015bcio\u0142a mo\u017cna naby\u0107 nowe numery prasy katolickiej (Go\u015b\u0107 Niedzielny, Niedziela, Historia).<\/p>","protected":false},"excerpt":{"rendered":"<p>Dzisiaj celebrujemy 32 niedziel\u0119 zwyk\u0142\u0105<\/p>\n","protected":false},"author":1,"featured_media":602,"comment_status":"closed","ping_status":"closed","sticky":false,"template":"","format":"standard","meta":{"footnotes":""},"categories":[17],"tags":[],"class_list":["post-604","post","type-post","status-publish","format-standard","has-post-thumbnail","hentry","category-ogloszenia-i-intencje"],"_links":{"self":[{"href":"http:\/\/www.nowa.swrodzina.org\/index.php\/wp-json\/wp\/v2\/posts\/604","targetHints":{"allow":["GET"]}}],"collection":[{"href":"http:\/\/www.nowa.swrodzina.org\/index.php\/wp-json\/wp\/v2\/posts"}],"about":[{"href":"http:\/\/www.nowa.swrodzina.org\/index.php\/wp-json\/wp\/v2\/types\/post"}],"author":[{"embeddable":true,"href":"http:\/\/www.nowa.swrodzina.org\/index.php\/wp-json\/wp\/v2\/users\/1"}],"replies":[{"embeddable":true,"href":"http:\/\/www.nowa.swrodzina.org\/index.php\/wp-json\/wp\/v2\/comments?post=604"}],"version-history":[{"count":1,"href":"http:\/\/www.nowa.swrodzina.org\/index.php\/wp-json\/wp\/v2\/posts\/604\/revisions"}],"predecessor-version":[{"id":605,"href":"http:\/\/www.nowa.swrodzina.org\/index.php\/wp-json\/wp\/v2\/posts\/604\/revisions\/605"}],"wp:featuredmedia":[{"embeddable":true,"href":"http:\/\/www.nowa.swrodzina.org\/index.php\/wp-json\/wp\/v2\/media\/602"}],"wp:attachment":[{"href":"http:\/\/www.nowa.swrodzina.org\/index.php\/wp-json\/wp\/v2\/media?parent=604"}],"wp:term":[{"taxonomy":"category","embeddable":true,"href":"http:\/\/www.nowa.swrodzina.org\/index.php\/wp-json\/wp\/v2\/categories?post=604"},{"taxonomy":"post_tag","embeddable":true,"href":"http:\/\/www.nowa.swrodzina.org\/index.php\/wp-json\/wp\/v2\/tags?post=604"}],"curies":[{"name":"wp","href":"https:\/\/api.w.org\/{rel}","templated":true}]}}