{"id":601,"date":"2025-11-15T19:33:22","date_gmt":"2025-11-15T17:33:22","guid":{"rendered":"https:\/\/www.nowa.swrodzina.org\/?p=601"},"modified":"2025-11-15T19:35:02","modified_gmt":"2025-11-15T17:35:02","slug":"intencje-mszalne-33-niedziela-zwykla-2","status":"publish","type":"post","link":"http:\/\/www.nowa.swrodzina.org\/index.php\/2025\/11\/15\/intencje-mszalne-33-niedziela-zwykla-2\/","title":{"rendered":"Intencje Mszalne\u00a033 Niedziela Zwyk\u0142a"},"content":{"rendered":"<figure class=\"wp-block-table\"><table><tbody><tr><td class=\"has-text-align-center\" data-align=\"center\" rowspan=\"3\"><strong>17 listopada,<br><\/strong>poniedzia\u0142ek <br><strong>\u0141k 18, 35-43<\/strong> <br>Uzdrowienie niewidomego pod Jerychem <br><strong>Wspomnienie \u015bw. El\u017cbiety W\u0119gierskiej, zakonnicy<\/strong><\/td><td>12.00<\/td><td>\u015bp. Henryk WASNIEWSKI (1. rocz. \u015bmierci), Irena NOWICKA (14. rocz. \u015bmierci)<\/td><\/tr><tr><td class=\"has-text-align-center\" data-align=\"center\">12.00<\/td><td>\u015bp. Krystyna KRYSZEWSKA (1. rocz. \u015bmierci)<\/td><\/tr><tr><td class=\"has-text-align-center\" data-align=\"center\">18.00<\/td><td>Msza zbiorowa za zmar\u0142ych<\/td><\/tr><tr><td class=\"has-text-align-center\" data-align=\"center\" rowspan=\"3\"><strong>18 listopada, <\/strong>wtorek <br><strong>\u0141k 19, 1-10<\/strong> <br>Nawr\u00f3cenie Zacheusza <br><strong>Wspomnienie b\u0142. Karoliny K\u00f3zk\u00f3wny, dziewicy i m\u0119czennicy<\/strong><\/td><td>12.00<\/td><td>O zdrowie i Bo\u017ce b\u0142ogos\u0142awie\u0144stwo dla Madzi, Basi i Juli<\/td><\/tr><tr><td class=\"has-text-align-center\" data-align=\"center\">18.00<\/td><td>\u015bp. Bo\u017cena ROMA\u0143SKA<\/td><\/tr><tr><td class=\"has-text-align-center\" data-align=\"center\">18.00<\/td><td>Msza zbiorowa za zmar\u0142ych<\/td><\/tr><tr><td class=\"has-text-align-center\" data-align=\"center\" rowspan=\"3\"><strong>19 listopada, <\/strong>\u015broda <br><strong>\u0141k 19, 11-28<\/strong> <br>Przypowie\u015b\u0107 o dziesi\u0119ciu minach<\/td><td>12.00<\/td><td>\u015bp. Gabriela (k) (21. rocz. \u015bmierci) i Rafa\u0142 (28. rocz. \u015bmierci) WI\u015aNIEWSCY<\/td><\/tr><tr><td class=\"has-text-align-center\" data-align=\"center\">18.00<\/td><td>\u015bp. Marzena JANKIEWICZ<\/td><\/tr><tr><td class=\"has-text-align-center\" data-align=\"center\">18.00<\/td><td>Msza zbiorowa za zmar\u0142ych<\/td><\/tr><tr><td class=\"has-text-align-center\" data-align=\"center\" rowspan=\"3\"><strong>20 listopada, <\/strong>czwartek <br><strong>\u0141k 19, 41-44<\/strong> <br>Zapowied\u017a zburzenia Jerozolimy <br><strong>Wspomnienie \u015bw. Rafa\u0142a Kalinowskiego, prezbitera<\/strong><\/td><td>12.00<\/td><td>\u015bp. Ryszard SUCHODOLSKI (18. rocz. \u015bmierci) i zmarli rodzice z obojga stron<\/td><\/tr><tr><td class=\"has-text-align-center\" data-align=\"center\">18.00<\/td><td>\u015bp. Krystyna KUNA<\/td><\/tr><tr><td class=\"has-text-align-center\" data-align=\"center\">18.00<\/td><td>Msza zbiorowa za zmar\u0142ych<\/td><\/tr><tr><td class=\"has-text-align-center\" data-align=\"center\" rowspan=\"3\"><strong>21 listopada, <\/strong>pi\u0105tek <br><strong>\u0141k 19, 45-48<\/strong> <br>Jezus wyp\u0119dza przekupni\u00f3w ze \u015bwi\u0105tyni <br><strong>Wspomnienie Ofiarowania Naj\u015bwi\u0119tszej Maryi Panny<\/strong><\/td><td>12.00<\/td><td>Za czcicieli Mi\u0142osierdzia Bo\u017cego<\/td><\/tr><tr><td class=\"has-text-align-center\" data-align=\"center\">18.00<\/td><td>Za czcicieli Mi\u0142osierdzia Bo\u017cego<\/td><\/tr><tr><td class=\"has-text-align-center\" data-align=\"center\">18.00<\/td><td>Msza zbiorowa za zmar\u0142ych<\/td><\/tr><tr><td class=\"has-text-align-center\" data-align=\"center\" rowspan=\"3\"><strong>22 listopada, <\/strong>sobota <br><strong>\u0141k 20, 27-40<\/strong> <br>Uduchowione \u017cycie zmartwychwsta\u0142ych <br><strong>Wspomnienie \u015bw. Cecylii, dziewicy i m\u0119czennicy<\/strong><\/td><td>12.00<\/td><td>O Bo\u017ce b\u0142ogos\u0142awie\u0144stwo w doros\u0142ym \u017cyciu, opiek\u0119 Maryi dla Marcina z okazji 18. urodzin (Intencja od dziadk\u00f3w)<\/td><\/tr><tr><td class=\"has-text-align-center\" data-align=\"center\">18.00<\/td><td>\u015bp. Marzena JANKIEWICZ<\/td><\/tr><tr><td class=\"has-text-align-center\" data-align=\"center\">18.00<\/td><td>Msza zbiorowa za zmar\u0142ych<\/td><\/tr><tr><td class=\"has-text-align-center\" data-align=\"center\" rowspan=\"6\"><strong>23 listopada<\/strong>, niedziela <br><strong>\u0141k 23, 35-43<\/strong> <br>Jezu, wspomnij na mnie, gdy przyjdziesz do swego kr\u00f3lestwa <br><strong>Uroczysto\u015b\u0107 Jezusa Chrystusa Kr\u00f3la Wszech\u015bwiata<\/strong><\/td><td>7.30<\/td><td>Za Parafian<\/td><\/tr><tr><td class=\"has-text-align-center\" data-align=\"center\">9.00<\/td><td>\u015bp. Stanis\u0142awa (k) KRUPI\u0143SKA (37. rocz. \u015bmierci) i zmarli z rodziny<\/td><\/tr><tr><td class=\"has-text-align-center\" data-align=\"center\">10.30<\/td><td>\u015bp. J\u00f3zef STASIAK (38. rocz. \u015bmierci) i zmarli z rodziny<\/td><\/tr><tr><td class=\"has-text-align-center\" data-align=\"center\">12.00<\/td><td>\u015bp. W\u0142adys\u0142aw BELEWICZ (1. rocz. \u015bmierci), Janina G\u0141ADKA (10. rocz. \u015bmierci) i zmarli z rodziny<\/td><\/tr><tr><td class=\"has-text-align-center\" data-align=\"center\">18.00<\/td><td>Msza zbiorowa za zmar\u0142ych<\/td><\/tr><tr><td class=\"has-text-align-center\" data-align=\"center\">20.00<\/td><td>\u015bp. Jan BAZKOWSKI w dniu imienin<\/td><\/tr><\/tbody><\/table><\/figure>","protected":false},"excerpt":{"rendered":"<p>Intencje mszalne 17.11- 23.11<\/p>\n","protected":false},"author":1,"featured_media":602,"comment_status":"closed","ping_status":"closed","sticky":false,"template":"","format":"standard","meta":{"footnotes":""},"categories":[17],"tags":[],"class_list":["post-601","post","type-post","status-publish","format-standard","has-post-thumbnail","hentry","category-ogloszenia-i-intencje"],"_links":{"self":[{"href":"http:\/\/www.nowa.swrodzina.org\/index.php\/wp-json\/wp\/v2\/posts\/601","targetHints":{"allow":["GET"]}}],"collection":[{"href":"http:\/\/www.nowa.swrodzina.org\/index.php\/wp-json\/wp\/v2\/posts"}],"about":[{"href":"http:\/\/www.nowa.swrodzina.org\/index.php\/wp-json\/wp\/v2\/types\/post"}],"author":[{"embeddable":true,"href":"http:\/\/www.nowa.swrodzina.org\/index.php\/wp-json\/wp\/v2\/users\/1"}],"replies":[{"embeddable":true,"href":"http:\/\/www.nowa.swrodzina.org\/index.php\/wp-json\/wp\/v2\/comments?post=601"}],"version-history":[{"count":3,"href":"http:\/\/www.nowa.swrodzina.org\/index.php\/wp-json\/wp\/v2\/posts\/601\/revisions"}],"predecessor-version":[{"id":607,"href":"http:\/\/www.nowa.swrodzina.org\/index.php\/wp-json\/wp\/v2\/posts\/601\/revisions\/607"}],"wp:featuredmedia":[{"embeddable":true,"href":"http:\/\/www.nowa.swrodzina.org\/index.php\/wp-json\/wp\/v2\/media\/602"}],"wp:attachment":[{"href":"http:\/\/www.nowa.swrodzina.org\/index.php\/wp-json\/wp\/v2\/media?parent=601"}],"wp:term":[{"taxonomy":"category","embeddable":true,"href":"http:\/\/www.nowa.swrodzina.org\/index.php\/wp-json\/wp\/v2\/categories?post=601"},{"taxonomy":"post_tag","embeddable":true,"href":"http:\/\/www.nowa.swrodzina.org\/index.php\/wp-json\/wp\/v2\/tags?post=601"}],"curies":[{"name":"wp","href":"https:\/\/api.w.org\/{rel}","templated":true}]}}