{"id":598,"date":"2025-11-08T18:00:00","date_gmt":"2025-11-08T16:00:00","guid":{"rendered":"https:\/\/www.nowa.swrodzina.org\/?p=598"},"modified":"2025-11-07T10:43:15","modified_gmt":"2025-11-07T08:43:15","slug":"ogloszenia-parafialne-32-niedziela-zwykla","status":"publish","type":"post","link":"http:\/\/www.nowa.swrodzina.org\/index.php\/2025\/11\/08\/ogloszenia-parafialne-32-niedziela-zwykla\/","title":{"rendered":"Og\u0142oszenia Parafialne 32 Niedziela Zwyk\u0142a"},"content":{"rendered":"<p>1. Dzisiaj 32 niedziela zwyk\u0142a. Ofiary sk\u0142adane na tac\u0119 s\u0105 przeznaczone na prace remontowe w naszym ko\u015bciele. B\u00f3g zap\u0142a\u0107 za z\u0142o\u017cone ofiary.<\/p><p>2. W miesi\u0105cu listopadzie modlimy si\u0119 za naszych bliskich zmar\u0142ych w wypominkach na R\u00f3\u017ca\u0144cu (niedziela, wtorek, czwartek, sobota) i Koronce do Bo\u017cego Mi\u0142osierdzia (poniedzia\u0142ek, \u015broda, pi\u0105tek) o godz. 17.30 oraz Mszy \u015bw. zbiorowej za zmar\u0142ych o godz. 18.00. Na \u0142awkach s\u0105 wy\u0142o\u017cone kartki na Wypominki. Prosimy o wypisanie imion zmar\u0142ych i podanie daty, w kt\u00f3ry dzie\u0144 szczeg\u00f3lnie chcemy modli\u0107 si\u0119 za Nich. Wypisane karteczki z imionami naszych zmar\u0142ych prosimy wrzuca\u0107 na tac\u0119 lub sk\u0142ada\u0107 do skrzynki z ty\u0142u ko\u015bcio\u0142a.<\/p><p>3. We wtorek 11 listopada Narodowe \u015awi\u0119to Niepodleg\u0142o\u015bci i wspomnienie \u015bw. Marcina z Tours. Msze \u015bw. o godz. 12.00 i o godz. 18.00.<\/p><p>4. Zapraszamy do udzia\u0142u w spotkaniach Elbl\u0105skiej Szko\u0142y Biblijnej. Zaj\u0119cia odbywaj\u0105 si\u0119 w wybran\u0105 sobot\u0119 miesi\u0105ca od godz. 9.00-12.00. Miejscem spotka\u0144 jest aula Wy\u017cszego Seminarium Duchownego w Elbl\u0105gu, przy ul. Bo\u017cego Cia\u0142a 10. Udzia\u0142 w szkole jest darmowy. Pierwsze spotkanie odb\u0119dzie si\u0119 15 listopada.<\/p><p>5. Za tydzie\u0144 w niedziele spotkanie dla rodzic\u00f3w dzieci, kt\u00f3re przygotowuj\u0105 si\u0119 do I Komunii i Spowiedzi \u015bwi\u0119tej po Mszy \u015bw. o godz. 12.00. Na Mszy \u015bwi\u0119tej zostan\u0105 po\u015bwi\u0119cone krzy\u017cyki\/medaliki.&nbsp;&nbsp;<\/p><p>6. Dzisiaj o godz. 16.30 spotkanie pielgrzym\u00f3w udaj\u0105cych si\u0119 w kwietniu 2026 r., na Malt\u0119, szlakiem \u015bw. Paw\u0142a,<\/p><p>7. Za tydzie\u0144 w niedziel\u0119 po Mszach \u015bw. Caritas parafialny b\u0119dzie zbiera\u0142 ofiary do puszek na pomoc dla najbardziej potrzebuj\u0105cych z naszej Parafii.<\/p><p>8. Serdecznie dzi\u0119kujemy za wsparcie Wy\u017cszego Seminarium Duchownego Diecezji Elbl\u0105skiej sk\u0142adaj\u0105c ofiary za kalendarz seminaryjny na 2026 r. W niedziel\u0119 tydzie\u0144 temu z\u0142o\u017cono 2640 z\u0142..<\/p><p>9. Mile widziany by\u0142by udzia\u0142 ma\u0142\u017ce\u0144stw i rodzin w Nowennie do \u015bw. Rodziny w sobot\u0119 o godz. 12.00.<\/p><p>10.Przy wyj\u015bciu z ko\u015bcio\u0142a mo\u017cna naby\u0107 nowe numery prasy katolickiej (Go\u015b\u0107 Niedzielny, Niedziela).<\/p><p>11. W minionym tygodniu odszed\u0142 do wieczno\u015bci: \u015bp. <strong>J\u00f3zef PANEK <\/strong>w wieku 74 lat. Wieczny odpoczynek racz Mu da\u0107, Panie\u2026<\/p>","protected":false},"excerpt":{"rendered":"<p>Dzisiaj celebrujemy 32 niedziel\u0119 zwyk\u0142\u0105<\/p>\n","protected":false},"author":1,"featured_media":596,"comment_status":"closed","ping_status":"closed","sticky":false,"template":"","format":"standard","meta":{"footnotes":""},"categories":[17],"tags":[],"class_list":["post-598","post","type-post","status-publish","format-standard","has-post-thumbnail","hentry","category-ogloszenia-i-intencje"],"_links":{"self":[{"href":"http:\/\/www.nowa.swrodzina.org\/index.php\/wp-json\/wp\/v2\/posts\/598","targetHints":{"allow":["GET"]}}],"collection":[{"href":"http:\/\/www.nowa.swrodzina.org\/index.php\/wp-json\/wp\/v2\/posts"}],"about":[{"href":"http:\/\/www.nowa.swrodzina.org\/index.php\/wp-json\/wp\/v2\/types\/post"}],"author":[{"embeddable":true,"href":"http:\/\/www.nowa.swrodzina.org\/index.php\/wp-json\/wp\/v2\/users\/1"}],"replies":[{"embeddable":true,"href":"http:\/\/www.nowa.swrodzina.org\/index.php\/wp-json\/wp\/v2\/comments?post=598"}],"version-history":[{"count":1,"href":"http:\/\/www.nowa.swrodzina.org\/index.php\/wp-json\/wp\/v2\/posts\/598\/revisions"}],"predecessor-version":[{"id":599,"href":"http:\/\/www.nowa.swrodzina.org\/index.php\/wp-json\/wp\/v2\/posts\/598\/revisions\/599"}],"wp:featuredmedia":[{"embeddable":true,"href":"http:\/\/www.nowa.swrodzina.org\/index.php\/wp-json\/wp\/v2\/media\/596"}],"wp:attachment":[{"href":"http:\/\/www.nowa.swrodzina.org\/index.php\/wp-json\/wp\/v2\/media?parent=598"}],"wp:term":[{"taxonomy":"category","embeddable":true,"href":"http:\/\/www.nowa.swrodzina.org\/index.php\/wp-json\/wp\/v2\/categories?post=598"},{"taxonomy":"post_tag","embeddable":true,"href":"http:\/\/www.nowa.swrodzina.org\/index.php\/wp-json\/wp\/v2\/tags?post=598"}],"curies":[{"name":"wp","href":"https:\/\/api.w.org\/{rel}","templated":true}]}}