{"id":595,"date":"2025-11-08T17:59:00","date_gmt":"2025-11-08T15:59:00","guid":{"rendered":"https:\/\/www.nowa.swrodzina.org\/?p=595"},"modified":"2025-11-07T10:41:07","modified_gmt":"2025-11-07T08:41:07","slug":"intencje-mszalne-32-niedziela-zwykla","status":"publish","type":"post","link":"http:\/\/www.nowa.swrodzina.org\/index.php\/2025\/11\/08\/intencje-mszalne-32-niedziela-zwykla\/","title":{"rendered":"Intencje Mszalne\u00a032 Niedziela Zwyk\u0142a"},"content":{"rendered":"<figure class=\"wp-block-table\"><table><tbody><tr><td class=\"has-text-align-center\" data-align=\"center\" colspan=\"7\"><strong>Poniedzia\u0142ek,<\/strong>10 listopada2025<\/td><\/tr><tr><td class=\"has-text-align-center\" data-align=\"center\" rowspan=\"2\"><strong>\u0141k 17, 1-6<\/strong> <br>Obowi\u0105zek przebaczania <br><strong><u>Wspomnienie \u015bw. Leona Wielkiego, papie\u017ca i doktora Ko\u015bcio\u0142a<\/u><\/strong><\/td><td>12.00<\/td><td colspan=\"2\">1.<\/td><td colspan=\"3\">\u015ap. Stanis\u0142aw i Ma\u0142gorzata<\/td><\/tr><tr><td class=\"has-text-align-center\" data-align=\"center\">18.00<\/td><td colspan=\"2\">1.<\/td><td colspan=\"3\">Msza zbiorowa za zmar\u0142ych<\/td><\/tr><tr><td class=\"has-text-align-center\" data-align=\"center\" colspan=\"7\"><strong>Wtorek<\/strong>, 11 listopada2025<\/td><\/tr><tr><td class=\"has-text-align-center\" data-align=\"center\" rowspan=\"2\"><strong>\u0141k 17, 7-10<\/strong> S\u0142udzy nieu\u017cyteczni jeste\u015bmy <strong><u>Wspomnienie \u015bw. Marcina z Tours, biskupa<\/u><\/strong><\/td><td>12.00<\/td><td colspan=\"3\">1.<\/td><td colspan=\"2\">O Bo\u017ce b\u0142ogos\u0142awie\u0144stwo i wszelkie potrzebne \u0142aski dla ks. Marcina RUSIECKIEGO z okazji imienin (intencja od Margaretki)<\/td><\/tr><tr><td class=\"has-text-align-center\" data-align=\"center\">18.00<\/td><td colspan=\"3\">1.<\/td><td colspan=\"2\">Msza zbiorowa za zmar\u0142ych<\/td><\/tr><tr><td class=\"has-text-align-center\" data-align=\"center\" colspan=\"7\"><strong>\u015aroda<\/strong>, 12 listopada 2025<\/td><\/tr><tr><td class=\"has-text-align-center\" data-align=\"center\" rowspan=\"2\"><strong>\u0141k 17, 11-19<\/strong> <br>Niewdzi\u0119czno\u015b\u0107 uzdrowionych z tr\u0105du <br><strong><u>Wspomnienie \u015bw. Jozafata, biskupa i m\u0119czennika<\/u><\/strong><\/td><td>12.00<\/td><td colspan=\"3\">1.<\/td><td colspan=\"2\">\u015bp. Zbigniew WALCZAK<\/td><\/tr><tr><td class=\"has-text-align-center\" data-align=\"center\">18.00<\/td><td colspan=\"3\">1.<\/td><td colspan=\"2\">Msza zbiorowa za zmar\u0142ych<\/td><\/tr><tr><td class=\"has-text-align-center\" data-align=\"center\" colspan=\"7\"><strong>Czwartek<\/strong>, 13 listopada 2025<\/td><\/tr><tr><td class=\"has-text-align-center\" data-align=\"center\" rowspan=\"2\"><strong>\u0141k 17, 20-25<\/strong> <br>Kr\u00f3lestwo Bo\u017ce jest po\u015br\u00f3d was <br><strong><u>Wspomnienie \u015bwi\u0119tych Benedykta, Jana, Mateusza, Izaaka i Krystyna, pierwszych m\u0119czennik\u00f3w Polski<\/u><\/strong><\/td><td>12.00<\/td><td colspan=\"3\">1.<\/td><td colspan=\"2\">\u015bp. Halina WANIEK<\/td><\/tr><tr><td class=\"has-text-align-center\" data-align=\"center\">18.00<\/td><td colspan=\"3\">1.<\/td><td colspan=\"2\">Msza zbiorowa za zmar\u0142ych<\/td><\/tr><tr><td class=\"has-text-align-center\" data-align=\"center\" colspan=\"7\"><strong>Pi\u0105tek<\/strong>, 14 listopada 2025<\/td><\/tr><tr><td class=\"has-text-align-center\" data-align=\"center\" rowspan=\"3\"><strong>\u0141k 17, 26-37<\/strong> <br>Dzie\u0144 Syna Cz\u0142owieczego nadejdzie niespodziewanie<\/td><td colspan=\"2\">12.00<\/td><td colspan=\"2\">1.<\/td><td colspan=\"2\">Za czcicieli Mi\u0142osierdzia Bo\u017cego<\/td><\/tr><tr><td class=\"has-text-align-center\" data-align=\"center\" colspan=\"2\" rowspan=\"2\">18.00<\/td><td colspan=\"2\">1.<\/td><td colspan=\"2\">Za czcicieli Mi\u0142osierdzia Bo\u017cego<\/td><\/tr><tr><td class=\"has-text-align-center\" data-align=\"center\" colspan=\"2\">2.<\/td><td colspan=\"2\">Msza zbiorowa za zmar\u0142ych<\/td><\/tr><tr><td class=\"has-text-align-center\" data-align=\"center\" colspan=\"7\"><strong>Sobota<\/strong>, 15 listopada 2025<\/td><\/tr><tr><td class=\"has-text-align-center\" data-align=\"center\" rowspan=\"2\"><strong>\u0141k 18, 1-8<\/strong> <br>Wytrwa\u0142o\u015b\u0107 w modlitwie<\/td><td>12.00<\/td><td colspan=\"4\">1.<\/td><td>W int. rodzin, ma\u0142\u017ce\u0144stw i os\u00f3b samotnych<\/td><\/tr><tr><td class=\"has-text-align-center\" data-align=\"center\">18.00<\/td><td colspan=\"4\">1.<\/td><td>Msza zbiorowa za zmar\u0142ych<\/td><\/tr><tr><td class=\"has-text-align-center\" data-align=\"center\" colspan=\"7\"><strong>Niedziela, 16 listopada 2025<\/strong><\/td><\/tr><tr><td class=\"has-text-align-center\" data-align=\"center\" rowspan=\"6\"><strong>\u0141k 21, 5-19<\/strong> <br>Jezus zapowiada prze\u015bladowania swoich wyznawc\u00f3w <br><strong>33 niedziela zwyk\u0142a<\/strong><\/td><td>07.30<\/td><td colspan=\"5\">\u015bp. Janusz JARMO\u0141A (4. rocz. \u015bmierci) oraz rodzice Janina i Stefan, Dorota i Grzegorz<\/td><\/tr><tr><td class=\"has-text-align-center\" data-align=\"center\">09.00<\/td><td colspan=\"5\">O Bo\u017ce b\u0142ogos\u0142awie\u0144stwo i potrzebne \u0142aski dla Haliny i Krzysztofa MA\u015aLI\u0143SKICH w 50. rocznice zawarcia sakramentu ma\u0142\u017ce\u0144stwa<\/td><\/tr><tr><td class=\"has-text-align-center\" data-align=\"center\">10.30<\/td><td colspan=\"5\">O Bo\u017ce b\u0142ogos\u0142awie\u0144stwo i opiek\u0119 Matki Bo\u017cej dla Czes\u0142awy (k) z okazji 92. urodzin<\/td><\/tr><tr><td class=\"has-text-align-center\" data-align=\"center\">12.00<\/td><td colspan=\"5\">O Bo\u017ce b\u0142ogos\u0142awie\u0144stwo i potrzebne \u0142aski dla Agnieszki z okazji 33 urodzin oraz opiek\u0119 \u015bw. Rodziny dla synka Franusia i m\u0119\u017ca<\/td><\/tr><tr><td class=\"has-text-align-center\" data-align=\"center\">18.00<\/td><td colspan=\"5\">Msza zbiorowa za zmar\u0142ych<\/td><\/tr><tr><td class=\"has-text-align-center\" data-align=\"center\">20.00<\/td><td colspan=\"5\">Za Parafian<\/td><\/tr><\/tbody><\/table><\/figure>","protected":false},"excerpt":{"rendered":"<p>Intencje mszalne 10.11- 16.11<\/p>\n","protected":false},"author":1,"featured_media":596,"comment_status":"closed","ping_status":"closed","sticky":false,"template":"","format":"standard","meta":{"footnotes":""},"categories":[17],"tags":[],"class_list":["post-595","post","type-post","status-publish","format-standard","has-post-thumbnail","hentry","category-ogloszenia-i-intencje"],"_links":{"self":[{"href":"http:\/\/www.nowa.swrodzina.org\/index.php\/wp-json\/wp\/v2\/posts\/595","targetHints":{"allow":["GET"]}}],"collection":[{"href":"http:\/\/www.nowa.swrodzina.org\/index.php\/wp-json\/wp\/v2\/posts"}],"about":[{"href":"http:\/\/www.nowa.swrodzina.org\/index.php\/wp-json\/wp\/v2\/types\/post"}],"author":[{"embeddable":true,"href":"http:\/\/www.nowa.swrodzina.org\/index.php\/wp-json\/wp\/v2\/users\/1"}],"replies":[{"embeddable":true,"href":"http:\/\/www.nowa.swrodzina.org\/index.php\/wp-json\/wp\/v2\/comments?post=595"}],"version-history":[{"count":1,"href":"http:\/\/www.nowa.swrodzina.org\/index.php\/wp-json\/wp\/v2\/posts\/595\/revisions"}],"predecessor-version":[{"id":597,"href":"http:\/\/www.nowa.swrodzina.org\/index.php\/wp-json\/wp\/v2\/posts\/595\/revisions\/597"}],"wp:featuredmedia":[{"embeddable":true,"href":"http:\/\/www.nowa.swrodzina.org\/index.php\/wp-json\/wp\/v2\/media\/596"}],"wp:attachment":[{"href":"http:\/\/www.nowa.swrodzina.org\/index.php\/wp-json\/wp\/v2\/media?parent=595"}],"wp:term":[{"taxonomy":"category","embeddable":true,"href":"http:\/\/www.nowa.swrodzina.org\/index.php\/wp-json\/wp\/v2\/categories?post=595"},{"taxonomy":"post_tag","embeddable":true,"href":"http:\/\/www.nowa.swrodzina.org\/index.php\/wp-json\/wp\/v2\/tags?post=595"}],"curies":[{"name":"wp","href":"https:\/\/api.w.org\/{rel}","templated":true}]}}