{"id":592,"date":"2025-11-01T18:00:00","date_gmt":"2025-11-01T16:00:00","guid":{"rendered":"https:\/\/www.nowa.swrodzina.org\/?p=592"},"modified":"2025-10-30T20:17:37","modified_gmt":"2025-10-30T18:17:37","slug":"ogloszenia-parafialne-31-niedziela-zwykla","status":"publish","type":"post","link":"http:\/\/www.nowa.swrodzina.org\/index.php\/2025\/11\/01\/ogloszenia-parafialne-31-niedziela-zwykla\/","title":{"rendered":"Og\u0142oszenia Parafialne 31 Niedziela Zwyk\u0142a"},"content":{"rendered":"<p>1.&nbsp;Dzisiaj Dzie\u0144 Zaduszny, czyli wspomnienie Wszystkich Wiernych Zmar\u0142ych. Msze \u015bw. o godz. 7.30; 9.00; 10.30; 12.00; 18.00; 20.00. Zapraszamy na Nieszpory za zmar\u0142ych o godz. 17.15, po nich R\u00f3\u017caniec wypominkowy i Msza \u015bw. zbiorowa o godz. 18.00. podczas, kt\u00f3rych b\u0119dziemy si\u0119 modlili za zmar\u0142ych parafian, kt\u00f3rzy odeszli z naszej wsp\u00f3lnoty parafialnej w minionym roku.<\/p><p>2.&nbsp;W dniach 1 do 8 listopada odwiedzaj\u0105c cmentarz i modl\u0105c si\u0119 za zmar\u0142ych mo\u017cna codziennie uzyska\u0107 odpust zupe\u0142ny pod zwyk\u0142ymi warunkami (stan \u0142aski u\u015bwi\u0119caj\u0105cej, Komunia \u015bw., brak przywi\u0105zania do grzechu i modlitwa w intencjach papieskich). Odpust ka\u017cdego dnia mo\u017cna ofiarowa\u0107 za jedn\u0105 osob\u0119 zmar\u0142\u0105 cierpi\u0105c\u0105 w czy\u015b\u0107cu. Nie mo\u017cna go ofiarowa\u0107 za siebie.<\/p><p>3.&nbsp;Zapraszamy do udzia\u0142u w spotkaniach Elbl\u0105skiej Szko\u0142y Biblijnej. Zaj\u0119cia odbywaj\u0105 si\u0119 w wybran\u0105 sobot\u0119 miesi\u0105ca od godz. 9.00-12.00. Miejscem spotka\u0144 jest aula Wy\u017cszego Seminarium Duchownego w Elbl\u0105gu, przy ul. Bo\u017cego Cia\u0142a 10. Udzia\u0142 w szkole jest darmowy. Pierwsze spotkanie odb\u0119dzie si\u0119 15 listopada.<\/p><p>4.&nbsp;Miesi\u0105c listopad, to szczeg\u00f3lny czas naszej modlitwy za naszych zmar\u0142ych. Dlatego prosimy o modlitw\u0119 za nich. W miesi\u0105cu listopadzie modlimy si\u0119 w wypominkach na R\u00f3\u017ca\u0144cu (niedziela, wtorek, czwartek, sobota) i Koronce do Bo\u017cego Mi\u0142osierdzia (poniedzia\u0142ek, \u015broda, pi\u0105tek) o godz. 17.30 oraz Mszy \u015bw. zbiorowej za zmar\u0142ych o godz. 18.00. Na \u0142awkach s\u0105 wy\u0142o\u017cone kartki na Wypominki. Prosimy o wypisanie imion zmar\u0142ych i podanie daty, w kt\u00f3ry dzie\u0144 szczeg\u00f3lnie chcemy modli\u0107 si\u0119 za Nich. Wypisane karteczki z imionami naszych zmar\u0142ych prosimy wrzuca\u0107 na tac\u0119 lub sk\u0142ada\u0107 do skrzynki.&nbsp;<\/p><p>5.&nbsp;W I czwartek miesi\u0105ca zapraszamy do modlitwy o powo\u0142ania do kap\u0142a\u0144stwa i \u017cycia konsekrowanego. Msza \u015bw. za powo\u0142ania i powo\u0142anych o godz. 12.00. Tego dnia Komunia \u015bw. jest udzielana pod dwiema postaciami. Mo\u017cliwo\u015b\u0107 Adoracji Naj\u015bwi\u0119tszego Sakramentu po Mszy po\u0142udniowej do R\u00f3\u017ca\u0144ca wypominkowego o godz. 17.30.<\/p><p>6.&nbsp;W I pi\u0105tek miesi\u0105ca prosimy o przyj\u0119cie Komunii wynagradzaj\u0105cej NSPJ. Msze \u015bw. o godz. 12.00 i o godz. 18.00. Chorych odwiedzimy od godz. 08.30.<\/p><p>7.&nbsp;Za tydzie\u0144 w niedziel\u0119 zapraszamy pielgrzym\u00f3w udaj\u0105cych si\u0119 w kwietniu 2026 r., na Malt\u0119, szklakiem \u015bw. Paw\u0142a, na spotkanie o godz. 16.30 do ko\u015bcio\u0142a.<\/p><p>8.&nbsp;Dzisiaj po ka\u017cdej Mszy \u015bw. alumn Wy\u017cszego Seminarium Duchownego w Elbl\u0105gu rozprowadza kalendarze na rok 2026.<\/p><p>9.&nbsp;Zapraszamy na warsztaty r\u0119kodzie\u0142a w poniedzia\u0142ek 6 listopada od godz. 16.00, do salki parafialnej. Tematem warsztat\u00f3w b\u0119d\u0105 lampiony dekorowane technik\u0105 makramy z elementami zieleni.<\/p><p>10.&nbsp;Za tydzie\u0144 druga niedziela miesi\u0105ca i taca inwestycyjna.<\/p><p>11.&nbsp;Przy wyj\u015bciu z ko\u015bcio\u0142a mo\u017cna naby\u0107 nowe numery prasy katolickiej (Go\u015b\u0107 Niedzielny, Niedziela).<\/p>","protected":false},"excerpt":{"rendered":"<p>Dzisiaj celebrujemy 31. niedziel\u0119 zwyk\u0142\u0105<\/p>\n","protected":false},"author":1,"featured_media":590,"comment_status":"closed","ping_status":"closed","sticky":false,"template":"","format":"standard","meta":{"footnotes":""},"categories":[17],"tags":[],"class_list":["post-592","post","type-post","status-publish","format-standard","has-post-thumbnail","hentry","category-ogloszenia-i-intencje"],"_links":{"self":[{"href":"http:\/\/www.nowa.swrodzina.org\/index.php\/wp-json\/wp\/v2\/posts\/592","targetHints":{"allow":["GET"]}}],"collection":[{"href":"http:\/\/www.nowa.swrodzina.org\/index.php\/wp-json\/wp\/v2\/posts"}],"about":[{"href":"http:\/\/www.nowa.swrodzina.org\/index.php\/wp-json\/wp\/v2\/types\/post"}],"author":[{"embeddable":true,"href":"http:\/\/www.nowa.swrodzina.org\/index.php\/wp-json\/wp\/v2\/users\/1"}],"replies":[{"embeddable":true,"href":"http:\/\/www.nowa.swrodzina.org\/index.php\/wp-json\/wp\/v2\/comments?post=592"}],"version-history":[{"count":1,"href":"http:\/\/www.nowa.swrodzina.org\/index.php\/wp-json\/wp\/v2\/posts\/592\/revisions"}],"predecessor-version":[{"id":593,"href":"http:\/\/www.nowa.swrodzina.org\/index.php\/wp-json\/wp\/v2\/posts\/592\/revisions\/593"}],"wp:featuredmedia":[{"embeddable":true,"href":"http:\/\/www.nowa.swrodzina.org\/index.php\/wp-json\/wp\/v2\/media\/590"}],"wp:attachment":[{"href":"http:\/\/www.nowa.swrodzina.org\/index.php\/wp-json\/wp\/v2\/media?parent=592"}],"wp:term":[{"taxonomy":"category","embeddable":true,"href":"http:\/\/www.nowa.swrodzina.org\/index.php\/wp-json\/wp\/v2\/categories?post=592"},{"taxonomy":"post_tag","embeddable":true,"href":"http:\/\/www.nowa.swrodzina.org\/index.php\/wp-json\/wp\/v2\/tags?post=592"}],"curies":[{"name":"wp","href":"https:\/\/api.w.org\/{rel}","templated":true}]}}