{"id":589,"date":"2025-11-01T17:59:00","date_gmt":"2025-11-01T15:59:00","guid":{"rendered":"https:\/\/www.nowa.swrodzina.org\/?p=589"},"modified":"2025-10-30T20:16:35","modified_gmt":"2025-10-30T18:16:35","slug":"intencje-mszalne-31-niedziela-zwykla","status":"publish","type":"post","link":"http:\/\/www.nowa.swrodzina.org\/index.php\/2025\/11\/01\/intencje-mszalne-31-niedziela-zwykla\/","title":{"rendered":"Intencje Mszalne\u00a031 Niedziela Zwyk\u0142a"},"content":{"rendered":"<figure class=\"wp-block-table\"><table><tbody><tr><td class=\"has-text-align-center\" data-align=\"center\" rowspan=\"3\"><strong>3 listopada, <\/strong>poniedzia\u0142ek <br><strong>\u0141k 14, 12-14<\/strong> <br>Bezinteresowna mi\u0142o\u015b\u0107<\/td><td>12.00<\/td><td>\u015bp. Stanis\u0142aw, Leonora, Beata WILCZEWSCY oraz zmarli rodzice z obojga stron<\/td><\/tr><tr><td class=\"has-text-align-center\" data-align=\"center\">18.00<\/td><td>Dzi\u0119kczynno-b\u0142agalna o obfite \u0142aski, dary, charyzmaty i owoce Ducha \u015aw. dla ks. Mateusza oraz cz\u0142onk\u00f3w wsp\u00f3lnoty Odnowy w Duchu \u015aw. \u201eNazaret\u201d i ich rodzin<\/td><\/tr><tr><td class=\"has-text-align-center\" data-align=\"center\">18.00<\/td><td>Msza zbiorowa za zmar\u0142ych<\/td><\/tr><tr><td class=\"has-text-align-center\" data-align=\"center\" rowspan=\"3\"><strong>4 listopada, <\/strong>wtorek <br><strong>\u0141k 14, 15-24 <\/strong><br>Zaproszeni na uczt\u0119 <br><strong>\u015bw. Karola Boromeusza<\/strong><\/td><td>12.00<\/td><td>\u015bp. Stanis\u0142aw TEODORUK w 5 r. \u015bmierci<\/td><\/tr><tr><td class=\"has-text-align-center\" data-align=\"center\">18.00<\/td><td>\u015bp. zmarli z rodzin CIENKUSZ\u00d3W I \u015aMIGOWSKICH<\/td><\/tr><tr><td class=\"has-text-align-center\" data-align=\"center\">18.00<\/td><td>Msza zbiorowa za zmar\u0142ych<\/td><\/tr><tr><td class=\"has-text-align-center\" data-align=\"center\" rowspan=\"3\"><strong>5 listopada, \u015b<\/strong>roda <br><strong>\u0141k 14, 25-33<\/strong> <br>Kto nie wyrzeka si\u0119 wszystkiego nie mo\u017ce by\u0107 uczniem Jezusa narod\u00f3w<\/td><td>12.00<\/td><td>\u015bp. Maria, Jan, J\u00f3zef CZUCHRAK i zmarli z rodziny z obojga stron<\/td><\/tr><tr><td class=\"has-text-align-center\" data-align=\"center\">12.00<\/td><td>O dar nieba w dniu 3 rocznicy \u015bmierci Jerzego SZARO<\/td><\/tr><tr><td class=\"has-text-align-center\" data-align=\"center\">18.00<\/td><td>Msza zbiorowa za zmar\u0142ych<\/td><\/tr><tr><td class=\"has-text-align-center\" data-align=\"center\" rowspan=\"3\"><strong>6 listopada, <\/strong>czwartek <br><strong>\u0141k 15, 1-10<\/strong> <br>O zagubionej owcy i drachmie\u00a0<\/td><td>12.00<\/td><td>O \u015bwi\u0119te i liczne powo\u0142ania kap\u0142a\u0144skie, zakonne i misyjne oraz o wytrwa\u0142o\u015b\u0107 dla powo\u0142anych<\/td><\/tr><tr><td class=\"has-text-align-center\" data-align=\"center\">18.00<\/td><td>Msza zbiorowa za zmar\u0142ych<\/td><\/tr><tr><td class=\"has-text-align-center\" data-align=\"center\">18.00<\/td><td>\u015bp. Daniela, Zbigniew, Robert, W\u0142adys\u0142awa, Feliks i Kazimierz<\/td><\/tr><tr><td class=\"has-text-align-center\" data-align=\"center\" rowspan=\"3\"><strong>7 listopada, <\/strong>pi\u0105tek <br><strong>\u0141k 16, 1-8<\/strong> <br>Przypowie\u015b\u0107 o nieuczciwym rz\u0105dcy<\/td><td>12.00<\/td><td>Za czcicieli N.S.P.J.<\/td><\/tr><tr><td class=\"has-text-align-center\" data-align=\"center\">18.00<\/td><td>Za czcicieli N.S.P.J.<\/td><\/tr><tr><td class=\"has-text-align-center\" data-align=\"center\">18.00<\/td><td>Msza zbiorowa za zmar\u0142ych<\/td><\/tr><tr><td class=\"has-text-align-center\" data-align=\"center\" rowspan=\"2\"><strong>8 listopada, <\/strong>sobota <br><strong>\u0141k 16, 9-15<\/strong> <br>Nie mo\u017cna s\u0142u\u017cy\u0107 Bogu i Mamonie<\/td><td>12.00<\/td><td>\u015bp. Gertruda BIA\u0141KOWSKA<\/td><\/tr><tr><td class=\"has-text-align-center\" data-align=\"center\">18.00<\/td><td>Msza zbiorowa za zmar\u0142ych<\/td><\/tr><tr><td class=\"has-text-align-center\" data-align=\"center\" rowspan=\"6\"><strong>9 listopada<\/strong>, niedziela <strong>J 2, 13-22<\/strong> <br>Jezus m\u00f3wi\u0142 o \u015bwi\u0105tyni swego cia\u0142a <br><strong>\u015aWI\u0118TO PO\u015aWI\u0118CENIA BAZYLIKI LATERA\u0143SKIEJ<\/strong> <strong>\u00a0<\/strong> <br><strong>XXXII NIEDZIELA ZWYK\u0141A<\/strong><\/td><td>7.30<\/td><td>za parafian<\/td><\/tr><tr><td class=\"has-text-align-center\" data-align=\"center\">9.00<\/td><td>Z okazji 75 rocznicy urodzin dla Jadwigi<\/td><\/tr><tr><td class=\"has-text-align-center\" data-align=\"center\">10.30<\/td><td>\u015bp. Tomasz MAKOWSKI w 10 r. \u015bmierci i Rozalia MIKOSIAK 5r. \u015bm<\/td><\/tr><tr><td class=\"has-text-align-center\" data-align=\"center\">12.00<\/td><td>W rocznic\u0119 sakramentu ma\u0142\u017ce\u0144stwa JOANNY i DAWIDA z pro\u015bb\u0105 o opiek\u0119 Matki Bo\u017cej oraz dary Ducha \u015aw. na dalsze lata \u017cycia<\/td><\/tr><tr><td class=\"has-text-align-center\" data-align=\"center\">18.00<\/td><td>Msza zbiorowa za zmar\u0142ych<\/td><\/tr><tr><td class=\"has-text-align-center\" data-align=\"center\">20.00<\/td><td>\u015bp. Ryszard PIASECKI<\/td><\/tr><\/tbody><\/table><\/figure>","protected":false},"excerpt":{"rendered":"<p>Intencje mszalne 03.11- 09.11<\/p>\n","protected":false},"author":1,"featured_media":590,"comment_status":"closed","ping_status":"closed","sticky":false,"template":"","format":"standard","meta":{"footnotes":""},"categories":[17],"tags":[],"class_list":["post-589","post","type-post","status-publish","format-standard","has-post-thumbnail","hentry","category-ogloszenia-i-intencje"],"_links":{"self":[{"href":"http:\/\/www.nowa.swrodzina.org\/index.php\/wp-json\/wp\/v2\/posts\/589","targetHints":{"allow":["GET"]}}],"collection":[{"href":"http:\/\/www.nowa.swrodzina.org\/index.php\/wp-json\/wp\/v2\/posts"}],"about":[{"href":"http:\/\/www.nowa.swrodzina.org\/index.php\/wp-json\/wp\/v2\/types\/post"}],"author":[{"embeddable":true,"href":"http:\/\/www.nowa.swrodzina.org\/index.php\/wp-json\/wp\/v2\/users\/1"}],"replies":[{"embeddable":true,"href":"http:\/\/www.nowa.swrodzina.org\/index.php\/wp-json\/wp\/v2\/comments?post=589"}],"version-history":[{"count":1,"href":"http:\/\/www.nowa.swrodzina.org\/index.php\/wp-json\/wp\/v2\/posts\/589\/revisions"}],"predecessor-version":[{"id":591,"href":"http:\/\/www.nowa.swrodzina.org\/index.php\/wp-json\/wp\/v2\/posts\/589\/revisions\/591"}],"wp:featuredmedia":[{"embeddable":true,"href":"http:\/\/www.nowa.swrodzina.org\/index.php\/wp-json\/wp\/v2\/media\/590"}],"wp:attachment":[{"href":"http:\/\/www.nowa.swrodzina.org\/index.php\/wp-json\/wp\/v2\/media?parent=589"}],"wp:term":[{"taxonomy":"category","embeddable":true,"href":"http:\/\/www.nowa.swrodzina.org\/index.php\/wp-json\/wp\/v2\/categories?post=589"},{"taxonomy":"post_tag","embeddable":true,"href":"http:\/\/www.nowa.swrodzina.org\/index.php\/wp-json\/wp\/v2\/tags?post=589"}],"curies":[{"name":"wp","href":"https:\/\/api.w.org\/{rel}","templated":true}]}}