{"id":587,"date":"2025-10-26T22:44:54","date_gmt":"2025-10-26T20:44:54","guid":{"rendered":"https:\/\/www.nowa.swrodzina.org\/?p=587"},"modified":"2025-10-26T22:44:55","modified_gmt":"2025-10-26T20:44:55","slug":"ogloszenia-parafialne-30-niedziela-zwykla","status":"publish","type":"post","link":"http:\/\/www.nowa.swrodzina.org\/index.php\/2025\/10\/26\/ogloszenia-parafialne-30-niedziela-zwykla\/","title":{"rendered":"Og\u0142oszenia Parafialne 30 Niedziela Zwyk\u0142a"},"content":{"rendered":"<p><\/p><p>1.Dzisiaj celebrujemy 30 niedziel\u0119 zwyk\u0142\u0105. Ofiary dzi\u015b sk\u0142adane na tac\u0119 s\u0105 przeznaczone na Stolic\u0119 Apostolsk\u0105.<\/p><p>2. Dnia 30 pa\u017adziernika w hali Sportowo-Widowiskowej MOSiR przy al. Grunwaldzkiej w Elbl\u0105gu, o godz. 17.00 odb\u0119d\u0105 si\u0119 XXV Dni Papieskie TUUS. Zapraszamy na to wydarzenie. Darmowe wej\u015bci\u00f3wki mo\u017cna otrzyma\u0107 po Mszy \u015bw. w zakrystii. Dni papieskie u\u015bwietni Pani Monika Kuszy\u0144ska wraz z zespo\u0142em.<\/p><p>3. W najbli\u017csz\u0105 sobot\u0119 1 listopada. Obchodzimy Uroczysto\u015b\u0107 Wszystkich \u015awi\u0119tych. Msze \u015bw. o godz. 07.30, 09.00, 10.30 i o godz. 18.00. Po Mszy \u015bw. o godz. 10.30, z racji I soboty miesi\u0105ca rozwa\u017canie tajemnicy r\u00f3\u017ca\u0144cowej i R\u00f3\u017caniec. O godz. 17.30 zapraszamy na R\u00f3\u017caniec wypominkowy. Msze \u015bw. na elbl\u0105skich cmentarzach: D\u0119bica o godz. 10.00; Agrykola godz. 12.00.<\/p><p>4. W niedziel\u0119, za tydzie\u0144, 2 listopada b\u0119dziemy obchodzi\u0107 Dzie\u0144 Zaduszny, czyli wspomnienie Wszystkich Wiernych Zmar\u0142ych. Msze \u015bw. o godz. 7.30; 9.00; 10.30; 12.00; 18.00; 20.00. Tego dnia o godz. 17.15 Nieszpory za zmar\u0142ych, R\u00f3\u017caniec wypominkowy i Msza zbiorowa o godz. 18.00 b\u0119d\u0105 odprawiane za zmar\u0142ych parafian, kt\u00f3rzy odeszli z naszej wsp\u00f3lnoty parafialnej w minionym roku.<\/p><p>5. W dniach 1 do 8 listopada odwiedzaj\u0105c cmentarz i modl\u0105c si\u0119 za zmar\u0142ych mo\u017cna codziennie uzyska\u0107 odpust zupe\u0142ny pod zwyk\u0142ymi warunkami (stan \u0142aski u\u015bwi\u0119caj\u0105cej, Komunia \u015bw., brak przywi\u0105zania do grzechu i modlitwa w intencjach papieskich). Odpust ka\u017cdego dnia mo\u017cna ofiarowa\u0107 za jedn\u0105 osob\u0119 zmar\u0142\u0105 cierpi\u0105c\u0105 w czy\u015b\u0107cu. Nie mo\u017cna go ofiarowa\u0107 za siebie.<\/p><p>6. Zapraszamy do udzia\u0142u w spotkaniach Elbl\u0105skiej Szko\u0142y Biblijnej. Zaj\u0119cia odbywaj\u0105 si\u0119 w wybran\u0105 sobot\u0119 miesi\u0105ca od godz. 9.00-12.00. Miejscem spotka\u0144 jest aula Wy\u017cszego Seminarium Duchownego w Elbl\u0105gu, przy ul. Bo\u017cego Cia\u0142a 10. Udzia\u0142 w szkole jest darmowy. Pierwsze spotkanie odb\u0119dzie si\u0119 15 listopada.<\/p><p>7. Miesi\u0105c listopad, to szczeg\u00f3lny czas naszej modlitwy za naszych zmar\u0142ych. Dlatego prosimy o modlitw\u0119 za nich. W miesi\u0105cu listopadzie b\u0119dziemy modli\u0107 si\u0119 w wypominkach na R\u00f3\u017ca\u0144cu (niedziela, wtorek, czwartek, sobota) i Koronce do Bo\u017cego Mi\u0142osierdzia (poniedzia\u0142ek, \u015broda, pi\u0105tek) o godz. 17.30 oraz Mszy \u015bw. zbiorowej za zmar\u0142ych o godz. 18.00. Na \u0142awkach s\u0105 wy\u0142o\u017cone kartki na Wypominki. Prosimy o wypisanie imion zmar\u0142ych i podanie daty, w kt\u00f3ry dzie\u0144 szczeg\u00f3lnie chcemy modli\u0107 si\u0119 za Nich. Prosimy o nie wpisywanie daty 2 listopada gdy\u017c tego dnia b\u0119dziemy si\u0119 modli\u0107 w spos\u00f3b szczeg\u00f3lny za tych spo\u015br\u00f3d nas, kt\u00f3rzy odeszli z naszej wsp\u00f3lnoty parafialnej w minionym roku. Wypisane karteczki z imionami naszych zmar\u0142ych prosimy wrzuca\u0107 na tac\u0119 lub sk\u0142ada\u0107 do skrzynki. &nbsp;<\/p><p>8. We wtorek \u015awi\u0119to \u015bwi\u0119tych Aposto\u0142\u00f3w Szymona i Judy Tadeusza.<\/p><p>9. Za tydzie\u0144 2 listopada po ka\u017cdej Mszy \u015bw. alumn naszego Seminarium Duchownego b\u0119dzie rozprowadza\u0142 kalendarze na rok 2026 r.<\/p><p>10. Przy wyj\u015bciu z ko\u015bcio\u0142a mo\u017cna naby\u0107 nowe numery prasy katolickiej (Go\u015b\u0107 Niedzielny, Niedziela).<\/p><p>11. W minionym tygodniu z naszej wsp\u00f3lnoty parafialnej odszed\u0142 do wieczno\u015bci \u015bp. <strong>Jan Rybicki<\/strong> w wieku 84 lat. Wieczny odpoczynek racz Mu da\u0107 Panie..<\/p>","protected":false},"excerpt":{"rendered":"<p>Dzisiaj celebrujemy 30 niedziel\u0119 zwyk\u0142\u0105<\/p>\n","protected":false},"author":1,"featured_media":585,"comment_status":"closed","ping_status":"closed","sticky":false,"template":"","format":"standard","meta":{"footnotes":""},"categories":[17],"tags":[],"class_list":["post-587","post","type-post","status-publish","format-standard","has-post-thumbnail","hentry","category-ogloszenia-i-intencje"],"_links":{"self":[{"href":"http:\/\/www.nowa.swrodzina.org\/index.php\/wp-json\/wp\/v2\/posts\/587","targetHints":{"allow":["GET"]}}],"collection":[{"href":"http:\/\/www.nowa.swrodzina.org\/index.php\/wp-json\/wp\/v2\/posts"}],"about":[{"href":"http:\/\/www.nowa.swrodzina.org\/index.php\/wp-json\/wp\/v2\/types\/post"}],"author":[{"embeddable":true,"href":"http:\/\/www.nowa.swrodzina.org\/index.php\/wp-json\/wp\/v2\/users\/1"}],"replies":[{"embeddable":true,"href":"http:\/\/www.nowa.swrodzina.org\/index.php\/wp-json\/wp\/v2\/comments?post=587"}],"version-history":[{"count":1,"href":"http:\/\/www.nowa.swrodzina.org\/index.php\/wp-json\/wp\/v2\/posts\/587\/revisions"}],"predecessor-version":[{"id":588,"href":"http:\/\/www.nowa.swrodzina.org\/index.php\/wp-json\/wp\/v2\/posts\/587\/revisions\/588"}],"wp:featuredmedia":[{"embeddable":true,"href":"http:\/\/www.nowa.swrodzina.org\/index.php\/wp-json\/wp\/v2\/media\/585"}],"wp:attachment":[{"href":"http:\/\/www.nowa.swrodzina.org\/index.php\/wp-json\/wp\/v2\/media?parent=587"}],"wp:term":[{"taxonomy":"category","embeddable":true,"href":"http:\/\/www.nowa.swrodzina.org\/index.php\/wp-json\/wp\/v2\/categories?post=587"},{"taxonomy":"post_tag","embeddable":true,"href":"http:\/\/www.nowa.swrodzina.org\/index.php\/wp-json\/wp\/v2\/tags?post=587"}],"curies":[{"name":"wp","href":"https:\/\/api.w.org\/{rel}","templated":true}]}}