{"id":584,"date":"2025-10-26T22:43:31","date_gmt":"2025-10-26T20:43:31","guid":{"rendered":"https:\/\/www.nowa.swrodzina.org\/?p=584"},"modified":"2025-10-26T22:43:33","modified_gmt":"2025-10-26T20:43:33","slug":"intencje-mszalne-30-niedziela-zwykla","status":"publish","type":"post","link":"http:\/\/www.nowa.swrodzina.org\/index.php\/2025\/10\/26\/intencje-mszalne-30-niedziela-zwykla\/","title":{"rendered":"Intencje Mszalne\u00a030 Niedziela Zwyk\u0142a"},"content":{"rendered":"<figure class=\"wp-block-table\"><table><tbody><tr><td class=\"has-text-align-center\" data-align=\"center\" rowspan=\"2\"><strong>27 pa\u017adziernika,<\/strong> <strong>\u00a0<\/strong>poniedzia\u0142ek <br><strong>\u0141k 13, 10-17<\/strong> <br>Uzdrowienie w szabat<\/td><td>12.00<\/td><td>\u015bp. Andrzej GDANIEC 27 gr.<\/td><\/tr><tr><td class=\"has-text-align-center\" data-align=\"center\">18.00<\/td><td>\u015bp. Krystyna KUNA<\/td><\/tr><tr><td class=\"has-text-align-center\" data-align=\"center\" rowspan=\"2\"><strong>28 pa\u017adziernika, <\/strong>wtorek <br><strong>\u0141k 6, 12-19<\/strong> <br>Chrystus wybra\u0142 uczni\u00f3w <br><strong>\u015bw. Aposto\u0142\u00f3w Szymona<\/strong> <strong>i Judy Tadeusza<\/strong><\/td><td>12.00<\/td><td>\u015bp. Andrzej GDANIEC 28 gr.<\/td><\/tr><tr><td class=\"has-text-align-center\" data-align=\"center\">18.00<\/td><td>&nbsp;\u015bp. Maria WOJTCZAK, Czes\u0142aw MISIUN,<br>Tadeusz ZINKIEWICZ<\/td><\/tr><tr><td class=\"has-text-align-center\" data-align=\"center\" rowspan=\"3\"><strong>29 pa\u017adziernika, \u015b<\/strong>roda <br><strong>\u0141k 13, 22-30<\/strong> <br>Kr\u00f3lestwo niebieskie dost\u0119pne dla wszystkich narod\u00f3w<\/td><td>12.00<\/td><td>\u015bp. Andrzej GDANIEC 29 gr.<\/td><\/tr><tr><td class=\"has-text-align-center\" data-align=\"center\">18.00<\/td><td>\u015bp. Franciszek w 38 r. \u015bmierci<\/td><\/tr><tr><td class=\"has-text-align-center\" data-align=\"center\">18.00<\/td><td>O Bo\u017ce b\u0142., opiek\u0119 Matki Bo\u017cej, dary Ducha \u015aw., zdrowie i potrzebne \u0142aski dla Joanny i jej rodziny<\/td><\/tr><tr><td class=\"has-text-align-center\" data-align=\"center\" rowspan=\"3\"><strong>30 pa\u017adziernika,<\/strong> czwartek <br><strong>\u0141k 13, 31-35<\/strong> <br>Jezus wierny swojemu pos\u0142annictwu\u00a0<\/td><td>12.00<\/td><td>\u015bp. J\u00f3zefa WO\u0141OWSKA w dniu urodzin<\/td><\/tr><tr><td class=\"has-text-align-center\" data-align=\"center\">18.00<\/td><td>O szcz\u0119\u015bliw\u0105 operacj\u0119 dla Joanny i powr\u00f3t do zdrowia<\/td><\/tr><tr><td class=\"has-text-align-center\" data-align=\"center\">18.00<\/td><td>\u015bp. Andrzej GDANIEC 30 gr.<\/td><\/tr><tr><td class=\"has-text-align-center\" data-align=\"center\" rowspan=\"3\"><strong>31 pa\u017adziernika, <\/strong>pi\u0105tek <br><strong>\u0141k 14, 1-6<\/strong> <br>Jezus uzdrawia w szabat<\/td><td>12.00<\/td><td>Za czcicieli Mi\u0142osierdzia Bo\u017cego<\/td><\/tr><tr><td class=\"has-text-align-center\" data-align=\"center\">18.00<\/td><td>\u015bp. Halina WANIEK<\/td><\/tr><tr><td class=\"has-text-align-center\" data-align=\"center\">18.00<\/td><td>Za czcicieli Mi\u0142osierdzia Bo\u017cego<\/td><\/tr><tr><td class=\"has-text-align-center\" data-align=\"center\" rowspan=\"4\"><strong>1 listopada, <\/strong>sobota <br><strong>Mt 5, 1-12<\/strong> <br>G\u00f3ra b\u0142ogos\u0142awie\u0144stw <br><strong>UROCZYSTO\u015a\u0106 WSZYSTKICH \u015aWI\u0118TYCH<\/strong><\/td><td>7.30<\/td><td>\u015bp. Stanis\u0142aw HEYDA i zmarli rodzice z obojga stron<\/td><\/tr><tr><td class=\"has-text-align-center\" data-align=\"center\">9.00<\/td><td>\u015bp. W\u0142odzimierz \u0141OWICKI<\/td><\/tr><tr><td class=\"has-text-align-center\" data-align=\"center\">10.30<\/td><td>\u015bp. Henryk BUDEK w 24 r. \u015bmierci i Wiktor w 22 r. \u015bmierci<\/td><\/tr><tr><td class=\"has-text-align-center\" data-align=\"center\">18.00<\/td><td>Msza zbiorowa za zmar\u0142ych<\/td><\/tr><tr><td class=\"has-text-align-center\" data-align=\"center\" rowspan=\"6\"><strong>2 listopada<\/strong>, niedziela <br><strong>\u0141k 23, 44-46. 50. 52-53<\/strong> <br>Po \u015bmierci Jezusa <br><strong>XXXI NIEDZIELA ZWYK\u0141A<\/strong><\/td><td>7.30<\/td><td>zm. tajemnic r\u00f3\u017ca\u0144cowych \u2013 V r\u00f3\u017ca<\/td><\/tr><tr><td class=\"has-text-align-center\" data-align=\"center\">9.00<\/td><td>\u015bp. Ryszard NACZKA w 15 r. \u015bmierci i \u015bp. Dorota, Bogdan i Bo\u017cena<\/td><\/tr><tr><td class=\"has-text-align-center\" data-align=\"center\">10.30<\/td><td>\u015bp. Maria, Tomasz, Micha\u0142, Wac\u0142aw, S\u0142awek, Stefania DERWAL oraz \u015bp. W\u0142odzimierz OSTAPOWICZ<\/td><\/tr><tr><td class=\"has-text-align-center\" data-align=\"center\">12.00<\/td><td>\u015bp. Marianna OLSZEWSKA w 11 r. \u015bmierci, Jan w 46 r. , Jan w 5 r. \u015bm<\/td><\/tr><tr><td class=\"has-text-align-center\" data-align=\"center\">18.00<\/td><td>Msza zbiorowa za zmar\u0142ych<\/td><\/tr><tr><td class=\"has-text-align-center\" data-align=\"center\">20.00<\/td><td>za parafian<\/td><\/tr><\/tbody><\/table><\/figure>","protected":false},"excerpt":{"rendered":"<p>Intencje mszalne 27.10- 02.11<\/p>\n","protected":false},"author":1,"featured_media":585,"comment_status":"closed","ping_status":"closed","sticky":false,"template":"","format":"standard","meta":{"footnotes":""},"categories":[17],"tags":[],"class_list":["post-584","post","type-post","status-publish","format-standard","has-post-thumbnail","hentry","category-ogloszenia-i-intencje"],"_links":{"self":[{"href":"http:\/\/www.nowa.swrodzina.org\/index.php\/wp-json\/wp\/v2\/posts\/584","targetHints":{"allow":["GET"]}}],"collection":[{"href":"http:\/\/www.nowa.swrodzina.org\/index.php\/wp-json\/wp\/v2\/posts"}],"about":[{"href":"http:\/\/www.nowa.swrodzina.org\/index.php\/wp-json\/wp\/v2\/types\/post"}],"author":[{"embeddable":true,"href":"http:\/\/www.nowa.swrodzina.org\/index.php\/wp-json\/wp\/v2\/users\/1"}],"replies":[{"embeddable":true,"href":"http:\/\/www.nowa.swrodzina.org\/index.php\/wp-json\/wp\/v2\/comments?post=584"}],"version-history":[{"count":1,"href":"http:\/\/www.nowa.swrodzina.org\/index.php\/wp-json\/wp\/v2\/posts\/584\/revisions"}],"predecessor-version":[{"id":586,"href":"http:\/\/www.nowa.swrodzina.org\/index.php\/wp-json\/wp\/v2\/posts\/584\/revisions\/586"}],"wp:featuredmedia":[{"embeddable":true,"href":"http:\/\/www.nowa.swrodzina.org\/index.php\/wp-json\/wp\/v2\/media\/585"}],"wp:attachment":[{"href":"http:\/\/www.nowa.swrodzina.org\/index.php\/wp-json\/wp\/v2\/media?parent=584"}],"wp:term":[{"taxonomy":"category","embeddable":true,"href":"http:\/\/www.nowa.swrodzina.org\/index.php\/wp-json\/wp\/v2\/categories?post=584"},{"taxonomy":"post_tag","embeddable":true,"href":"http:\/\/www.nowa.swrodzina.org\/index.php\/wp-json\/wp\/v2\/tags?post=584"}],"curies":[{"name":"wp","href":"https:\/\/api.w.org\/{rel}","templated":true}]}}