{"id":580,"date":"2025-10-18T22:41:50","date_gmt":"2025-10-18T20:41:50","guid":{"rendered":"https:\/\/www.nowa.swrodzina.org\/?p=580"},"modified":"2025-10-18T22:41:50","modified_gmt":"2025-10-18T20:41:50","slug":"ogloszenia-parafialne-28-niedziela-zwykla-2","status":"publish","type":"post","link":"http:\/\/www.nowa.swrodzina.org\/index.php\/2025\/10\/18\/ogloszenia-parafialne-28-niedziela-zwykla-2\/","title":{"rendered":"Og\u0142oszenia Parafialne 28 Niedziela Zwyk\u0142a"},"content":{"rendered":"<p>1. Dzisiaj celebrujemy 29. niedziel\u0119 zwyk\u0142\u0105 i \u015awiatowy Dzie\u0144 Misyjny. Taca przeznaczona na rzecz misji.<\/p><p>2. Serdecznie dzi\u0119kujemy za ofiary sk\u0142adane na prace remontowe w ko\u015bciele. W ubieg\u0142\u0105 niedziel\u0119 wraz z wp\u0142atami na konto parafialne z\u0142o\u017cono 6895 z\u0142. Do puszki na rzecz Fundacji Dzie\u0142o Nowego Tysi\u0105clecia, na stypendia dla dzieci i m\u0142odzie\u017cy z\u0142o\u017cono 2653 z\u0142.&nbsp;&nbsp;<\/p><p>3. Rodzice dzieci, kt\u00f3re przygotowuj\u0105 si\u0119 do I Komunii \u015bw. spotykaj\u0105 si\u0119 dzisiaj po Mszy \u015bw. o godz. 12.00.<\/p><p>4. Zapraszamy na nabo\u017ce\u0144stwa r\u00f3\u017ca\u0144cowe, kt\u00f3re s\u0105 sprawowane codziennie o godz. 17.30. Dzieci spotykaj\u0105 si\u0119 na nabo\u017ce\u0144stwie r\u00f3\u017ca\u0144cowym we czwartek o godz. 16.30.<\/p><p>5. W wtorek o godz. 19.00 spotkanie m\u0142odzie\u017cy z roku II, kt\u00f3r\u0105 przygotowuje si\u0119 do Sakramentu Bierzmowania w salce parafialnej.<\/p><p>6. Miesi\u0105c listopad, kt\u00f3ry si\u0119 zbli\u017ca to szczeg\u00f3lny czas naszej modlitwy za naszych zmar\u0142ych. Dlatego prosimy o modlitw\u0119 za nich. W miesi\u0105cu listopadzie b\u0119dziemy modli\u0107 si\u0119 w wypominkach na R\u00f3\u017ca\u0144cu (niedziela, wtorek, czwartek, sobota) i Koronce do Bo\u017cego Mi\u0142osierdzia (poniedzia\u0142ek, \u015broda, pi\u0105tek) o godz. 17.30 oraz Mszy \u015bw. zbiorowej za zmar\u0142ych o godz. 18.00. Na \u0142awkach s\u0105 wy\u0142o\u017cone kartki na Wypominki. Prosimy o wypisanie imion zmar\u0142ych i podanie daty, w kt\u00f3ry dzie\u0144 szczeg\u00f3lnie chcemy modli\u0107 si\u0119 za Nich. Prosimy o nie wpisywanie daty 2 listopada gdy\u017c tego dnia b\u0119dziemy si\u0119 modli\u0107 w spos\u00f3b szczeg\u00f3lny za tych spo\u015br\u00f3d nas, kt\u00f3rzy odeszli z naszej wsp\u00f3lnoty parafialnej w minionym roku. Wypisane karteczki z imionami naszych zmar\u0142ych prosimy wrzuca\u0107 na tac\u0119 lub sk\u0142ada\u0107 do skrzynki. &nbsp;<\/p><p>7. Zapraszamy na warsztaty r\u0119kodzie\u0142a we czwartek 23 pa\u017adziernika od godz. 16.00, do salki parafialnej. Je\u015bli kto\u015b mo\u017ce to prosimy o przyniesienie ze sob\u0105 suchych li\u015bci klonu, szyszki, li\u015bcie topoli i inne naturalne materia\u0142y, bo b\u0119dziemy w\u0142asnor\u0119cznie robili wianki by udekorowa\u0107 nimi sto\u0142y, drzwi czy te\u017c \u015bciany naszych mieszka\u0144. Pozosta\u0142e materia\u0142y do zrobienia wiank\u00f3w b\u0119d\u0105 zapewnione z naszej strony.<\/p><p>8. We czwartek 23 pa\u017adziernika po Mszy \u015bw. wieczornej zapraszamy osoby, kt\u00f3re pragn\u0105\u0142 pog\u0142\u0119bi\u0107 znajomo\u015b\u0107 or\u0119dzia zawartego w Dzienniczku \u015bw. siostry Faustyny. Prosimy o zabranie ze sob\u0105 Dzienniczka.<\/p><p>9. W tym tygodniu wspominamy: w poniedzia\u0142ek \u015bw. Jana Kantego, prezbitera; we \u015brod\u0119 \u015bw. Jana Paw\u0142a II, papie\u017ca.<\/p><p>10. Za tydzie\u0144 taca niedzielna b\u0119dzie przeznaczona na potrzeby Stolicy Apostolskiej, a puszka po Mszach \u015bw. na parafialny punkt Caritas. &nbsp;<\/p><p>11. Za tydzie\u0144 zmiana czasu na zimowy, czyli \u015bpimy d\u0142u\u017cej. &nbsp;<\/p><p>12. Przy wyj\u015bciu z ko\u015bcio\u0142a mo\u017cna naby\u0107 nowe numery prasy katolickiej (Go\u015b\u0107 Niedzielny, Niedziela).<\/p><p>13. W minionym tygodniu z naszej wsp\u00f3lnoty parafialnej odesz\u0142a do wieczno\u015bci \u015bp. <strong>Zdzis\u0142awa Samolewicz-Burtowska<\/strong> w wieku 78 lat. Wieczny odpoczynek racz Jej da\u0107 Panie..<\/p>","protected":false},"excerpt":{"rendered":"<p>Dzisiaj celebrujemy 29. niedziel\u0119 zwyk\u0142\u0105<\/p>\n","protected":false},"author":1,"featured_media":578,"comment_status":"closed","ping_status":"closed","sticky":false,"template":"","format":"standard","meta":{"footnotes":""},"categories":[17],"tags":[],"class_list":["post-580","post","type-post","status-publish","format-standard","has-post-thumbnail","hentry","category-ogloszenia-i-intencje"],"_links":{"self":[{"href":"http:\/\/www.nowa.swrodzina.org\/index.php\/wp-json\/wp\/v2\/posts\/580","targetHints":{"allow":["GET"]}}],"collection":[{"href":"http:\/\/www.nowa.swrodzina.org\/index.php\/wp-json\/wp\/v2\/posts"}],"about":[{"href":"http:\/\/www.nowa.swrodzina.org\/index.php\/wp-json\/wp\/v2\/types\/post"}],"author":[{"embeddable":true,"href":"http:\/\/www.nowa.swrodzina.org\/index.php\/wp-json\/wp\/v2\/users\/1"}],"replies":[{"embeddable":true,"href":"http:\/\/www.nowa.swrodzina.org\/index.php\/wp-json\/wp\/v2\/comments?post=580"}],"version-history":[{"count":1,"href":"http:\/\/www.nowa.swrodzina.org\/index.php\/wp-json\/wp\/v2\/posts\/580\/revisions"}],"predecessor-version":[{"id":581,"href":"http:\/\/www.nowa.swrodzina.org\/index.php\/wp-json\/wp\/v2\/posts\/580\/revisions\/581"}],"wp:featuredmedia":[{"embeddable":true,"href":"http:\/\/www.nowa.swrodzina.org\/index.php\/wp-json\/wp\/v2\/media\/578"}],"wp:attachment":[{"href":"http:\/\/www.nowa.swrodzina.org\/index.php\/wp-json\/wp\/v2\/media?parent=580"}],"wp:term":[{"taxonomy":"category","embeddable":true,"href":"http:\/\/www.nowa.swrodzina.org\/index.php\/wp-json\/wp\/v2\/categories?post=580"},{"taxonomy":"post_tag","embeddable":true,"href":"http:\/\/www.nowa.swrodzina.org\/index.php\/wp-json\/wp\/v2\/tags?post=580"}],"curies":[{"name":"wp","href":"https:\/\/api.w.org\/{rel}","templated":true}]}}