{"id":576,"date":"2025-10-18T22:40:52","date_gmt":"2025-10-18T20:40:52","guid":{"rendered":"https:\/\/www.nowa.swrodzina.org\/?p=576"},"modified":"2025-10-18T22:42:20","modified_gmt":"2025-10-18T20:42:20","slug":"intencje-mszalne-29-niedziela-zwykla","status":"publish","type":"post","link":"http:\/\/www.nowa.swrodzina.org\/index.php\/2025\/10\/18\/intencje-mszalne-29-niedziela-zwykla\/","title":{"rendered":"Intencje Mszalne\u00a029 Niedziela Zwyk\u0142a"},"content":{"rendered":"<figure class=\"wp-block-table\"><table><tbody><tr><td class=\"has-text-align-center\" data-align=\"center\" rowspan=\"3\"><strong>20 pa\u017adziernika,<\/strong><strong>\u00a0<\/strong>poniedzia\u0142ek <br><strong>\u0141k 12, 13-21<\/strong> <br>Gromadzi\u0107 skarby przed Bogiem <br><strong>\u015bw. Jana Kantego, kap\u0142ana<\/strong><\/td><td>12.00<\/td><td>\u015bp. Andrzej GDANIEC 20 gr.<\/td><\/tr><tr><td class=\"has-text-align-center\" data-align=\"center\">18.00<\/td><td>\u015bp. Halina WANIEK<\/td><\/tr><tr><td class=\"has-text-align-center\" data-align=\"center\">18.00<\/td><td>\u015bp. Irena i Stanis\u0142aw ALEKSEJEW<\/td><\/tr><tr><td class=\"has-text-align-center\" data-align=\"center\" rowspan=\"3\"><strong>21 pa\u017adziernika, <\/strong>wtorek <br><strong>\u0141k 12, 35-38<\/strong> <br>Oczekiwanie powrotu Pana<\/td><td>12.00<\/td><td>\u015bp. Andrzej GDANIEC 21 gr.<\/td><\/tr><tr><td class=\"has-text-align-center\" data-align=\"center\">18.00<\/td><td>\u015bp. Ryszard PIASECKI<\/td><\/tr><tr><td class=\"has-text-align-center\" data-align=\"center\">18.00<\/td><td>\u015bp.Tadeusz TURALSKI<\/td><\/tr><tr><td class=\"has-text-align-center\" data-align=\"center\" rowspan=\"3\"><strong>22 pa\u017adziernika, \u015b<\/strong>roda <br><strong>\u0141k 12, 38-48<\/strong> <br>Przypowie\u015b\u0107 o s\u0142udze <br><strong>\u015bw. Jana Paw\u0142a II<\/strong><\/td><td>12.00<\/td><td>\u015bp. Andrzej GDANIEC 22 gr.<\/td><\/tr><tr><td class=\"has-text-align-center\" data-align=\"center\">18.00<\/td><td>\u015bp. Krystyna GAWRON<\/td><\/tr><tr><td class=\"has-text-align-center\" data-align=\"center\">18.00<\/td><td>\u015bp. Tadeusz GRZELAK w 30 dz.p.p.<\/td><\/tr><tr><td class=\"has-text-align-center\" data-align=\"center\" rowspan=\"3\"><strong>23 pa\u017adziernika,<\/strong> czwartek <br><strong>\u0141k 12, 49-53<\/strong> <br>Ewangelia powodem rozlamu<\/td><td>12.00<\/td><td>\u015bp. Andrzej GDANIEC 23 gr.<\/td><\/tr><tr><td class=\"has-text-align-center\" data-align=\"center\">18.00<\/td><td>\u015bp. Zdzis\u0142aw WO\u0141KOWICZ w 35 r. \u015bmierci, Stanis\u0142awa, Zofia, W\u0142adys\u0142aw, Teresa, Gra\u017cyna i Ewa<\/td><\/tr><tr><td class=\"has-text-align-center\" data-align=\"center\">18.00<\/td><td>\u015bp. Emilia HRYN w 8 r. \u015bmierci i Stanis\u0142aw HRYN, W\u0142adys\u0142awa KULESZA w 7 r. \u015bmierci, Kazimierz KULESZA i Maria PAC<\/td><\/tr><tr><td class=\"has-text-align-center\" data-align=\"center\" rowspan=\"3\"><strong>24 pa\u017adziernika, <\/strong>pi\u0105tek <br><strong>\u0141k 12, 54-59<\/strong> <br>Pozna\u0107 znaku czasu<\/td><td>12.00<\/td><td>Za czcicieli Mi\u0142osierdzia Bo\u017cego<\/td><\/tr><tr><td class=\"has-text-align-center\" data-align=\"center\">18.00<\/td><td>\u015bp. Andrzej GDANIEC 24 gr.<\/td><\/tr><tr><td class=\"has-text-align-center\" data-align=\"center\">18.00<\/td><td>Za czcicieli Mi\u0142osierdzia Bo\u017cego<\/td><\/tr><tr><td class=\"has-text-align-center\" data-align=\"center\" rowspan=\"3\"><strong>25 pa\u017adziernika, <\/strong>sobota <br><strong>\u0141k 13, 1-9<\/strong> <br>Potrzeba Nawr\u00f3cenia<\/td><td>12.00<\/td><td>\u015bp. Andrzej GDANIEC 25 gr.<\/td><\/tr><tr><td class=\"has-text-align-center\" data-align=\"center\">18.00<\/td><td>\u015bp. Henryk KORZENIEWSKI<\/td><\/tr><tr><td class=\"has-text-align-center\" data-align=\"center\">18.00<\/td><td>\u015bp. Kazimierz JESIO\u0141KOWSKI i Ma\u0142gorzata \u0141OJEWSKA<\/td><\/tr><tr><td class=\"has-text-align-center\" data-align=\"center\" rowspan=\"6\"><strong>26 pa\u017adziernika<\/strong>, niedziela <br><strong>\u0141k 18, 9-14<\/strong> Przypowie\u015b\u0107 o faryzeuszu i celniku <br><strong>XXX NIEDZIELA ZWYK\u0141A<\/strong><\/td><td>7.30<\/td><td>\u015bp. J\u00f3zefa MARKOWSKA w 16 r. \u015bmierci, Stefan, Barbara, Andrzej, Karol i Dorota \u017bURAWSCY<\/td><\/tr><tr><td class=\"has-text-align-center\" data-align=\"center\">9.00<\/td><td>\u015bp. Andrzej GDANIEC 26 gr.<\/td><\/tr><tr><td class=\"has-text-align-center\" data-align=\"center\">10.30<\/td><td>\u015bp. Zenon TURKIEWICZ w 7 r. \u015bmierci i brat Zenon MAGO\u0143<\/td><\/tr><tr><td class=\"has-text-align-center\" data-align=\"center\">12.00<\/td><td>\u015bp. Romuald JANUSZKIWICZ w 14 r. \u015bmierci i zmarli z rodziny<\/td><\/tr><tr><td class=\"has-text-align-center\" data-align=\"center\">18.00<\/td><td>\u015bp. Gertruda BIA\u0141KOWSKA<\/td><\/tr><tr><td class=\"has-text-align-center\" data-align=\"center\">20.00<\/td><td>O uzdrowienie duszy i cia\u0142a syn\u00f3w Jana, Micha\u0142a i Maksymiliana<\/td><\/tr><\/tbody><\/table><\/figure>","protected":false},"excerpt":{"rendered":"<p>Intencje mszalne 20.10- 26.10<\/p>\n","protected":false},"author":1,"featured_media":578,"comment_status":"closed","ping_status":"closed","sticky":false,"template":"","format":"standard","meta":{"footnotes":""},"categories":[17],"tags":[],"class_list":["post-576","post","type-post","status-publish","format-standard","has-post-thumbnail","hentry","category-ogloszenia-i-intencje"],"_links":{"self":[{"href":"http:\/\/www.nowa.swrodzina.org\/index.php\/wp-json\/wp\/v2\/posts\/576","targetHints":{"allow":["GET"]}}],"collection":[{"href":"http:\/\/www.nowa.swrodzina.org\/index.php\/wp-json\/wp\/v2\/posts"}],"about":[{"href":"http:\/\/www.nowa.swrodzina.org\/index.php\/wp-json\/wp\/v2\/types\/post"}],"author":[{"embeddable":true,"href":"http:\/\/www.nowa.swrodzina.org\/index.php\/wp-json\/wp\/v2\/users\/1"}],"replies":[{"embeddable":true,"href":"http:\/\/www.nowa.swrodzina.org\/index.php\/wp-json\/wp\/v2\/comments?post=576"}],"version-history":[{"count":2,"href":"http:\/\/www.nowa.swrodzina.org\/index.php\/wp-json\/wp\/v2\/posts\/576\/revisions"}],"predecessor-version":[{"id":582,"href":"http:\/\/www.nowa.swrodzina.org\/index.php\/wp-json\/wp\/v2\/posts\/576\/revisions\/582"}],"wp:featuredmedia":[{"embeddable":true,"href":"http:\/\/www.nowa.swrodzina.org\/index.php\/wp-json\/wp\/v2\/media\/578"}],"wp:attachment":[{"href":"http:\/\/www.nowa.swrodzina.org\/index.php\/wp-json\/wp\/v2\/media?parent=576"}],"wp:term":[{"taxonomy":"category","embeddable":true,"href":"http:\/\/www.nowa.swrodzina.org\/index.php\/wp-json\/wp\/v2\/categories?post=576"},{"taxonomy":"post_tag","embeddable":true,"href":"http:\/\/www.nowa.swrodzina.org\/index.php\/wp-json\/wp\/v2\/tags?post=576"}],"curies":[{"name":"wp","href":"https:\/\/api.w.org\/{rel}","templated":true}]}}