{"id":573,"date":"2025-10-11T21:29:55","date_gmt":"2025-10-11T19:29:55","guid":{"rendered":"https:\/\/www.nowa.swrodzina.org\/?p=573"},"modified":"2025-10-11T21:29:55","modified_gmt":"2025-10-11T19:29:55","slug":"ogloszenia-parafialne-28-niedziela-zwykla","status":"publish","type":"post","link":"http:\/\/www.nowa.swrodzina.org\/index.php\/2025\/10\/11\/ogloszenia-parafialne-28-niedziela-zwykla\/","title":{"rendered":"Og\u0142oszenia Parafialne 28 Niedziela Zwyk\u0142a"},"content":{"rendered":"<p>1.&nbsp;Dzi\u015b 28 niedziela zwyk\u0142a i Dzie\u0144 Papieski. Taca przeznaczona na nasze prace remontowe. Po Mszach \u015bw. s\u0105 zbierane ofiary do puszki na Fundacj\u0119 Dzie\u0142o Nowego Tysi\u0105clecia. Na stypendia dla zdolnej, a ubogiej m\u0142odzie\u017cy i dzieci pochodz\u0105cych z ma\u0142ych miejscowo\u015bci.<\/p><p>2.&nbsp;Zapraszamy na nabo\u017ce\u0144stwa r\u00f3\u017ca\u0144cowe codziennie o godz. 17.30. Dzieci spotykaj\u0105 si\u0119 na nabo\u017ce\u0144stwie r\u00f3\u017ca\u0144cowym we czwartek o godz. 16.30.<\/p><p>3.&nbsp;Zapraszamy na ingres biskupa Wojciecha Skibickiego, nowomianowanego biskupa elbl\u0105skiego w dniu 18 pa\u017adziernika (sobota) 2025 roku o godz. 12.00 do katedry \u015bw. Miko\u0142aja w Elbl\u0105gu.<\/p><p>4.&nbsp;Za tydzie\u0144, w niedziel\u0119 19 pa\u017adziernika po Mszy \u015bw. o godz. 12.00 spotkanie dla rodzic\u00f3w dzieci, kt\u00f3re przygotowuj\u0105 si\u0119 do I Komunii i Spowiedzi \u015awi\u0119tej.<\/p><p>5.&nbsp;Jutro, w poniedzia\u0142ek 13.10. wspominamy sz\u00f3ste, ostatnie objawienie si\u0119 Maryi w Fatimie. Zapraszamy do udzia\u0142u w wieczornej Mszy \u015bw. o godz. 18.00. Po Mszy \u015bw. odb\u0119dzie si\u0119 procesja z figur\u0105 NMP z Fatimy wok\u00f3\u0142 ko\u015bcio\u0142a i R\u00f3\u017caniec. Prosimy o sk\u0142adanie swoich intencji do skrzynki pod figurk\u0105 Matki Bo\u017cej z Fatimy, kt\u00f3re b\u0119dziemy zawierza\u0107 podczas R\u00f3\u017ca\u0144ca fatimskiego.<\/p><p>6.&nbsp;We wtorek wspomnienie \u015bw. Ma\u0142gorzaty Marii Alacoque i Dzie\u0144 nauczyciela, pami\u0119tajmy w modlitwie o nauczycielach, wychowawcach, katechetach i pracownikach o\u015bwiaty. We \u015brod\u0119 wspomnienie \u015bw. Teresy od Jezusa, i Dzie\u0144 modlitwy za dzieci utracone, przedwcze\u015bnie zmar\u0142e. We czwartek \u015bw. Jadwigi \u015al\u0105skiej, w pi\u0105tek \u015bw. Ignacego Antioche\u0144skiego. W sobot\u0119 \u015bw. \u0141ukasza Ewangelisty, patrona S\u0142u\u017cby Zdrowia. Za tydzie\u0144 w niedziel\u0119 \u015awiatowy Dzie\u0144 Misyjny i taca na potrzeby misji.<\/p><p>7.&nbsp;Dzi\u0119kujemy za Wasz udzia\u0142 w warsztatach r\u0119kodzie\u0142a. Dzi\u0119kujemy Pani Annie za pokazanie technik, kt\u00f3re z k\u0142\u0119bka we\u0142ny stworzy\u0142y pi\u0119kne anio\u0142y, efekty pracy mo\u017cemy zobaczy\u0107 na naszej stronie parafialnej, na Facebooku. Zapraszamy na nast\u0119pne warsztaty, kt\u00f3re odb\u0119d\u0105 si\u0119 23 pa\u017adziernika (czwartek) od godz. 16.00 w domu parafialnym. Prosimy o przyniesienie na te warsztaty li\u015bcie klonu \u2013 du\u017ce, szyszki, li\u015bcie topoli bia\u0142ej, owoce r\u00f3\u017cy, g\u0142ogu, bluszcz i inne naturalne materia\u0142y. B\u0119d\u0105 tworzone stroiki, kt\u00f3re mo\u017cna b\u0119dzie po\u0142o\u017cy\u0107 na stole czy zawiesi\u0107 na drzwiach lub \u015bcianie.&nbsp;<\/p><p>8.&nbsp;Miesi\u0105c listopad, kt\u00f3ry powoli si\u0119 zbli\u017ca to szczeg\u00f3lny czas naszej modlitwy za zmar\u0142ych. Dlatego prosimy o modlitw\u0119 za nich. Ci, kt\u00f3rzy odeszli do wieczno\u015bci oczekuj\u0105 naszej modlitwy i Mszy \u015bw., aby otrzyma\u0107 ulg\u0119 w cierpieniu, uwolnienie z czy\u015b\u0107ca i mo\u017cliwo\u015b\u0107 przebywania z Bogiem na wieki. W miesi\u0105cu listopadzie b\u0119dziemy modli\u0107 si\u0119 w wypominkach na R\u00f3\u017ca\u0144cu (niedziela, wtorek, czwartek, sobota) i Koronce do Bo\u017cego Mi\u0142osierdzia (poniedzia\u0142ek, \u015broda, pi\u0105tek)&nbsp; o godz. 17.30 i Mszy \u015bw. zbiorowej za zmar\u0142ych o godz. 18.00. Na \u0142awka s\u0105 wy\u0142o\u017cone kartki na Wypominki. Prosimy o wypisanie imion zmar\u0142ych i podanie daty, w kt\u00f3ry dzie\u0144 szczeg\u00f3lnie chcemy modli\u0107 si\u0119 za Nich.<\/p><p>9.&nbsp;Zapraszamy m\u0142odzie\u017c na kolejne nocne czuwanie m\u0142odzie\u017cy diecezji elbl\u0105skiej, do Bemowa w pi\u0105tek z 17 na 18 pa\u017adziernika. Wyjazd o godz. 19.00. Zapisy u ks. Mateusza<\/p><p>10.&nbsp;Zach\u0119camy do czytania prasy katolickiej. Jest najnowszy numer \u201eGo\u015bcia niedzielnego\u201d i \u201eNiedzieli\u201d. Przy wyj\u015bciu z ko\u015bcio\u0142a mo\u017cna naby\u0107 pras\u0119 katolick\u0105.<\/p>","protected":false},"excerpt":{"rendered":"<p>Dzisiaj celebrujemy 28 niedziel\u0119 zwyk\u0142a<\/p>\n","protected":false},"author":1,"featured_media":571,"comment_status":"closed","ping_status":"closed","sticky":false,"template":"","format":"standard","meta":{"footnotes":""},"categories":[17],"tags":[],"class_list":["post-573","post","type-post","status-publish","format-standard","has-post-thumbnail","hentry","category-ogloszenia-i-intencje"],"_links":{"self":[{"href":"http:\/\/www.nowa.swrodzina.org\/index.php\/wp-json\/wp\/v2\/posts\/573","targetHints":{"allow":["GET"]}}],"collection":[{"href":"http:\/\/www.nowa.swrodzina.org\/index.php\/wp-json\/wp\/v2\/posts"}],"about":[{"href":"http:\/\/www.nowa.swrodzina.org\/index.php\/wp-json\/wp\/v2\/types\/post"}],"author":[{"embeddable":true,"href":"http:\/\/www.nowa.swrodzina.org\/index.php\/wp-json\/wp\/v2\/users\/1"}],"replies":[{"embeddable":true,"href":"http:\/\/www.nowa.swrodzina.org\/index.php\/wp-json\/wp\/v2\/comments?post=573"}],"version-history":[{"count":1,"href":"http:\/\/www.nowa.swrodzina.org\/index.php\/wp-json\/wp\/v2\/posts\/573\/revisions"}],"predecessor-version":[{"id":574,"href":"http:\/\/www.nowa.swrodzina.org\/index.php\/wp-json\/wp\/v2\/posts\/573\/revisions\/574"}],"wp:featuredmedia":[{"embeddable":true,"href":"http:\/\/www.nowa.swrodzina.org\/index.php\/wp-json\/wp\/v2\/media\/571"}],"wp:attachment":[{"href":"http:\/\/www.nowa.swrodzina.org\/index.php\/wp-json\/wp\/v2\/media?parent=573"}],"wp:term":[{"taxonomy":"category","embeddable":true,"href":"http:\/\/www.nowa.swrodzina.org\/index.php\/wp-json\/wp\/v2\/categories?post=573"},{"taxonomy":"post_tag","embeddable":true,"href":"http:\/\/www.nowa.swrodzina.org\/index.php\/wp-json\/wp\/v2\/tags?post=573"}],"curies":[{"name":"wp","href":"https:\/\/api.w.org\/{rel}","templated":true}]}}