{"id":570,"date":"2025-10-11T21:29:01","date_gmt":"2025-10-11T19:29:01","guid":{"rendered":"https:\/\/www.nowa.swrodzina.org\/?p=570"},"modified":"2025-10-11T21:29:01","modified_gmt":"2025-10-11T19:29:01","slug":"intencje-mszalne-28-niedziela-zwykla","status":"publish","type":"post","link":"http:\/\/www.nowa.swrodzina.org\/index.php\/2025\/10\/11\/intencje-mszalne-28-niedziela-zwykla\/","title":{"rendered":"Intencje Mszalne\u00a028 Niedziela Zwyk\u0142a"},"content":{"rendered":"<figure class=\"wp-block-table\"><table><tbody><tr><td class=\"has-text-align-center\" data-align=\"center\" rowspan=\"3\"><strong>13 pa\u017adziernika,<\/strong> <strong>\u00a0<\/strong>poniedzia\u0142ek <br><strong>\u0141k 11, 29-32<\/strong> <br>Znak proroka JONASZA <br><strong>b\u0142. Honorata Ko\u017ami\u0144skiego<\/strong><\/td><td>12.00<\/td><td>\u015bp. Gra\u017cyna OLEJNIK&nbsp; w 5 r. \u015bmierci, int. od kole\u017canek<\/td><\/tr><tr><td class=\"has-text-align-center\" data-align=\"center\">18.00<\/td><td>\u015bp. Andrzej GDANIEC 13 gr.<\/td><\/tr><tr><td class=\"has-text-align-center\" data-align=\"center\">18.00<\/td><td>Dzi\u0119kczynno-b\u0142agalna z okazji 70r. urodzin Doroty, o Bo\u017ce b\u0142ogos\u0142awie\u0144stwo, zdrowie i opiek\u0119 \u015bw. Rodziny na dalsze lata<\/td><\/tr><tr><td class=\"has-text-align-center\" data-align=\"center\" rowspan=\"4\"><strong>14 pa\u017adziernika, <\/strong>wtorek <strong>\u00a0<\/strong> <br><strong>\u0141k 11, 37-41<\/strong> <br>Czysto\u015b\u0107 wewn\u0119trzna<\/td><td>12.00<\/td><td>\u015bp. Andrzej GDANIEC 14 gr.<\/td><\/tr><tr><td class=\"has-text-align-center\" data-align=\"center\">12.00<\/td><td>\u015bp. Leszek SZANDRACH w 17 r. \u015bmierci<\/td><\/tr><tr><td class=\"has-text-align-center\" data-align=\"center\">18.00<\/td><td>\u015bp. Bo\u017cena ROMA\u0143SKA<\/td><\/tr><tr><td class=\"has-text-align-center\" data-align=\"center\">18.00<\/td><td>\u015bp. Teresa SZCZUCKA o mi\u0142osierdzie Bo\u017ce i rado\u015b\u0107 \u017cycia wiecznego (intencja od wnuka Krzysztofa i synowej Anny)<\/td><\/tr><tr><td class=\"has-text-align-center\" data-align=\"center\" rowspan=\"3\"><strong>15 pa\u017adziernika, \u015b<\/strong>roda <br><strong>\u0141k 11, 42-46<\/strong> <br>Jezus pi\u0119tnuje ob\u0142ud\u0119 <br><strong>\u015bw. Teresy od Jezusa<\/strong><\/td><td>12.00<\/td><td>\u015bp. Andrzej GDANIEC 15 gr.<\/td><\/tr><tr><td class=\"has-text-align-center\" data-align=\"center\">18.00<\/td><td>\u015bp. Maria CZAPLI\u0143SKA, Wojciech PIOTROWICZ, zm. z rodzin z obojga stron, Miros\u0142aw KIE\u0141TYKA i zm. rodzice<\/td><\/tr><tr><td class=\"has-text-align-center\" data-align=\"center\">18.00<\/td><td>W podzi\u0119kowaniu za \u0142ask\u0119 zdrowia w trudnym leczeniu z pro\u015bb\u0105 o Bo\u017ce b\u0142ogos\u0142awie\u0144stwo i opiek\u0119 Matki Bo\u017cej<\/td><\/tr><tr><td class=\"has-text-align-center\" data-align=\"center\" rowspan=\"4\"><strong>16 <\/strong><strong>pa\u017adziernika<\/strong><strong>,<br><\/strong>czwartek <strong>\u0141k 11, 47-54<\/strong> Jezus gromi faryzeusz\u00f3w <strong>\u015bw. Jadwigi \u015al\u0105skiej<\/strong><\/td><td>12.00<\/td><td>\u015bp. Andrzej GDANIEC 16 gr.<\/td><\/tr><tr><td class=\"has-text-align-center\" data-align=\"center\">12.00<\/td><td>\u015bp. Brygida LEWANDOWSKA w 16 r. \u015bmierci oraz \u015bp. Edward LEWANDOWSKI<\/td><\/tr><tr><td class=\"has-text-align-center\" data-align=\"center\">18.00<\/td><td>\u015bp. Maria SOBO\u0143<\/td><\/tr><tr><td class=\"has-text-align-center\" data-align=\"center\">18.00<\/td><td>\u015bp. Dorota KOWALSKA-ZAGRODNIK w 30 dz.p.p.<\/td><\/tr><tr><td class=\"has-text-align-center\" data-align=\"center\" rowspan=\"4\"><strong>17 pa\u017adziernika, <\/strong>pi\u0105tek <br><strong>\u0141k 12, 1-7<\/strong> <br>G\u0142osi\u0107 S\u0142owo Bo\u017ce bez obaw <br><strong>\u015bw. Ignacego Antioche\u0144skiego<\/strong><\/td><td>12.00<\/td><td>Za czcicieli Mi\u0142osierdzia Bo\u017cego<\/td><\/tr><tr><td class=\"has-text-align-center\" data-align=\"center\">12.00<\/td><td>\u015bp. Higina CZESZEJKO w 30 dz.p.p<\/td><\/tr><tr><td class=\"has-text-align-center\" data-align=\"center\">18.00<\/td><td>\u015bp. Andrzej GDANIEC 17 gr.<\/td><\/tr><tr><td class=\"has-text-align-center\" data-align=\"center\">18.00<\/td><td>Za czcicieli Mi\u0142osierdzia Bo\u017cego<\/td><\/tr><tr><td class=\"has-text-align-center\" data-align=\"center\" rowspan=\"3\"><strong>18 pa\u017adziernika, <\/strong>sobota <br><strong>\u0141k 10, 1-9<\/strong> <br>\u017bniwo wprawdzie wielkie, ale robotnik\u00f3w ma\u0142o <br><strong>\u015bw. \u0141ukasza Ewangelisty<\/strong><\/td><td>12.00<\/td><td>W int. rodzin, ma\u0142\u017ce\u0144stw i os\u00f3b samotnych<\/td><\/tr><tr><td class=\"has-text-align-center\" data-align=\"center\">18.00<\/td><td>\u015bp. Andrzej GDANIEC 18 gr.<\/td><\/tr><tr><td class=\"has-text-align-center\" data-align=\"center\">18.00<\/td><td>\u015bp. Franciszek NASARZEWSKI w 30 dz.p.p.&nbsp;&nbsp;&nbsp;&nbsp;&nbsp;&nbsp;&nbsp;<\/td><\/tr><tr><td class=\"has-text-align-center\" data-align=\"center\" rowspan=\"7\"><strong>19 pa\u017adziernika<\/strong>, niedziela <br><strong>\u0141k 18, 1-8<\/strong> <br>Wytrwa\u0142o\u015b\u0107 w modlitwie <br><strong>XXIX NIEDZIELA ZWYK\u0141A<\/strong><\/td><td>7.30<\/td><td>\u015bp. Genowefa MO\u0143KOWSKA<\/td><\/tr><tr><td class=\"has-text-align-center\" data-align=\"center\">9.00<\/td><td>\u015bp. Helena, Kazimierz PUCHACZ<\/td><\/tr><tr><td class=\"has-text-align-center\" data-align=\"center\">10.30<\/td><td>\u015bp. Andrzej GDANIEC 19 gr.<\/td><\/tr><tr><td class=\"has-text-align-center\" data-align=\"center\">10.30<\/td><td>\u015bp. Jan SINDREWICZ<\/td><\/tr><tr><td class=\"has-text-align-center\" data-align=\"center\">12.00<\/td><td>\u015bp. W\u0142adys\u0142awa STEFANOWICZ w 10 r. \u015bmierci<\/td><\/tr><tr><td class=\"has-text-align-center\" data-align=\"center\">18.00<\/td><td>za parafian<\/td><\/tr><tr><td class=\"has-text-align-center\" data-align=\"center\">20.00<\/td><td>\u015bp. Zofia B\u0104K w 3 r. \u015bmierci, El\u017cbieta B\u0104K w 52 r. \u015bmierci oraz zmarli z rodzin: KUJAWSKICH I B\u0104K\u00d3W<\/td><\/tr><\/tbody><\/table><\/figure>","protected":false},"excerpt":{"rendered":"<p>Intencje mszalne 13.10- 20.10<\/p>\n","protected":false},"author":1,"featured_media":571,"comment_status":"closed","ping_status":"closed","sticky":false,"template":"","format":"standard","meta":{"footnotes":""},"categories":[17],"tags":[],"class_list":["post-570","post","type-post","status-publish","format-standard","has-post-thumbnail","hentry","category-ogloszenia-i-intencje"],"_links":{"self":[{"href":"http:\/\/www.nowa.swrodzina.org\/index.php\/wp-json\/wp\/v2\/posts\/570","targetHints":{"allow":["GET"]}}],"collection":[{"href":"http:\/\/www.nowa.swrodzina.org\/index.php\/wp-json\/wp\/v2\/posts"}],"about":[{"href":"http:\/\/www.nowa.swrodzina.org\/index.php\/wp-json\/wp\/v2\/types\/post"}],"author":[{"embeddable":true,"href":"http:\/\/www.nowa.swrodzina.org\/index.php\/wp-json\/wp\/v2\/users\/1"}],"replies":[{"embeddable":true,"href":"http:\/\/www.nowa.swrodzina.org\/index.php\/wp-json\/wp\/v2\/comments?post=570"}],"version-history":[{"count":1,"href":"http:\/\/www.nowa.swrodzina.org\/index.php\/wp-json\/wp\/v2\/posts\/570\/revisions"}],"predecessor-version":[{"id":572,"href":"http:\/\/www.nowa.swrodzina.org\/index.php\/wp-json\/wp\/v2\/posts\/570\/revisions\/572"}],"wp:featuredmedia":[{"embeddable":true,"href":"http:\/\/www.nowa.swrodzina.org\/index.php\/wp-json\/wp\/v2\/media\/571"}],"wp:attachment":[{"href":"http:\/\/www.nowa.swrodzina.org\/index.php\/wp-json\/wp\/v2\/media?parent=570"}],"wp:term":[{"taxonomy":"category","embeddable":true,"href":"http:\/\/www.nowa.swrodzina.org\/index.php\/wp-json\/wp\/v2\/categories?post=570"},{"taxonomy":"post_tag","embeddable":true,"href":"http:\/\/www.nowa.swrodzina.org\/index.php\/wp-json\/wp\/v2\/tags?post=570"}],"curies":[{"name":"wp","href":"https:\/\/api.w.org\/{rel}","templated":true}]}}