{"id":566,"date":"2025-10-04T20:03:51","date_gmt":"2025-10-04T18:03:51","guid":{"rendered":"https:\/\/www.nowa.swrodzina.org\/?p=566"},"modified":"2025-10-04T20:03:53","modified_gmt":"2025-10-04T18:03:53","slug":"ogloszenia-parafialne-27-niedziela-zwykla","status":"publish","type":"post","link":"http:\/\/www.nowa.swrodzina.org\/index.php\/2025\/10\/04\/ogloszenia-parafialne-27-niedziela-zwykla\/","title":{"rendered":"Og\u0142oszenia Parafialne 27 Niedziela Zwyk\u0142a"},"content":{"rendered":"<p>1.&nbsp;Dzi\u015b pierwsza niedziela miesi\u0105ca i adoracja Naj\u015bwi\u0119tszego Sakramentu.<\/p><p>2.&nbsp;Zapraszamy na nabo\u017ce\u0144stwa r\u00f3\u017ca\u0144cowe codziennie o godz. 17.30. Dzieci spotykaj\u0105 si\u0119 na nabo\u017ce\u0144stwie r\u00f3\u017ca\u0144cowym we czwartek o godz. 16.30.<\/p><p>3.&nbsp;Zapraszamy na ingres biskupa Wojciecha Skibickiego, nowopowo\u0142anego biskupa elbl\u0105skiego w dniu 18 pa\u017adziernika (sobota) 2025 roku o godz. 12.00 do katedry \u015bw. Miko\u0142aja w Elbl\u0105gu.<\/p><p>4.&nbsp;Uczniowie klas \u00f3smych szko\u0142y podstawowej i starszych szk\u00f3\u0142 ponadpodstawowych, kt\u00f3rzy si\u0119 jeszcze nie zapisali na przygotowanie do Sakramentu Bierzmowania mog\u0105 to uczyni\u0107 dzisiaj po Mszach \u015bw. u ks. Mateusza.<\/p><p>5.&nbsp;Za tydzie\u0144 w niedziel\u0119 12 pa\u017adziernika Dzie\u0144 Papieski, po Mszach \u015bwi\u0119tych zbi\u00f3rka do puszek na Fundacj\u0119 Dzie\u0142o Nowego Tysi\u0105clecia, na stypendia dla zdolnej, a ubogiej m\u0142odzie\u017cy i dzieci.<\/p><p>6.&nbsp;W poniedzia\u0142ek za tydzie\u0144 13.10. wspominamy sz\u00f3ste, ostatnie objawienie si\u0119 Maryi w Fatimie. Zapraszamy do udzia\u0142u w wieczornej Mszy \u015bw. o godz. 18.00. Po Mszy \u015bw. odb\u0119dzie si\u0119 procesja z figur\u0105 NMP z Fatimy wok\u00f3\u0142 ko\u015bcio\u0142a i R\u00f3\u017caniec. Prosimy o sk\u0142adanie swoich intencji do skrzyni pod figurk\u0105 Matki Bo\u017cej z Fatimy.<\/p><p>7.&nbsp;We czwartek 9 pa\u017adziernika po wieczornej Mszy \u015bw. spotkanie Kr\u0119gu biblijnego w salce parafialnej.&nbsp;<\/p><p>8.&nbsp;Miesi\u0105c listopad, kt\u00f3ry powoli si\u0119 zbli\u017ca jest szczeg\u00f3lnym czasem naszej modlitwy za zmar\u0142ych. Dlatego prosimy o modlitw\u0119 za nich. Ci, kt\u00f3rzy odeszli do wieczno\u015bci oczekuj\u0105 naszej modlitwy i Mszy \u015bw., aby otrzyma\u0107 ulg\u0119 w cierpieniu, uwolnienie z czy\u015b\u0107ca i mo\u017cliwo\u015b\u0107 przebywania z Bogiem na wieki. W miesi\u0105cu listopadzie b\u0119dzie modli\u0107 si\u0119 w wypominkach na R\u00f3\u017ca\u0144cu (niedziela, wtorek, czwartek, sobota) i Koronce do Bo\u017cego Mi\u0142osierdzia (poniedzia\u0142ek, \u015broda, pi\u0105tek)&nbsp; o godz. 17.30 i Mszy \u015bw. zbiorowej za zmar\u0142ych o godz. 18.00.<\/p><p>9.&nbsp;Za tydzie\u0144 druga niedziela miesi\u0105ca i taca inwestycyjna.<\/p><p>10.&nbsp;W tym tygodniu b\u0119dziemy obchodzi\u0107 wspomnienie: we wtorek Naj\u015bwi\u0119tszej Maryi Panny R\u00f3\u017ca\u0144cowej, w sobot\u0119 \u015bw. Jana XXIII, papie\u017ca.<\/p><p>11.&nbsp;Zach\u0119camy do czytania prasy katolickiej. Jest najnowszy numer \u201eGo\u015bcia niedzielnego\u201d i \u201eNiedzieli\u201d. Przy wyj\u015bciu z ko\u015bcio\u0142a mo\u017cna naby\u0107 pras\u0119 katolick\u0105.<\/p>","protected":false},"excerpt":{"rendered":"<p>Dzisiaj celebrujemy 27 niedziel\u0119 zwyk\u0142a<\/p>\n","protected":false},"author":1,"featured_media":565,"comment_status":"closed","ping_status":"closed","sticky":false,"template":"","format":"standard","meta":{"footnotes":""},"categories":[17],"tags":[],"class_list":["post-566","post","type-post","status-publish","format-standard","has-post-thumbnail","hentry","category-ogloszenia-i-intencje"],"_links":{"self":[{"href":"http:\/\/www.nowa.swrodzina.org\/index.php\/wp-json\/wp\/v2\/posts\/566","targetHints":{"allow":["GET"]}}],"collection":[{"href":"http:\/\/www.nowa.swrodzina.org\/index.php\/wp-json\/wp\/v2\/posts"}],"about":[{"href":"http:\/\/www.nowa.swrodzina.org\/index.php\/wp-json\/wp\/v2\/types\/post"}],"author":[{"embeddable":true,"href":"http:\/\/www.nowa.swrodzina.org\/index.php\/wp-json\/wp\/v2\/users\/1"}],"replies":[{"embeddable":true,"href":"http:\/\/www.nowa.swrodzina.org\/index.php\/wp-json\/wp\/v2\/comments?post=566"}],"version-history":[{"count":1,"href":"http:\/\/www.nowa.swrodzina.org\/index.php\/wp-json\/wp\/v2\/posts\/566\/revisions"}],"predecessor-version":[{"id":567,"href":"http:\/\/www.nowa.swrodzina.org\/index.php\/wp-json\/wp\/v2\/posts\/566\/revisions\/567"}],"wp:featuredmedia":[{"embeddable":true,"href":"http:\/\/www.nowa.swrodzina.org\/index.php\/wp-json\/wp\/v2\/media\/565"}],"wp:attachment":[{"href":"http:\/\/www.nowa.swrodzina.org\/index.php\/wp-json\/wp\/v2\/media?parent=566"}],"wp:term":[{"taxonomy":"category","embeddable":true,"href":"http:\/\/www.nowa.swrodzina.org\/index.php\/wp-json\/wp\/v2\/categories?post=566"},{"taxonomy":"post_tag","embeddable":true,"href":"http:\/\/www.nowa.swrodzina.org\/index.php\/wp-json\/wp\/v2\/tags?post=566"}],"curies":[{"name":"wp","href":"https:\/\/api.w.org\/{rel}","templated":true}]}}