{"id":563,"date":"2025-10-04T20:02:07","date_gmt":"2025-10-04T18:02:07","guid":{"rendered":"https:\/\/www.nowa.swrodzina.org\/?p=563"},"modified":"2025-10-04T20:02:53","modified_gmt":"2025-10-04T18:02:53","slug":"intencje-mszalne-27-niedziela-zwykla","status":"publish","type":"post","link":"http:\/\/www.nowa.swrodzina.org\/index.php\/2025\/10\/04\/intencje-mszalne-27-niedziela-zwykla\/","title":{"rendered":"Intencje Mszalne\u00a027 Niedziela Zwyk\u0142a"},"content":{"rendered":"<figure class=\"wp-block-table\"><table><tbody><tr><td class=\"has-text-align-center\" data-align=\"center\" rowspan=\"3\"><strong>6 pa\u017adziernika,<\/strong> <strong>\u00a0<\/strong>poniedzia\u0142ek <br><strong>\u0141k 10, 25-37<\/strong> <br>Przypowie\u015b\u0107 o mi\u0142osiernym Samarytaninie<\/td><td>12.00<\/td><td>\u015bp. Andrzej GDANIEC 6 gr.<\/td><\/tr><tr><td class=\"has-text-align-center\" data-align=\"center\">12.00<\/td><td>\u015bp. Teresa SZCZUCKA 30 dz.p.p.<\/td><\/tr><tr><td class=\"has-text-align-center\" data-align=\"center\">18.00<\/td><td>Dzi\u0119kczynno-b\u0142agalna o Bo\u017ce b\u0142., obfite \u0142aski, dary, Ducha \u015awi\u0119tego i charyzmaty dla ks. Mateusza oraz cz\u0142onk\u00f3w wsp\u00f3lnoty Nazaret i ich rodzin<\/td><\/tr><tr><td class=\"has-text-align-center\" data-align=\"center\" rowspan=\"3\"><strong>7 pa\u017adziernika, <\/strong>wtorek <br><strong>\u0141k 10, 38-42<\/strong> <br>Jezus w go\u015bcinie u Marty i Marii <br><strong>Wspomnienie Naj\u015bwi\u0119tszej Maryi Panny<\/strong> <strong>R\u00f3\u017ca\u0144cowej<\/strong><\/td><td>12.00<\/td><td>\u015bp. Antoni, Tadeusz, Emilia, Bronis\u0142aw, MARCINKIEWICZ, Zofia i J\u00f3zef BIE\u0143 i zmarli z rodziny<\/td><\/tr><tr><td class=\"has-text-align-center\" data-align=\"center\">18.00<\/td><td>\u015bp. Andrzej GDANIEC 7 gr.<\/td><\/tr><tr><td class=\"has-text-align-center\" data-align=\"center\">18.00<\/td><td>\u015bp. Halina WANIEK<\/td><\/tr><tr><td class=\"has-text-align-center\" data-align=\"center\" rowspan=\"3\"><strong>8 pa\u017adziernika, \u015b<\/strong>roda <br><strong>\u0141k 11, 1-4<\/strong> <br>Jezus uczy modlitwy<\/td><td>12.00<\/td><td>\u015bp. Andrzej GDANIEC 8 gr.<\/td><\/tr><tr><td class=\"has-text-align-center\" data-align=\"center\">18.00<\/td><td>\u015bp. Krystyna GAWRON<\/td><\/tr><tr><td class=\"has-text-align-center\" data-align=\"center\">18.00<\/td><td>O Bo\u017ce b\u0142ogos\u0142awie\u0144stwo i szcz\u0119\u015bliwe zako\u0144czenie studi\u00f3w oraz obron\u0119 dyplomu<\/td><\/tr><tr><td class=\"has-text-align-center\" data-align=\"center\" rowspan=\"3\"><strong>9 pa\u017adziernika, <\/strong>czwartek <br><strong>\u0141k 11, 5-13<\/strong> <br>Wytrwa\u0142o\u015b\u0107 w modlitwie<\/td><td>12.00<\/td><td>\u015bp. Andrzej GDANIEC 9 gr.<\/td><\/tr><tr><td class=\"has-text-align-center\" data-align=\"center\">18.00<\/td><td>Dzi\u0119kczynna z okazji narodzin Rozalii i o potrzebne \u0142aski dla rodzic\u00f3w Julii i Przemys\u0142awa<\/td><\/tr><tr><td class=\"has-text-align-center\" data-align=\"center\">18.00<\/td><td>\u015bp. Henryk KORZENIEWSKI<\/td><\/tr><tr><td class=\"has-text-align-center\" data-align=\"center\" rowspan=\"3\"><strong>10 pa\u017adziernika, <\/strong>pi\u0105tek <br><strong>\u0141k 11, 15-26<\/strong> <br>Walka Chrystusa ze z\u0142ym duchem<\/td><td>12.00<\/td><td>Za czcicieli Mi\u0142osierdzia Bo\u017cego<\/td><\/tr><tr><td class=\"has-text-align-center\" data-align=\"center\">18.00<\/td><td>\u015bp. Andrzej GDANIEC 10 gr.<\/td><\/tr><tr><td class=\"has-text-align-center\" data-align=\"center\">18.00<\/td><td>Za czcicieli Mi\u0142osierdzia Bo\u017cego<\/td><\/tr><tr><td class=\"has-text-align-center\" data-align=\"center\" rowspan=\"3\"><strong>11 pa\u017adziernika, <\/strong>sobota <br><strong>\u0141k 11, 27-28<\/strong> <br>B\u0142ogos\u0142awieni ci, kt\u00f3rzy s\u0142uchaj\u0105 s\u0142owa Bo\u017cego<\/td><td>12.00<\/td><td>\u015bp. Andrzej GDANIEC 11 gr.<\/td><\/tr><tr><td class=\"has-text-align-center\" data-align=\"center\">12.00<\/td><td>\u015bp. Krystyna KUNA<\/td><\/tr><tr><td class=\"has-text-align-center\" data-align=\"center\">18.00<\/td><td>\u015bp. Ryszard GRABOWSKI 30 dz.p.p.<\/td><\/tr><tr><td class=\"has-text-align-center\" data-align=\"center\" rowspan=\"6\"><strong>12 pa\u017adziernika<\/strong>, niedziela <br><strong>\u0141k 17, 11-19<\/strong> <br>Niewdzi\u0119czno\u015b\u0107 uzdrowionych z tr\u0105du <br><strong>XXVIII NIEDZIELA ZWYK\u0141A<\/strong><\/td><td>7.30<\/td><td>\u015bp. Henryk, Irena, Stanis\u0142aw, Kazimierz, SOKO\u0141OWSCY, Ma\u0142gorzata OSUCH, Barbara KONIECZNA<\/td><\/tr><tr><td class=\"has-text-align-center\" data-align=\"center\">9.00<\/td><td>\u015bp. Piotr 38 r. \u015bmierci, Bronis\u0142awa i zmarli z rodzin: WAWRYSZUK, MARCHALEWSKICH, KORZENIEWSKICH I NESTEROWICZ<\/td><\/tr><tr><td class=\"has-text-align-center\" data-align=\"center\">10.30<\/td><td>\u015bp. Andrzej GDANIEC 12 gr.<\/td><\/tr><tr><td class=\"has-text-align-center\" data-align=\"center\">12.00<\/td><td>\u015bp. J\u00f3zef i Paulina i rodze\u0144stwo<\/td><\/tr><tr><td class=\"has-text-align-center\" data-align=\"center\">18.00<\/td><td>\u015bp. Stefania(k), Aleksander U\u0179LUK<\/td><\/tr><tr><td class=\"has-text-align-center\" data-align=\"center\">20.00<\/td><td>za parafian<\/td><\/tr><\/tbody><\/table><\/figure>","protected":false},"excerpt":{"rendered":"<p>Intencje mszalne 06.10- 12.10<\/p>\n","protected":false},"author":1,"featured_media":565,"comment_status":"closed","ping_status":"closed","sticky":false,"template":"","format":"standard","meta":{"footnotes":""},"categories":[17],"tags":[],"class_list":["post-563","post","type-post","status-publish","format-standard","has-post-thumbnail","hentry","category-ogloszenia-i-intencje"],"_links":{"self":[{"href":"http:\/\/www.nowa.swrodzina.org\/index.php\/wp-json\/wp\/v2\/posts\/563","targetHints":{"allow":["GET"]}}],"collection":[{"href":"http:\/\/www.nowa.swrodzina.org\/index.php\/wp-json\/wp\/v2\/posts"}],"about":[{"href":"http:\/\/www.nowa.swrodzina.org\/index.php\/wp-json\/wp\/v2\/types\/post"}],"author":[{"embeddable":true,"href":"http:\/\/www.nowa.swrodzina.org\/index.php\/wp-json\/wp\/v2\/users\/1"}],"replies":[{"embeddable":true,"href":"http:\/\/www.nowa.swrodzina.org\/index.php\/wp-json\/wp\/v2\/comments?post=563"}],"version-history":[{"count":1,"href":"http:\/\/www.nowa.swrodzina.org\/index.php\/wp-json\/wp\/v2\/posts\/563\/revisions"}],"predecessor-version":[{"id":564,"href":"http:\/\/www.nowa.swrodzina.org\/index.php\/wp-json\/wp\/v2\/posts\/563\/revisions\/564"}],"wp:featuredmedia":[{"embeddable":true,"href":"http:\/\/www.nowa.swrodzina.org\/index.php\/wp-json\/wp\/v2\/media\/565"}],"wp:attachment":[{"href":"http:\/\/www.nowa.swrodzina.org\/index.php\/wp-json\/wp\/v2\/media?parent=563"}],"wp:term":[{"taxonomy":"category","embeddable":true,"href":"http:\/\/www.nowa.swrodzina.org\/index.php\/wp-json\/wp\/v2\/categories?post=563"},{"taxonomy":"post_tag","embeddable":true,"href":"http:\/\/www.nowa.swrodzina.org\/index.php\/wp-json\/wp\/v2\/tags?post=563"}],"curies":[{"name":"wp","href":"https:\/\/api.w.org\/{rel}","templated":true}]}}