{"id":560,"date":"2025-09-27T18:00:00","date_gmt":"2025-09-27T16:00:00","guid":{"rendered":"https:\/\/www.nowa.swrodzina.org\/?p=560"},"modified":"2025-09-27T06:32:46","modified_gmt":"2025-09-27T04:32:46","slug":"ogloszenia-parafialne-26-niedziela-zwykla","status":"publish","type":"post","link":"http:\/\/www.nowa.swrodzina.org\/index.php\/2025\/09\/27\/ogloszenia-parafialne-26-niedziela-zwykla\/","title":{"rendered":"Og\u0142oszenia Parafialne 26 Niedziela Zwyk\u0142a"},"content":{"rendered":"<p><\/p><p>1. Dzisiaj celebrujemy 26 niedziel\u0119 zwyk\u0142a. Za tydzie\u0144 pierwsza niedziela miesi\u0105ca, na zako\u0144czenie Mszy \u015bw. adoracja Naj\u015bwi\u0119tszego Sakramentu.<\/p><p>2. Dzisiaj po Mszy \u015bw. o godz. 12.00 spotkanie dla rodzic\u00f3w dzieci, kt\u00f3re w przysz\u0142ym, roku maj\u0105 przyst\u0105pi\u0107 do I Komunii i Spowiedzi \u015bwi\u0119tej. R\u00f3wnie\u017c dzisiaj spotkanie dla m\u0142odzie\u017cy, kt\u00f3ra zapisa\u0142a si\u0119 na przygotowanie do Bierzmowania o godz. 19.00 w salce parafialnej.<\/p><p>3. W tym tygodniu I czwartek, I pi\u0105tek i I sobota miesi\u0105ca pa\u017adziernika. We czwartek zapraszamy na Msz\u0119 \u015bw. o godz. 12.00 w intencji powo\u0142a\u0144 kap\u0142a\u0144skich, zakonnych i misyjnych. Po Mszy \u015bw. adoracja Naj\u015bwi\u0119tszego Sakramentu do wieczornej Mszy \u015bw. W I pi\u0105tek odwiedziny chorych od godz. 8.30, Msza \u015bw. o godz. 12.00 i 18.00 w intencjach czcicieli Naj\u015bwi\u0119tszego Serca Pana Jezusa, i adoracja Naj\u015bwi\u0119tszego Sakramentu wraz z Litani\u0105 do NSPJ. W I sobot\u0119 miesi\u0105ca po Mszy \u015bw. o godz. 12.00 zmiana tajemnic \u017bywego R\u00f3\u017ca\u0144ca. Intencja \u017bywego R\u00f3\u017ca\u0144ca w miesi\u0105cu pa\u017adzierniku: <strong>O \u0142ask\u0119 wiary dla dzieci i m\u0142odzie\u017cy, przygotowuj\u0105cych si\u0119 do I Komunii i Spowiedzi \u015bwi\u0119tej i Bierzmowania.<\/strong><\/p><p>4. We \u015brod\u0119 rozpoczyna si\u0119 miesi\u0105c pa\u017adziernik zapraszamy na nabo\u017ce\u0144stwa r\u00f3\u017ca\u0144cowe codziennie o godz. 17.30.<\/p><p>5. W tym tygodniu b\u0119dziemy obchodzi\u0107: w poniedzia\u0142ek \u015awi\u0119to \u015bw. Archanio\u0142\u00f3w Micha\u0142a, Gabriela, Rafa\u0142a; we wtorek \u015bw. Hieronima, we \u015brod\u0119 wspomnienie \u015bw. Teresy od Dzieci\u0105tka Jezus, we czwartek wspomnienie \u015awi\u0119tych Anio\u0142\u00f3w Str\u00f3\u017c\u00f3w, w sobot\u0119 \u015bw. Franciszka z Asy\u017cu, a w niedziel\u0119 wspomnienie \u015bw. Faustyny Kowalskiej.<\/p><p>6. Dzisiaj spotkanie Rady Parafialnej o godz. 16.00 w domu parafialnym; &nbsp;<\/p><p>7. Zapraszamy osoby doros\u0142e do czytania S\u0142owa Bo\u017cego podczas Mszy \u015bw. w niedziele, czy te\u017c w ci\u0105gu tygodnia. Niech ta pos\u0142uga stanie si\u0119 dla nas \u015bwiadectwem wiary. Prosimy o zg\u0142aszanie si\u0119 os\u00f3b na 15 minut przed Msz\u0105 \u015bwi\u0119t\u0105.<\/p><p>8. Dzisiaj po ka\u017cdej Mszy \u015bw. Caritas parafialny zbiera ofiary do puszki na rzecz najbardziej potrzebuj\u0105cych z naszej parafii. Zapraszamy osoby doros\u0142e, kt\u00f3rym bliska jest pomoc osobom potrzebuj\u0105cym, kt\u00f3re chcia\u0142yby swoim zaanga\u017cowanie wesprze\u0107 nasz parafialny Caritas.<\/p><p>9. Przy wyj\u015bciu z ko\u015bcio\u0142a mo\u017cna naby\u0107 nowe numery prasy katolickiej <em>(Go\u015b\u0107 Niedzielny<\/em>,<em> Niedziela<\/em>).<\/p><p class=\"has-text-align-center\"><strong>W minionym tygodniu odszed\u0142 do wieczno\u015bci:<\/strong><\/p><p class=\"has-text-align-center\">\u015bp. Tadeusz GRZELAK w wieku 78 lat;<\/p><p class=\"has-text-align-center\"><em>Wieczny odpoczynek racz Mu da\u0107 Panie<\/em><\/p>","protected":false},"excerpt":{"rendered":"<p>Dzisiaj celebrujemy 26 niedziel\u0119 zwyk\u0142a<\/p>\n","protected":false},"author":1,"featured_media":558,"comment_status":"closed","ping_status":"closed","sticky":false,"template":"","format":"standard","meta":{"footnotes":""},"categories":[17],"tags":[],"class_list":["post-560","post","type-post","status-publish","format-standard","has-post-thumbnail","hentry","category-ogloszenia-i-intencje"],"_links":{"self":[{"href":"http:\/\/www.nowa.swrodzina.org\/index.php\/wp-json\/wp\/v2\/posts\/560","targetHints":{"allow":["GET"]}}],"collection":[{"href":"http:\/\/www.nowa.swrodzina.org\/index.php\/wp-json\/wp\/v2\/posts"}],"about":[{"href":"http:\/\/www.nowa.swrodzina.org\/index.php\/wp-json\/wp\/v2\/types\/post"}],"author":[{"embeddable":true,"href":"http:\/\/www.nowa.swrodzina.org\/index.php\/wp-json\/wp\/v2\/users\/1"}],"replies":[{"embeddable":true,"href":"http:\/\/www.nowa.swrodzina.org\/index.php\/wp-json\/wp\/v2\/comments?post=560"}],"version-history":[{"count":1,"href":"http:\/\/www.nowa.swrodzina.org\/index.php\/wp-json\/wp\/v2\/posts\/560\/revisions"}],"predecessor-version":[{"id":561,"href":"http:\/\/www.nowa.swrodzina.org\/index.php\/wp-json\/wp\/v2\/posts\/560\/revisions\/561"}],"wp:featuredmedia":[{"embeddable":true,"href":"http:\/\/www.nowa.swrodzina.org\/index.php\/wp-json\/wp\/v2\/media\/558"}],"wp:attachment":[{"href":"http:\/\/www.nowa.swrodzina.org\/index.php\/wp-json\/wp\/v2\/media?parent=560"}],"wp:term":[{"taxonomy":"category","embeddable":true,"href":"http:\/\/www.nowa.swrodzina.org\/index.php\/wp-json\/wp\/v2\/categories?post=560"},{"taxonomy":"post_tag","embeddable":true,"href":"http:\/\/www.nowa.swrodzina.org\/index.php\/wp-json\/wp\/v2\/tags?post=560"}],"curies":[{"name":"wp","href":"https:\/\/api.w.org\/{rel}","templated":true}]}}