{"id":557,"date":"2025-09-27T17:59:00","date_gmt":"2025-09-27T15:59:00","guid":{"rendered":"https:\/\/www.nowa.swrodzina.org\/?p=557"},"modified":"2025-09-27T06:31:32","modified_gmt":"2025-09-27T04:31:32","slug":"intencje-mszalne-26-niedziela-zwykla","status":"publish","type":"post","link":"http:\/\/www.nowa.swrodzina.org\/index.php\/2025\/09\/27\/intencje-mszalne-26-niedziela-zwykla\/","title":{"rendered":"Intencje Mszalne\u00a026 Niedziela Zwyk\u0142a"},"content":{"rendered":"<figure class=\"wp-block-table\"><table><tbody><tr><td class=\"has-text-align-center\" data-align=\"center\" rowspan=\"3\"><strong>29 wrze\u015bnia, <\/strong>poniedzia\u0142ek <br><strong>J 1, 47-51<\/strong> Ujrzycie anio\u0142\u00f3w Bo\u017cych <br><strong>\u015bw. Archanio\u0142\u00f3w Micha\u0142a, Gabriela i Rafa\u0142a<\/strong><\/td><td>12.00<\/td><td>\u015bp. Maria MARCINKIEWICZ<\/td><\/tr><tr><td class=\"has-text-align-center\" data-align=\"center\">18.00<\/td><td>\u015bp. Daniela ZALEWSKA 29 gr<\/td><\/tr><tr><td class=\"has-text-align-center\" data-align=\"center\">18.00<\/td><td>\u015bp. Tadeusz \u015aLI\u0179&nbsp; w 6 r. \u015bmierci i rodzice z obojga stron<\/td><\/tr><tr><td class=\"has-text-align-center\" data-align=\"center\" rowspan=\"3\"><strong>30 wrze\u015bnia, <\/strong>wtorek <br><strong>\u0141k 9, 51-56<\/strong> Jezus przeciwny karaniu <br><strong>\u015bw. Hieronima, doktora Ko\u015bcio\u0142a<\/strong><\/td><td>12.00<\/td><td>\u015bp. Daniela ZALEWSKA 30 gr.<\/td><\/tr><tr><td class=\"has-text-align-center\" data-align=\"center\">18.00<\/td><td>\u015bp. Paula, Robert GUNTER-JERJEN<\/td><\/tr><tr><td class=\"has-text-align-center\" data-align=\"center\">18.00<\/td><td>\u015bp. Henryk KORZENIEWSKI<\/td><\/tr><tr><td class=\"has-text-align-center\" data-align=\"center\" rowspan=\"3\"><strong>1 pa\u017adziernika, \u015b<\/strong>roda <br><strong>\u0141k 9, 57-62<\/strong> <br>Na\u015bladowanie Chrystusa wymaga wyrzeczenia <br><strong>\u015bw. Teresy od dzieci\u0105tka Jezus, doktora Ko\u015bcio\u0142a<\/strong> <\/td><td>12.00<\/td><td>\u015bp. Andrzej GDANIEC 1 gr.<\/td><\/tr><tr><td class=\"has-text-align-center\" data-align=\"center\">18.00<\/td><td>\u015bp. Zenon DEREBECKI w 34 r. \u015bmierci<\/td><\/tr><tr><td class=\"has-text-align-center\" data-align=\"center\">18.00<\/td><td>\u015bp. Leokadia MARCHEWKA w 10 r. \u015bmierci<\/td><\/tr><tr><td class=\"has-text-align-center\" data-align=\"center\" rowspan=\"3\"><strong>2 <\/strong><strong>pa\u017adziernika<\/strong><strong>, <\/strong>czwartek <strong>Mt 18, 1-5. 10<\/strong> Anio\u0142owie wpatruj\u0105 si\u0119 w Ojca <strong>\u015bw. Anio\u0142\u00f3w Str\u00f3\u017c\u00f3w<\/strong><\/td><td>12.00<\/td><td>O \u015bwi\u0119te i liczne powo\u0142ania kap\u0142a\u0144skie, zakonne i misyjne oraz o wytrwanie w powo\u0142aniu<\/td><\/tr><tr><td class=\"has-text-align-center\" data-align=\"center\">12.00<\/td><td>\u015bp. Andrzej GDANIEC 2 gr.<\/td><\/tr><tr><td class=\"has-text-align-center\" data-align=\"center\">18.00<\/td><td>O Bo\u017ce b\u0142., i potrzebne \u0142aski dla Czes\u0142awy(k) LESZCZEWICZ w dniu 70 urodzin<\/td><\/tr><tr><td class=\"has-text-align-center\" data-align=\"center\" rowspan=\"4\"><strong>3 pa\u017adziernika, <\/strong>pi\u0105tek <br><strong>\u0141k 10, 13-16<\/strong> <br>Kto gardzi Chrystusem, gardzi tym, kt\u00f3ry go pos\u0142a\u0142<\/td><td>12.00<\/td><td>Za czcicieli N.S.P.J.<\/td><\/tr><tr><td class=\"has-text-align-center\" data-align=\"center\">12.00<\/td><td>\u015bp. Bronis\u0142aw SOBOCI\u0143SKI w 1 r. \u015bmierci<\/td><\/tr><tr><td class=\"has-text-align-center\" data-align=\"center\">18.00<\/td><td>\u015bp. Andrzej GDANIEC 3 gr.<\/td><\/tr><tr><td class=\"has-text-align-center\" data-align=\"center\">18.00<\/td><td>Za czcicieli N.S.P.J.<\/td><\/tr><tr><td class=\"has-text-align-center\" data-align=\"center\" rowspan=\"3\"><strong>4 pa\u017adziernika, <\/strong>sobota <br><strong>\u0141k 10, 17-24<\/strong> <br>Przywileje uczni\u00f3w <strong>\u015bw. Franciszka z Asy\u017cu<\/strong><\/td><td>12.00<\/td><td>\u015bp. Andrzej GDANIEC 4 gr.<\/td><\/tr><tr><td class=\"has-text-align-center\" data-align=\"center\">12.00<\/td><td>O b\u0142. Bo\u017ce, opiek\u0119 \u015bw. Rodziny, owoce i dary Ducha \u015aw. dla ks. Mateusza z okazji imienin i urodzin (int. od Margaretki)<\/td><\/tr><tr><td class=\"has-text-align-center\" data-align=\"center\">18.00<\/td><td>\u015bp. Teresa KACZY\u0143SKA w 2 r. \u015bmierci i zmar\u0142ych z rodziny&nbsp;&nbsp;&nbsp;&nbsp;&nbsp;&nbsp;&nbsp;&nbsp;&nbsp;<\/td><\/tr><tr><td class=\"has-text-align-center\" data-align=\"center\" rowspan=\"6\"><strong>5 pa\u017adziernika<\/strong>, niedziela <br><strong>\u0141k 17, 5-10<\/strong> S\u0142u\u017cy\u0107 z pokor\u0105 <br><strong>XXVII NIEDZIELA ZWYK\u0141A<\/strong><\/td><td>7.30<\/td><td>zm. tajemnic r\u00f3\u017ca\u0144cowych (IV r\u00f3\u017ca)<\/td><\/tr><tr><td class=\"has-text-align-center\" data-align=\"center\">9.00<\/td><td>\u015bp. Andrzej GDANIEC 5 gr.<\/td><\/tr><tr><td class=\"has-text-align-center\" data-align=\"center\">10.30<\/td><td>\u015bp. Edmund, Helena, Adam OKO\u0143SCY<\/td><\/tr><tr><td class=\"has-text-align-center\" data-align=\"center\">12.00<\/td><td>\u015bp. Krzysztof MAGIER w 6 r. \u015bmierci<br>i rodzice: Jadwiga i Stefan IGNATOWICZ<\/td><\/tr><tr><td class=\"has-text-align-center\" data-align=\"center\">18.00<\/td><td>\u015bp. Marek LESZCZEWICZ w 1 r. \u015bmierci<\/td><\/tr><tr><td class=\"has-text-align-center\" data-align=\"center\">20.00<\/td><td>\u015bp. Kazimierz K\u0141OSI\u0143SKI w 30 r. \u015bmierci i zmarli z rodziny<\/td><\/tr><\/tbody><\/table><\/figure>","protected":false},"excerpt":{"rendered":"<p>Intencje mszalne 29.09- 05.10<\/p>\n","protected":false},"author":1,"featured_media":558,"comment_status":"closed","ping_status":"closed","sticky":false,"template":"","format":"standard","meta":{"footnotes":""},"categories":[17],"tags":[],"class_list":["post-557","post","type-post","status-publish","format-standard","has-post-thumbnail","hentry","category-ogloszenia-i-intencje"],"_links":{"self":[{"href":"http:\/\/www.nowa.swrodzina.org\/index.php\/wp-json\/wp\/v2\/posts\/557","targetHints":{"allow":["GET"]}}],"collection":[{"href":"http:\/\/www.nowa.swrodzina.org\/index.php\/wp-json\/wp\/v2\/posts"}],"about":[{"href":"http:\/\/www.nowa.swrodzina.org\/index.php\/wp-json\/wp\/v2\/types\/post"}],"author":[{"embeddable":true,"href":"http:\/\/www.nowa.swrodzina.org\/index.php\/wp-json\/wp\/v2\/users\/1"}],"replies":[{"embeddable":true,"href":"http:\/\/www.nowa.swrodzina.org\/index.php\/wp-json\/wp\/v2\/comments?post=557"}],"version-history":[{"count":1,"href":"http:\/\/www.nowa.swrodzina.org\/index.php\/wp-json\/wp\/v2\/posts\/557\/revisions"}],"predecessor-version":[{"id":559,"href":"http:\/\/www.nowa.swrodzina.org\/index.php\/wp-json\/wp\/v2\/posts\/557\/revisions\/559"}],"wp:featuredmedia":[{"embeddable":true,"href":"http:\/\/www.nowa.swrodzina.org\/index.php\/wp-json\/wp\/v2\/media\/558"}],"wp:attachment":[{"href":"http:\/\/www.nowa.swrodzina.org\/index.php\/wp-json\/wp\/v2\/media?parent=557"}],"wp:term":[{"taxonomy":"category","embeddable":true,"href":"http:\/\/www.nowa.swrodzina.org\/index.php\/wp-json\/wp\/v2\/categories?post=557"},{"taxonomy":"post_tag","embeddable":true,"href":"http:\/\/www.nowa.swrodzina.org\/index.php\/wp-json\/wp\/v2\/tags?post=557"}],"curies":[{"name":"wp","href":"https:\/\/api.w.org\/{rel}","templated":true}]}}