{"id":553,"date":"2025-09-20T18:00:00","date_gmt":"2025-09-20T16:00:00","guid":{"rendered":"https:\/\/www.nowa.swrodzina.org\/?p=553"},"modified":"2025-09-20T11:14:54","modified_gmt":"2025-09-20T09:14:54","slug":"ogloszenia-parafialne-25-niedziela-zwykla","status":"publish","type":"post","link":"http:\/\/www.nowa.swrodzina.org\/index.php\/2025\/09\/20\/ogloszenia-parafialne-25-niedziela-zwykla\/","title":{"rendered":"Og\u0142oszenia Parafialne 25 Niedziela Zwyk\u0142a"},"content":{"rendered":"<ol class=\"wp-block-list\"><li>Dzisiaj celebrujemy 25 niedziel\u0119 zwyk\u0142a. Serdecznie dzi\u0119kujemy za ofiary sk\u0142adane na<br>prace remontowe. W zesz\u0142\u0105 niedziel\u0119 z\u0142o\u017cono wraz z ofiarami na konto parafialne 6272 z\u0142 i<br>jedno euro.<\/li>\n\n<li>W zakrystii mo\u017cna pobra\u0107 karty zg\u0142oszeniowe dla dzieci, kt\u00f3re w roku 2026 przyst\u0105pi\u0105<br>do pierwszej spowiedzi i komunii \u015bwi\u0119tej. Wype\u0142nione karty prosimy odda\u0107 do kancelarii<br>parafialnej lub zakrystii do ko\u0144ca wrze\u015bnia. W naszej parafii uroczysto\u015b\u0107 I komunii \u015bwi\u0119tej<br>odb\u0119dzie si\u0119 w dniu 9 maja 2026 (sobota). Pierwsze spotkanie organizacyjne dla rodzic\u00f3w<br>dzieci pierwszokomunijnych w niedziel\u0119 28 wrze\u015bnia po Mszy \u015awi\u0119tej o 12.00.<\/li>\n\n<li>Do ko\u0144ca wrze\u015bnia trwaj\u0105 zapisy kandydat\u00f3w do bierzmowania z klasy \u00f3smej szko\u0142y<br>podstawowej i starszych u ks. Mateusza. Pierwsze spotkanie os\u00f3b zapisanych odb\u0119dzie si\u0119<br>za tydzie\u0144, w niedziel\u0119 28 wrze\u015bnia o godz. 19.00 w salce parafialnej.<\/li>\n\n<li>W tym tygodniu wspominamy: we wtorek \u015bw. Pio z Pietrelciny, w sobot\u0119 \u015bw. Wincentego a Paulo, prezbitera.<\/li>\n\n<li>Za tydzie\u0144 w niedziel\u0119 (28 wrze\u015bnia) o 16.00 w domu parafialnym odb\u0119dzie si\u0119 spotkanie Rady Parafialnej.<\/li>\n\n<li>Duszpasterstwo M\u0142odzie\u017cy Diecezji Elbl\u0105skiej zaprasza na czuwanie modlitewne m\u0142odzie\u017cy diecezji elbl\u0105skiej do Mi\u0142om\u0142yna, Czuwanie odb\u0119dzie si\u0119 z pi\u0105tku na sobot\u0119 26\/27 wrze\u015bnia. Wyjazd z Elbl\u0105ga o godz. 19.00. Zapisy u ks. Mateusza.<\/li>\n\n<li>Spotkanie scholii dzieci\u0119cej w niedziel\u0119, 28 wrze\u015bnia, o 11.00 w salce parafialnej. Zapraszamy r\u00f3wnie\u017c nowe dzieci, kt\u00f3re by chcia\u0142y \u015bpiewa\u0107.<\/li>\n\n<li>Zosta\u0142o jeszcze 4 miejsc na pielgrzymk\u0119 \u015bladami \u015bw. Paw\u0142a na Malt\u0119 w dniach 19- 25.04.2026 r. Ch\u0119tnych zapraszamy do zapisywania si\u0119 w zakrystii. Ca\u0142y program i koszty pielgrzymki wywieszone s\u0105 na tablicy og\u0142osze\u0144.<\/li>\n\n<li>Za tydzie\u0144 w niedziel\u0119 po mszach \u015bwi\u0119tych b\u0119dzie zbierana puszka na rzecz parafialnego zespo\u0142u Caritas<\/li>\n\n<li>Grupa Al.-Anon dzia\u0142aj\u0105ca przy naszej Parafii zaprasza rodziny i przyjaci\u00f3\u0142 alkoholik\u00f3w na spotkania w ka\u017cdy pi\u0105tek o godz. 18.30 w salce parafialnej.<\/li>\n\n<li>Organizujemy grupowe wyj\u015bcie do Multikina na film pt. \u201eTriumf serca\u201d &#8211; poruszaj\u0105cej<br>opowie\u015bci o sile wiary, przebaczenia i wewn\u0119trznej przemiany. To historia inspirowana<br>prawdziwymi wydarzeniami, ukazuj\u0105ca, jak Bo\u017ca \u0142aska mo\u017ce dotkn\u0105\u0107 nawet najbardziej<br>zagubione serce. To historia \u017cycia i \u015bmierci \u015bw. Maksymiliana Marii Kolbego. Zapraszamy<br>na czwartek 25 wrze\u015bnia na godz. 19.30. Cena biletu 15 z\u0142. Zapisy w zakrystii.<\/li>\n\n<li>Przy wyj\u015bciu z ko\u015bcio\u0142a mo\u017cna naby\u0107 nowe numery prasy katolickiej (Go\u015b\u0107 Niedzielny, Niedziela).<\/li><\/ol><p class=\"has-text-align-center\">W minionym tygodniu odszed\u0142 do wieczno\u015bci:<br>\u015bp. Franciszek Nasarzewski w wieku 77 lat;<br>Wieczny odpoczynek racz mu da\u0107, Panie.<\/p>","protected":false},"excerpt":{"rendered":"<p>Dzisiaj celebrujemy 25 niedziel\u0119 zwyk\u0142a<\/p>\n","protected":false},"author":1,"featured_media":551,"comment_status":"closed","ping_status":"closed","sticky":false,"template":"","format":"standard","meta":{"footnotes":""},"categories":[17],"tags":[],"class_list":["post-553","post","type-post","status-publish","format-standard","has-post-thumbnail","hentry","category-ogloszenia-i-intencje"],"_links":{"self":[{"href":"http:\/\/www.nowa.swrodzina.org\/index.php\/wp-json\/wp\/v2\/posts\/553","targetHints":{"allow":["GET"]}}],"collection":[{"href":"http:\/\/www.nowa.swrodzina.org\/index.php\/wp-json\/wp\/v2\/posts"}],"about":[{"href":"http:\/\/www.nowa.swrodzina.org\/index.php\/wp-json\/wp\/v2\/types\/post"}],"author":[{"embeddable":true,"href":"http:\/\/www.nowa.swrodzina.org\/index.php\/wp-json\/wp\/v2\/users\/1"}],"replies":[{"embeddable":true,"href":"http:\/\/www.nowa.swrodzina.org\/index.php\/wp-json\/wp\/v2\/comments?post=553"}],"version-history":[{"count":3,"href":"http:\/\/www.nowa.swrodzina.org\/index.php\/wp-json\/wp\/v2\/posts\/553\/revisions"}],"predecessor-version":[{"id":556,"href":"http:\/\/www.nowa.swrodzina.org\/index.php\/wp-json\/wp\/v2\/posts\/553\/revisions\/556"}],"wp:featuredmedia":[{"embeddable":true,"href":"http:\/\/www.nowa.swrodzina.org\/index.php\/wp-json\/wp\/v2\/media\/551"}],"wp:attachment":[{"href":"http:\/\/www.nowa.swrodzina.org\/index.php\/wp-json\/wp\/v2\/media?parent=553"}],"wp:term":[{"taxonomy":"category","embeddable":true,"href":"http:\/\/www.nowa.swrodzina.org\/index.php\/wp-json\/wp\/v2\/categories?post=553"},{"taxonomy":"post_tag","embeddable":true,"href":"http:\/\/www.nowa.swrodzina.org\/index.php\/wp-json\/wp\/v2\/tags?post=553"}],"curies":[{"name":"wp","href":"https:\/\/api.w.org\/{rel}","templated":true}]}}