{"id":550,"date":"2025-09-20T17:59:00","date_gmt":"2025-09-20T15:59:00","guid":{"rendered":"https:\/\/www.nowa.swrodzina.org\/?p=550"},"modified":"2025-09-20T11:09:26","modified_gmt":"2025-09-20T09:09:26","slug":"intencje-mszalne-25-niedziela-zwykla","status":"publish","type":"post","link":"http:\/\/www.nowa.swrodzina.org\/index.php\/2025\/09\/20\/intencje-mszalne-25-niedziela-zwykla\/","title":{"rendered":"Intencje Mszalne\u00a025 Niedziela Zwyk\u0142a"},"content":{"rendered":"<figure class=\"wp-block-table\"><table><tbody><tr><td class=\"has-text-align-center\" data-align=\"center\" colspan=\"9\"><strong>Poniedzia\u0142ek,<\/strong> 22 wrze\u015bnia 2025<\/td><\/tr><tr><td class=\"has-text-align-center\" data-align=\"center\" rowspan=\"2\"><strong>\u0141k 8, 16-18<\/strong> <br>Przypowie\u015b\u0107 o lampie<\/td><td>12.00<\/td><td colspan=\"2\">1. <br>2.<\/td><td colspan=\"5\">\u015bp. Marianna i Stanis\u0142aw SZEWCZAK <br>\u015bp. Daniela ZALEWSKA 22 gr.<\/td><\/tr><tr><td class=\"has-text-align-center\" data-align=\"center\">18.00<\/td><td colspan=\"2\">1. <br>2.<\/td><td colspan=\"5\">za parafian <br>za dusze w czy\u015b\u0107cu cierpi\u0105ce \u00a0<\/td><\/tr><tr><td class=\"has-text-align-center\" data-align=\"center\" colspan=\"9\"><strong>Wtorek<\/strong>, 23 wrze\u015bnia 2025<\/td><\/tr><tr><td class=\"has-text-align-center\" data-align=\"center\" rowspan=\"2\"><strong>\u015bw. o. Pio z Pietrelciny, prezbitera<\/strong><br><strong>\u0141k 8, 19-21<\/strong> <br>Krewni Chrystusa<\/td><td>12.00<\/td><td colspan=\"3\">1.<\/td><td colspan=\"4\">\u015bp. Daniela ZALEWSKA 23 gr.<\/td><\/tr><tr><td class=\"has-text-align-center\" data-align=\"center\">18.00<\/td><td colspan=\"3\">1.<\/td><td colspan=\"4\">\u015bp. Stanis\u0142aw CZAJA w 20 r. \u015bmierci<\/td><\/tr><tr><td class=\"has-text-align-center\" data-align=\"center\" colspan=\"9\"><strong>\u015aroda<\/strong>, 24 wrze\u015bnia 2025<\/td><\/tr><tr><td class=\"has-text-align-center\" data-align=\"center\" rowspan=\"2\"><strong>\u0141k 9, 1-6<\/strong> <br>Rozes\u0142anie Dwunastu<\/td><td>12.00<\/td><td colspan=\"3\">1.<\/td><td colspan=\"4\">\u015bp. Daniela ZALEWSKA 24 gr.<\/td><\/tr><tr><td class=\"has-text-align-center\" data-align=\"center\">18.00<\/td><td colspan=\"3\">1. <br>2.<\/td><td colspan=\"4\">\u015bp. Maria SOBO\u0143 <br>\u015bp. Anna, Jozef WIRTHNER &#8211; MUTTER<\/td><\/tr><tr><td class=\"has-text-align-center\" data-align=\"center\" colspan=\"9\"><strong>Czwartek<\/strong>, 25 wrze\u015bnia 2025<\/td><\/tr><tr><td class=\"has-text-align-center\" data-align=\"center\" rowspan=\"2\"><strong>\u0141k 9, 7-9<\/strong> <br>Herod chce zobaczy\u0107 Jezusa<\/td><td>12.00<\/td><td colspan=\"3\">1.<br>2.<\/td><td colspan=\"4\">\u015bp. Daniela ZALEWSKA 25 gr. <br>\u015bp. Stanis\u0142awa(k) i J\u00f3zef MOROZ oraz zmarli z obojga stron<\/td><\/tr><tr><td class=\"has-text-align-center\" data-align=\"center\">18.00<\/td><td colspan=\"3\">1.<\/td><td colspan=\"4\">\u015bp. Zenobia (k) PAWLUKIEWICZ w 4 r. \u015bmierci<\/td><\/tr><tr><td class=\"has-text-align-center\" data-align=\"center\" colspan=\"9\"><strong>Pi\u0105tek<\/strong>, 26 wrze\u015bnia 2025<\/td><\/tr><tr><td class=\"has-text-align-center\" data-align=\"center\" rowspan=\"2\"><strong>\u0141k 9, 18-22<\/strong> <br>Wyznanie Piotra<br>i zapowied\u017a m\u0119ki Jezusa<\/td><td colspan=\"2\">12.00<\/td><td colspan=\"3\">1.<br>2.<\/td><td colspan=\"3\">Za czcicieli Mi\u0142osierdzia Bo\u017cego <br>\u015bp. Daniela ZALEWSKA 26 gr.<\/td><\/tr><tr><td class=\"has-text-align-center\" data-align=\"center\" colspan=\"2\">18.00<\/td><td colspan=\"3\">1.<\/td><td colspan=\"3\">Za czcicieli &nbsp;Mi\u0142osierdzia Bo\u017cego<\/td><\/tr><tr><td class=\"has-text-align-center\" data-align=\"center\" colspan=\"9\"><strong>Sobota<\/strong>, 27 wrze\u015bnia 2025<\/td><\/tr><tr><td class=\"has-text-align-center\" data-align=\"center\" rowspan=\"2\"><strong>\u015bw. Wincentego a Paulo<br>\u0141k 9, 43-45<\/strong><br>Druga zapowied\u017a m\u0119ki Jezusa<\/td><td>12.00<\/td><td colspan=\"5\">&nbsp;<\/td><td>\u015bp. Daniela ZALEWSKA 27 gr.<\/td><td>&nbsp;<\/td><\/tr><tr><td class=\"has-text-align-center\" data-align=\"center\">18.00<\/td><td colspan=\"5\">&nbsp;<\/td><td>\u015bp. Marta MAGHRY (czyt. Machery)<\/td><td>&nbsp;<\/td><\/tr><tr><td class=\"has-text-align-center\" data-align=\"center\" colspan=\"9\"><strong>Niedziela, <\/strong>28 wrze\u015bnia 2025<\/td><\/tr><tr><td class=\"has-text-align-center\" data-align=\"center\" rowspan=\"6\"><strong>XXVI NIEDZIELA ZWYK\u0141A<\/strong> <strong>\u00a0<\/strong> <br><strong>\u0141k 16, 19-31<\/strong> <br>Przypowie\u015b\u0107 o \u0141azarzu<br>i bogaczu<\/td><td>07.30<\/td><td colspan=\"7\">za Parafian<\/td><\/tr><tr><td class=\"has-text-align-center\" data-align=\"center\">09.00<\/td><td colspan=\"7\">\u015bp. Daniela ZALEWSKA 28 gr.<\/td><\/tr><tr><td class=\"has-text-align-center\" data-align=\"center\">10.30<\/td><td colspan=\"7\">\u015bp. Ksenia i Czes\u0142aw DRYWA w 7 r. \u015bmierci i zmarli z rodziny<\/td><\/tr><tr><td class=\"has-text-align-center\" data-align=\"center\">12.00<\/td><td colspan=\"7\">O Bo\u017ce b\u0142. i potrzebne \u0142aski dla Jakuba i Mi\u0142osza z okazji urodzin<\/td><\/tr><tr><td class=\"has-text-align-center\" data-align=\"center\">18.00<\/td><td colspan=\"7\">\u015bp. Jan, Piotr, Miros\u0142aw, Gertruda BIA\u0141KOWSCY<\/td><\/tr><tr><td class=\"has-text-align-center\" data-align=\"center\">20.00<\/td><td colspan=\"7\">&nbsp;<\/td><\/tr><\/tbody><\/table><\/figure>","protected":false},"excerpt":{"rendered":"<p>Intencje mszalne 22.09- 28.09<\/p>\n","protected":false},"author":1,"featured_media":551,"comment_status":"closed","ping_status":"closed","sticky":false,"template":"","format":"standard","meta":{"footnotes":""},"categories":[17],"tags":[],"class_list":["post-550","post","type-post","status-publish","format-standard","has-post-thumbnail","hentry","category-ogloszenia-i-intencje"],"_links":{"self":[{"href":"http:\/\/www.nowa.swrodzina.org\/index.php\/wp-json\/wp\/v2\/posts\/550","targetHints":{"allow":["GET"]}}],"collection":[{"href":"http:\/\/www.nowa.swrodzina.org\/index.php\/wp-json\/wp\/v2\/posts"}],"about":[{"href":"http:\/\/www.nowa.swrodzina.org\/index.php\/wp-json\/wp\/v2\/types\/post"}],"author":[{"embeddable":true,"href":"http:\/\/www.nowa.swrodzina.org\/index.php\/wp-json\/wp\/v2\/users\/1"}],"replies":[{"embeddable":true,"href":"http:\/\/www.nowa.swrodzina.org\/index.php\/wp-json\/wp\/v2\/comments?post=550"}],"version-history":[{"count":1,"href":"http:\/\/www.nowa.swrodzina.org\/index.php\/wp-json\/wp\/v2\/posts\/550\/revisions"}],"predecessor-version":[{"id":552,"href":"http:\/\/www.nowa.swrodzina.org\/index.php\/wp-json\/wp\/v2\/posts\/550\/revisions\/552"}],"wp:featuredmedia":[{"embeddable":true,"href":"http:\/\/www.nowa.swrodzina.org\/index.php\/wp-json\/wp\/v2\/media\/551"}],"wp:attachment":[{"href":"http:\/\/www.nowa.swrodzina.org\/index.php\/wp-json\/wp\/v2\/media?parent=550"}],"wp:term":[{"taxonomy":"category","embeddable":true,"href":"http:\/\/www.nowa.swrodzina.org\/index.php\/wp-json\/wp\/v2\/categories?post=550"},{"taxonomy":"post_tag","embeddable":true,"href":"http:\/\/www.nowa.swrodzina.org\/index.php\/wp-json\/wp\/v2\/tags?post=550"}],"curies":[{"name":"wp","href":"https:\/\/api.w.org\/{rel}","templated":true}]}}