{"id":547,"date":"2025-09-13T18:00:00","date_gmt":"2025-09-13T16:00:00","guid":{"rendered":"https:\/\/www.nowa.swrodzina.org\/?p=547"},"modified":"2025-09-13T07:51:06","modified_gmt":"2025-09-13T05:51:06","slug":"ogloszenia-parafialne-24-niedziela-zwykla","status":"publish","type":"post","link":"http:\/\/www.nowa.swrodzina.org\/index.php\/2025\/09\/13\/ogloszenia-parafialne-24-niedziela-zwykla\/","title":{"rendered":"Og\u0142oszenia Parafialne 24 Niedziela Zwyk\u0142a"},"content":{"rendered":"<p><\/p><ol class=\"wp-block-list\"><li>Dzisiaj celebrujemy \u015awi\u0119to Podwy\u017cszenia Krzy\u017ca \u015bwi\u0119tego i 24 niedziel\u0119 zwyk\u0142a.<\/li><\/ol><ol start=\"2\" class=\"wp-block-list\"><li>Ofiary sk\u0142adane w czasie Mszy \u015bw.<br>s\u0105 przeznaczone na prace remontowe. Wszystkim ofiarodawcom serdecznie dzi\u0119kujemy.<\/li>\n\n<li>W zakrystii mo\u017cna pobra\u0107 karty zg\u0142oszeniowe dla dzieci, kt\u00f3re w roku 2025 przyst\u0105pi\u0105 do pierwszej spowiedzi i komunii \u015bwi\u0119tej. Wype\u0142nione karty prosimy odda\u0107 do kancelarii parafialnej lub zakrystii do ko\u0144ca wrze\u015bnia. W naszej parafii uroczysto\u015b\u0107 I komunii \u015bwi\u0119tej odb\u0119dzie si\u0119 w dniu 9 maja 2026 (sobota). Pierwsze spotkanie organizacyjne dla rodzic\u00f3w dzieci pierwszokomunijnych w niedziel\u0119 28 wrze\u015bnia po Mszy \u015awi\u0119tej o 12.00.<\/li>\n\n<li>Zapisy kandydat\u00f3w do bierzmowania z klasy \u00f3smej szko\u0142y podstawowej i starszych u ks. Mateusza do ko\u0144ca wrze\u015bnia. Spotkanie kandydat\u00f3w do bierzmowania rok II, we wtorek 16 wrze\u015bnia o godz. 19.00 w salce parafialnej. Prosz\u0119 przynie\u015b\u0107 ze sob\u0105 indeksy.<\/li>\n\n<li>W tym tygodniu wspominamy: w poniedzia\u0142ek wspomnienie Naj\u015bwi\u0119tszej Maryi Panny Bolesnej, we wtorek \u015bwi\u0119tych m\u0119czennik\u00f3w Korneliusza, papie\u017ca, i Cypriana, biskupa, we czwartek \u015awi\u0119to \u015bw. Stanis\u0142awa Kostki, zakonnika; w sobot\u0119 wspomnienie \u015bwi\u0119tych m\u0119czennik\u00f3w Andrzeja, prezbitera, Paw\u0142a i Towarzyszy.<\/li>\n\n<li>Dzi\u0119kujemy za Wasz udzia\u0142 w pielgrzymce do Gietrzwa\u0142du, do sanktuarium jubileuszowego w Roku \u015awi\u0119tym, do miejsca objawie\u0144 Matki Bo\u017cej.<\/li>\n\n<li>Dzi\u0119kujemy za w\u0142\u0105czenie si\u0119 w akcje przekazania elektro-\u015bmieci na rzecz polskich misjonarzy. Wszystkie zebrane rzeczy zosta\u0142y przekazane firmie, kt\u00f3ra dokona rozbi\u00f3rki tych rzeczy i przeka\u017ce \u015brodki uzyskane z ich recyklingu na wsparcie misjonarzy.<\/li>\n\n<li>Duszpasterstwo M\u0142odzie\u017cy Diecezji Elbl\u0105skiej zaprasza na kolejne, czuwanie m\u0142odzie\u017cy diecezji elbl\u0105skiej w Mi\u0142om\u0142ynie kt\u00f3re odb\u0119dzie si\u0119 z pi\u0105tku na sobot\u0119 26\/27 wrze\u015bnia. Wyjazd z Elbl\u0105ga by\u0142yby o godz. 19.00. Wi\u0119cej informacji u ks. Mateusza.<\/li>\n\n<li>Spotkanie scholii dzieci\u0119cej w niedziel\u0119, 21 wrze\u015bnia, o 11.00 w salce parafialnej. Zapraszamy r\u00f3wnie\u017c nowe dzieci, kt\u00f3re by chcia\u0142y \u015bpiewa\u0107.<\/li>\n\n<li>Zosta\u0142o jeszcze 8 miejsc na pielgrzymk\u0119 \u015bladami \u015bw. Paw\u0142a na Malt\u0119 w dniach 19-25.04.2026 r. Ch\u0119tnych zapraszamy do zapisywania si\u0119 w zakrystii. Ca\u0142y program i koszty pielgrzymki wywieszone s\u0105 na tablicy og\u0142osze\u0144.<\/li>\n\n<li>Grupa Al.-Anon dzia\u0142aj\u0105ca przy naszej Parafii zaprasza rodziny i przyjaci\u00f3\u0142 alkoholik\u00f3w na spotkania w ka\u017cdy pi\u0105tek o godz. 18.30 w salce parafialnej.<\/li>\n\n<li>Poradnia rodzinna miesz\u0105ca si\u0119 przy Caritas Diecezji Elbl\u0105skiej, ul. Zamkowa 17, zapewnia wsparcie pedagogiczne, psychologiczne osobom doros\u0142ym i rodzinom w ka\u017cd\u0105 \u015brod\u0119 w godz. 15.00-17.00.<\/li>\n\n<li>Przy wyj\u015bciu z ko\u015bcio\u0142a mo\u017cna naby\u0107 nowe numery prasy katolickiej <em>(Go\u015b\u0107 Niedzielny<\/em>,<em> Niedziela<\/em>).<\/li><\/ol><p class=\"has-text-align-center\"><strong>W minionym tygodniu odeszli do wieczno\u015bci:<\/strong><\/p><p class=\"has-text-align-center\">\u015bp. Dorota KOWALSKA-ZAGRODNIK w wieku 52 lat;<\/p><p class=\"has-text-align-center\">\u015bp. Higina CZESZEJKO w wieku 94 lat.<\/p><p class=\"has-text-align-center\"><em>Wieczny odpoczynek racz Im da\u0107 Panie<\/em><\/p>","protected":false},"excerpt":{"rendered":"<p>Dzisiaj celebrujemy \u015awi\u0119to Podwy\u017cszenia Krzy\u017ca \u015bwi\u0119tego i 24 niedziel\u0119 zwyk\u0142a<\/p>\n","protected":false},"author":1,"featured_media":545,"comment_status":"closed","ping_status":"closed","sticky":false,"template":"","format":"standard","meta":{"footnotes":""},"categories":[17],"tags":[],"class_list":["post-547","post","type-post","status-publish","format-standard","has-post-thumbnail","hentry","category-ogloszenia-i-intencje"],"_links":{"self":[{"href":"http:\/\/www.nowa.swrodzina.org\/index.php\/wp-json\/wp\/v2\/posts\/547","targetHints":{"allow":["GET"]}}],"collection":[{"href":"http:\/\/www.nowa.swrodzina.org\/index.php\/wp-json\/wp\/v2\/posts"}],"about":[{"href":"http:\/\/www.nowa.swrodzina.org\/index.php\/wp-json\/wp\/v2\/types\/post"}],"author":[{"embeddable":true,"href":"http:\/\/www.nowa.swrodzina.org\/index.php\/wp-json\/wp\/v2\/users\/1"}],"replies":[{"embeddable":true,"href":"http:\/\/www.nowa.swrodzina.org\/index.php\/wp-json\/wp\/v2\/comments?post=547"}],"version-history":[{"count":1,"href":"http:\/\/www.nowa.swrodzina.org\/index.php\/wp-json\/wp\/v2\/posts\/547\/revisions"}],"predecessor-version":[{"id":548,"href":"http:\/\/www.nowa.swrodzina.org\/index.php\/wp-json\/wp\/v2\/posts\/547\/revisions\/548"}],"wp:featuredmedia":[{"embeddable":true,"href":"http:\/\/www.nowa.swrodzina.org\/index.php\/wp-json\/wp\/v2\/media\/545"}],"wp:attachment":[{"href":"http:\/\/www.nowa.swrodzina.org\/index.php\/wp-json\/wp\/v2\/media?parent=547"}],"wp:term":[{"taxonomy":"category","embeddable":true,"href":"http:\/\/www.nowa.swrodzina.org\/index.php\/wp-json\/wp\/v2\/categories?post=547"},{"taxonomy":"post_tag","embeddable":true,"href":"http:\/\/www.nowa.swrodzina.org\/index.php\/wp-json\/wp\/v2\/tags?post=547"}],"curies":[{"name":"wp","href":"https:\/\/api.w.org\/{rel}","templated":true}]}}